{"id":2951,"date":"2022-02-12T22:59:33","date_gmt":"2022-02-12T22:59:33","guid":{"rendered":"https:\/\/mappingspain.com\/la-mezquita-de-cordoba-y-lo-que-no-veras-ahora\/"},"modified":"2025-10-29T17:12:29","modified_gmt":"2025-10-29T17:12:29","slug":"la-mezquita-de-cordoba-y-lo-que-no-veras-ahora","status":"publish","type":"post","link":"https:\/\/mappingspain.com\/es\/la-mezquita-de-cordoba-y-lo-que-no-veras-ahora\/","title":{"rendered":"La Mezquita de C\u00f3rdoba"},"content":{"rendered":"\n<p><mark style=\"background-color:rgba(0, 0, 0, 0);color:#f8fafb\" class=\"has-inline-color\">La Mezquita de C\u00f3rdoba.<\/mark><\/p>\n\n\n\n<p>Hemos visitado la Mezquita varias veces; para nosotros, es el edificio m\u00e1s espectacular de Espa\u00f1a. Es <a href=\"https:\/\/whc.unesco.org\/en\/list\/313\" target=\"_blank\" rel=\"noreferrer noopener\">Patrimonio de la Humanidad por la UNESCO<\/a>, uno de los <a href=\"https:\/\/simple.wikipedia.org\/wiki\/12_Treasures_of_Spain\" target=\"_blank\" rel=\"noreferrer noopener\">12 Tesoros de Espa\u00f1a<\/a> y una de las 3 principales atracciones de Andaluc\u00eda (junto con la Alhambra de Granada y el Real Alc\u00e1zar de Sevilla). Tambi\u00e9n es uno de los mejores ejemplos de arquitectura isl\u00e1mica en Espa\u00f1a.<\/p>\n\n\n\n<div style=\"height:45px\" aria-hidden=\"true\" class=\"wp-block-spacer\"><\/div>\n\n\n\n<h3 class=\"wp-block-heading\">La Historia de la Mezquita de C\u00f3rdoba<\/h3>\n\n\n\n<p>Cuando los \u00e1rabes conquistaron Espa\u00f1a en el siglo VIII, decidieron construir una mezquita. Tardaron 200 a\u00f1os en completar la mezquita en su forma actual. En 1236, cuando las fuerzas cristianas tomaron C\u00f3rdoba durante la Reconquista, convirtieron parte de la mezquita en catedral. As\u00ed, aunque ahora es oficialmente la Catedral Cat\u00f3lica de Nuestra Se\u00f1ora de la Asunci\u00f3n, es una incre\u00edble mezcla de estilos cristiano y morisco.<\/p>\n\n\n\n<p>El lugar ha generado controversia. Los musulmanes han solicitado poder rezar en la Mezquita y se les ha negado. Esto ha provocado peleas y heridos. La iglesia y la ciudad de C\u00f3rdoba tambi\u00e9n han discutido sobre el nombre del edificio. Por eso el lugar tiene diferentes nombres. Adem\u00e1s del nombre oficial de \u00abCatedral de Nuestra Se\u00f1ora de la Asunci\u00f3n\u00bb, se conoce com\u00fanmente como \u00abMezquita de C\u00f3rdoba\u00bb, \u00abCatedral de C\u00f3rdoba\u00bb o \u00abCatedral de la Mezquita de C\u00f3rdoba\u00bb (nombre acordado tras la disputa entre la ciudad y la iglesia). Me he limitado a llamarlo simplemente la Mezquita, que es como la mayor\u00eda de los lugare\u00f1os llaman al lugar.<\/p>\n\n\n\n<p><strong><em>Vea nuestro v\u00eddeo y fotos de la Mezquita a continuaci\u00f3n.<\/em><\/strong><\/p>\n\n\n\n<div style=\"height:52px\" aria-hidden=\"true\" class=\"wp-block-spacer\"><\/div>\n\n\n<p><iframe loading=\"lazy\" title=\"YouTube video player\" src=\"https:\/\/www.youtube.com\/embed\/f-atIMT1g9Y\" width=\"800\" height=\"450\" frameborder=\"0\" allowfullscreen=\"allowfullscreen\"><\/iframe><\/p>\n<hr \/>\n<div class=\"content_hint\">\u00a0<\/div>\n<hr \/>\n\n\n<figure class=\"wp-block-image size-large\"><img decoding=\"async\" width=\"1024\" height=\"683\" src=\"http:\/\/mappingspain.com\/wp-content\/uploads\/2022\/02\/Visiting-the-Mezquita-in-Cordoba-1-1024x683.jpg\" alt=\"La Mezquita de C\u00f3rdoba.\" class=\"wp-image-2071\" title=\"La Mezquita de C\u00f3rdoba.\" srcset=\"https:\/\/mappingspain.com\/wp-content\/uploads\/2022\/02\/Visiting-the-Mezquita-in-Cordoba-1-1024x683.jpg 1024w, https:\/\/mappingspain.com\/wp-content\/uploads\/2022\/02\/Visiting-the-Mezquita-in-Cordoba-1-300x200.jpg 300w, https:\/\/mappingspain.com\/wp-content\/uploads\/2022\/02\/Visiting-the-Mezquita-in-Cordoba-1-768x512.jpg 768w, https:\/\/mappingspain.com\/wp-content\/uploads\/2022\/02\/Visiting-the-Mezquita-in-Cordoba-1-600x400.jpg 600w, https:\/\/mappingspain.com\/wp-content\/uploads\/2022\/02\/Visiting-the-Mezquita-in-Cordoba-1.jpg 1200w\" sizes=\"(max-width: 1024px) 100vw, 1024px\" \/><figcaption class=\"wp-element-caption\"><em>El Mirab es un nicho semicircular en la pared que indica la direcci\u00f3n de La Meca y la direcci\u00f3n en la que deben mirar los musulmanes al orar. Est\u00e1 decorado con cubos de mosaico dorado y una c\u00fapula construida con un solo bloque de m\u00e1rmol blanco.<\/em><\/figcaption><\/figure>\n\n\n\n<figure class=\"wp-block-image size-large\"><img decoding=\"async\" width=\"1024\" height=\"649\" src=\"http:\/\/mappingspain.com\/wp-content\/uploads\/2022\/02\/Visiting-the-Mezquita-in-Cordoba-3-1024x649.jpg\" alt=\"La Mezquita de C\u00f3rdoba.\" class=\"wp-image-2072\" title=\"La Mezquita de C\u00f3rdoba.\" srcset=\"https:\/\/mappingspain.com\/wp-content\/uploads\/2022\/02\/Visiting-the-Mezquita-in-Cordoba-3-1024x649.jpg 1024w, https:\/\/mappingspain.com\/wp-content\/uploads\/2022\/02\/Visiting-the-Mezquita-in-Cordoba-3-300x190.jpg 300w, https:\/\/mappingspain.com\/wp-content\/uploads\/2022\/02\/Visiting-the-Mezquita-in-Cordoba-3-768x487.jpg 768w, https:\/\/mappingspain.com\/wp-content\/uploads\/2022\/02\/Visiting-the-Mezquita-in-Cordoba-3.jpg 1200w\" sizes=\"(max-width: 1024px) 100vw, 1024px\" \/><figcaption class=\"wp-element-caption\">La Mezquita tiene 856 columnas de m\u00e1rmol con arcos rojos y blancos y cubren 120 metros cuadrados, lo que convierte a la Mezquita en una de las mezquitas m\u00e1s grandes del mundo.<\/figcaption><\/figure>\n\n\n\n<figure class=\"wp-block-image size-large\"><img decoding=\"async\" width=\"1024\" height=\"683\" src=\"http:\/\/mappingspain.com\/wp-content\/uploads\/2022\/02\/Visiting-the-Mezquita-in-Cordoba-10-1024x683.jpg\" alt=\"La Mezquita de C\u00f3rdoba. \" class=\"wp-image-2073\" title=\"La Mezquita de C\u00f3rdoba. \" srcset=\"https:\/\/mappingspain.com\/wp-content\/uploads\/2022\/02\/Visiting-the-Mezquita-in-Cordoba-10-1024x683.jpg 1024w, https:\/\/mappingspain.com\/wp-content\/uploads\/2022\/02\/Visiting-the-Mezquita-in-Cordoba-10-300x200.jpg 300w, https:\/\/mappingspain.com\/wp-content\/uploads\/2022\/02\/Visiting-the-Mezquita-in-Cordoba-10-768x512.jpg 768w, https:\/\/mappingspain.com\/wp-content\/uploads\/2022\/02\/Visiting-the-Mezquita-in-Cordoba-10-600x400.jpg 600w, https:\/\/mappingspain.com\/wp-content\/uploads\/2022\/02\/Visiting-the-Mezquita-in-Cordoba-10.jpg 1200w\" sizes=\"(max-width: 1024px) 100vw, 1024px\" \/><figcaption class=\"wp-element-caption\">(arriba y abajo) La luz brilla a trav\u00e9s de las vidrieras y le da color a la Mezquita<\/figcaption><\/figure>\n\n\n<hr>\n<div class=\"content_hint\">&nbsp;<\/div>\n<hr>\n\n\n<figure class=\"wp-block-image size-large\"><img decoding=\"async\" width=\"1024\" height=\"648\" src=\"http:\/\/mappingspain.com\/wp-content\/uploads\/2022\/02\/The-Mezquita-1024x648.jpg\" alt=\"\" class=\"wp-image-2074\" srcset=\"https:\/\/mappingspain.com\/wp-content\/uploads\/2022\/02\/The-Mezquita-1024x648.jpg 1024w, https:\/\/mappingspain.com\/wp-content\/uploads\/2022\/02\/The-Mezquita-300x190.jpg 300w, https:\/\/mappingspain.com\/wp-content\/uploads\/2022\/02\/The-Mezquita-768x486.jpg 768w, https:\/\/mappingspain.com\/wp-content\/uploads\/2022\/02\/The-Mezquita.jpg 1200w\" sizes=\"(max-width: 1024px) 100vw, 1024px\" \/><\/figure>\n\n\n\n<figure class=\"wp-block-image size-large\"><img decoding=\"async\" width=\"1024\" height=\"620\" src=\"http:\/\/mappingspain.com\/wp-content\/uploads\/2022\/02\/Visiting-the-Mezquita-in-Cordoba-Spain-1-1024x620.jpg\" alt=\"arcos de la Mezquita\" class=\"wp-image-2075\" title=\"arcos de la Mezquita\" srcset=\"https:\/\/mappingspain.com\/wp-content\/uploads\/2022\/02\/Visiting-the-Mezquita-in-Cordoba-Spain-1-1024x620.jpg 1024w, https:\/\/mappingspain.com\/wp-content\/uploads\/2022\/02\/Visiting-the-Mezquita-in-Cordoba-Spain-1-300x182.jpg 300w, https:\/\/mappingspain.com\/wp-content\/uploads\/2022\/02\/Visiting-the-Mezquita-in-Cordoba-Spain-1-768x465.jpg 768w, https:\/\/mappingspain.com\/wp-content\/uploads\/2022\/02\/Visiting-the-Mezquita-in-Cordoba-Spain-1.jpg 1200w\" sizes=\"(max-width: 1024px) 100vw, 1024px\" \/><figcaption class=\"wp-element-caption\">Los muchos arcos de la Mezquita<\/figcaption><\/figure>\n\n\n\n<div style=\"height:27px\" aria-hidden=\"true\" class=\"wp-block-spacer\"><\/div>\n\n\n\n<p><strong>De repente, en medio de la Mezquita, te encuentras en una catedral.<\/strong> Cuando los cat\u00f3licos reconquistaron Espa\u00f1a en 1236 decidieron construirlo aqu\u00ed mismo.<\/p>\n\n\n\n<figure class=\"wp-block-image size-large\"><img decoding=\"async\" width=\"1024\" height=\"683\" src=\"http:\/\/mappingspain.com\/wp-content\/uploads\/2022\/02\/Visiting-the-Mezquita-in-Cordoba-8-1024x683.jpg\" alt=\"Catedral en la Mezquita\" class=\"wp-image-2076\" title=\"Catedral en la Mezquita\" srcset=\"https:\/\/mappingspain.com\/wp-content\/uploads\/2022\/02\/Visiting-the-Mezquita-in-Cordoba-8-1024x683.jpg 1024w, https:\/\/mappingspain.com\/wp-content\/uploads\/2022\/02\/Visiting-the-Mezquita-in-Cordoba-8-300x200.jpg 300w, https:\/\/mappingspain.com\/wp-content\/uploads\/2022\/02\/Visiting-the-Mezquita-in-Cordoba-8-768x512.jpg 768w, https:\/\/mappingspain.com\/wp-content\/uploads\/2022\/02\/Visiting-the-Mezquita-in-Cordoba-8-600x400.jpg 600w, https:\/\/mappingspain.com\/wp-content\/uploads\/2022\/02\/Visiting-the-Mezquita-in-Cordoba-8.jpg 1200w\" sizes=\"(max-width: 1024px) 100vw, 1024px\" \/><figcaption class=\"wp-element-caption\">El techo de la Catedral<\/figcaption><\/figure>\n\n\n\n<figure class=\"wp-block-image size-large\"><img decoding=\"async\" width=\"1024\" height=\"683\" src=\"http:\/\/mappingspain.com\/wp-content\/uploads\/2022\/02\/Visiting-the-Mezquita-in-Cordoba-7-1024x683.jpg\" alt=\"\" class=\"wp-image-2077\" srcset=\"https:\/\/mappingspain.com\/wp-content\/uploads\/2022\/02\/Visiting-the-Mezquita-in-Cordoba-7-1024x683.jpg 1024w, https:\/\/mappingspain.com\/wp-content\/uploads\/2022\/02\/Visiting-the-Mezquita-in-Cordoba-7-300x200.jpg 300w, https:\/\/mappingspain.com\/wp-content\/uploads\/2022\/02\/Visiting-the-Mezquita-in-Cordoba-7-768x512.jpg 768w, https:\/\/mappingspain.com\/wp-content\/uploads\/2022\/02\/Visiting-the-Mezquita-in-Cordoba-7-600x400.jpg 600w, https:\/\/mappingspain.com\/wp-content\/uploads\/2022\/02\/Visiting-the-Mezquita-in-Cordoba-7.jpg 1200w\" sizes=\"(max-width: 1024px) 100vw, 1024px\" \/><figcaption class=\"wp-element-caption\">Secci\u00f3n del Coro de la Catedral<\/figcaption><\/figure>\n\n\n\n<div style=\"height:47px\" aria-hidden=\"true\" class=\"wp-block-spacer\"><\/div>\n\n\n\n<p>Pero para nosotros es la mezquita, no la catedral, lo que hace que la Mezquita se destaque. Algunas im\u00e1genes m\u00e1s<\/p>\n\n\n\n<figure class=\"wp-block-image size-large\"><img decoding=\"async\" width=\"1024\" height=\"580\" src=\"http:\/\/mappingspain.com\/wp-content\/uploads\/2022\/02\/Visiting-the-Mezquita-in-Cordoba-6-1024x580.jpg\" alt=\"La Mezquita\" class=\"wp-image-2078\" title=\"La Mezquita\" srcset=\"https:\/\/mappingspain.com\/wp-content\/uploads\/2022\/02\/Visiting-the-Mezquita-in-Cordoba-6-1024x580.jpg 1024w, https:\/\/mappingspain.com\/wp-content\/uploads\/2022\/02\/Visiting-the-Mezquita-in-Cordoba-6-300x170.jpg 300w, https:\/\/mappingspain.com\/wp-content\/uploads\/2022\/02\/Visiting-the-Mezquita-in-Cordoba-6-768x435.jpg 768w, https:\/\/mappingspain.com\/wp-content\/uploads\/2022\/02\/Visiting-the-Mezquita-in-Cordoba-6.jpg 1200w\" sizes=\"(max-width: 1024px) 100vw, 1024px\" \/><\/figure>\n\n\n\n<figure class=\"wp-block-image size-large\"><img decoding=\"async\" width=\"1024\" height=\"683\" src=\"http:\/\/mappingspain.com\/wp-content\/uploads\/2022\/02\/Visiting-the-Mezquita-in-Cordoba-13-1024x683.jpg\" alt=\"Mirab en la Mezquita\" class=\"wp-image-2079\" title=\"Mirab en la Mezquita\" srcset=\"https:\/\/mappingspain.com\/wp-content\/uploads\/2022\/02\/Visiting-the-Mezquita-in-Cordoba-13-1024x683.jpg 1024w, https:\/\/mappingspain.com\/wp-content\/uploads\/2022\/02\/Visiting-the-Mezquita-in-Cordoba-13-300x200.jpg 300w, https:\/\/mappingspain.com\/wp-content\/uploads\/2022\/02\/Visiting-the-Mezquita-in-Cordoba-13-768x512.jpg 768w, https:\/\/mappingspain.com\/wp-content\/uploads\/2022\/02\/Visiting-the-Mezquita-in-Cordoba-13-600x400.jpg 600w, https:\/\/mappingspain.com\/wp-content\/uploads\/2022\/02\/Visiting-the-Mezquita-in-Cordoba-13.jpg 1200w\" sizes=\"(max-width: 1024px) 100vw, 1024px\" \/><figcaption class=\"wp-element-caption\">(arriba y abajo) De regreso en el Mirab. Incre\u00edble belleza y pocos turistas en esta visita.<\/figcaption><\/figure>\n\n\n<hr>\n<div class=\"content_hint\">&nbsp;<\/div>\n<hr>\n\n<div class=\"wp-block-image\">\n<figure class=\"aligncenter size-large is-resized\"><img decoding=\"async\" width=\"683\" height=\"1024\" src=\"http:\/\/mappingspain.com\/wp-content\/uploads\/2022\/02\/Visiting-the-Mezquita-in-Cordoba-14-683x1024.jpg\" alt=\"Mirab en la Mezquita\" class=\"wp-image-2080\" style=\"width:1024px\" title=\"Mirab en la Mezquita\" srcset=\"https:\/\/mappingspain.com\/wp-content\/uploads\/2022\/02\/Visiting-the-Mezquita-in-Cordoba-14-683x1024.jpg 683w, https:\/\/mappingspain.com\/wp-content\/uploads\/2022\/02\/Visiting-the-Mezquita-in-Cordoba-14-200x300.jpg 200w, https:\/\/mappingspain.com\/wp-content\/uploads\/2022\/02\/Visiting-the-Mezquita-in-Cordoba-14-768x1152.jpg 768w, https:\/\/mappingspain.com\/wp-content\/uploads\/2022\/02\/Visiting-the-Mezquita-in-Cordoba-14.jpg 800w\" sizes=\"(max-width: 683px) 100vw, 683px\" \/><\/figure>\n<\/div>\n\n\n<figure class=\"wp-block-image size-large\"><img decoding=\"async\" width=\"1024\" height=\"643\" src=\"http:\/\/mappingspain.com\/wp-content\/uploads\/2022\/02\/Visiting-the-Mezquita-in-Cordoba-5-1024x643.jpg\" alt=\"La Mezquita de C\u00f3rdoba.\" class=\"wp-image-2081\" title=\"La Mezquita de C\u00f3rdoba.\" srcset=\"https:\/\/mappingspain.com\/wp-content\/uploads\/2022\/02\/Visiting-the-Mezquita-in-Cordoba-5-1024x643.jpg 1024w, https:\/\/mappingspain.com\/wp-content\/uploads\/2022\/02\/Visiting-the-Mezquita-in-Cordoba-5-300x189.jpg 300w, https:\/\/mappingspain.com\/wp-content\/uploads\/2022\/02\/Visiting-the-Mezquita-in-Cordoba-5-768x483.jpg 768w, https:\/\/mappingspain.com\/wp-content\/uploads\/2022\/02\/Visiting-the-Mezquita-in-Cordoba-5.jpg 1200w\" sizes=\"(max-width: 1024px) 100vw, 1024px\" \/><\/figure>\n\n\n\n<figure class=\"wp-block-image size-large\"><img decoding=\"async\" width=\"1024\" height=\"624\" src=\"http:\/\/mappingspain.com\/wp-content\/uploads\/2022\/02\/Visiting-the-Mezquita-in-Cordoba-11-1024x624.jpg\" alt=\"La Mezquita de C\u00f3rdoba.\" class=\"wp-image-2082\" title=\"La Mezquita de C\u00f3rdoba.\" srcset=\"https:\/\/mappingspain.com\/wp-content\/uploads\/2022\/02\/Visiting-the-Mezquita-in-Cordoba-11-1024x624.jpg 1024w, https:\/\/mappingspain.com\/wp-content\/uploads\/2022\/02\/Visiting-the-Mezquita-in-Cordoba-11-300x183.jpg 300w, https:\/\/mappingspain.com\/wp-content\/uploads\/2022\/02\/Visiting-the-Mezquita-in-Cordoba-11-768x468.jpg 768w, https:\/\/mappingspain.com\/wp-content\/uploads\/2022\/02\/Visiting-the-Mezquita-in-Cordoba-11.jpg 1200w\" sizes=\"(max-width: 1024px) 100vw, 1024px\" \/><\/figure>\n\n\n\n<figure class=\"wp-block-image size-large\"><img decoding=\"async\" width=\"1024\" height=\"683\" src=\"http:\/\/mappingspain.com\/wp-content\/uploads\/2022\/02\/Visiting-the-Mezquita-in-Cordoba-12-1024x683.jpg\" alt=\"La Mezquita de C\u00f3rdoba.\" class=\"wp-image-2083\" title=\"La Mezquita de C\u00f3rdoba.\" srcset=\"https:\/\/mappingspain.com\/wp-content\/uploads\/2022\/02\/Visiting-the-Mezquita-in-Cordoba-12-1024x683.jpg 1024w, https:\/\/mappingspain.com\/wp-content\/uploads\/2022\/02\/Visiting-the-Mezquita-in-Cordoba-12-300x200.jpg 300w, https:\/\/mappingspain.com\/wp-content\/uploads\/2022\/02\/Visiting-the-Mezquita-in-Cordoba-12-768x512.jpg 768w, https:\/\/mappingspain.com\/wp-content\/uploads\/2022\/02\/Visiting-the-Mezquita-in-Cordoba-12-600x400.jpg 600w, https:\/\/mappingspain.com\/wp-content\/uploads\/2022\/02\/Visiting-the-Mezquita-in-Cordoba-12.jpg 1200w\" sizes=\"(max-width: 1024px) 100vw, 1024px\" \/><\/figure>\n\n\n<hr>\n<div class=\"content_hint\">&nbsp;<\/div>\n<hr>\n\n\n<div style=\"height:60px\" aria-hidden=\"true\" class=\"wp-block-spacer\"><\/div>\n\n\n\n<p>Cuando termine de visitar el interior de la Mezquita (t\u00f3mese aproximadamente una hora y media, es una de las mezquitas m\u00e1s grandes del mundo), aseg\u00farese de visitar el campanario para tener una vista a\u00e9rea de la Mezquita.<\/p>\n\n\n\n<figure class=\"wp-block-image size-full\"><img decoding=\"async\" width=\"1018\" height=\"630\" src=\"http:\/\/mappingspain.com\/wp-content\/uploads\/2022\/02\/view-of-the-Mezquita-from-the-bell-tower.jpg\" alt=\"\" class=\"wp-image-2094\" srcset=\"https:\/\/mappingspain.com\/wp-content\/uploads\/2022\/02\/view-of-the-Mezquita-from-the-bell-tower.jpg 1018w, https:\/\/mappingspain.com\/wp-content\/uploads\/2022\/02\/view-of-the-Mezquita-from-the-bell-tower-300x186.jpg 300w, https:\/\/mappingspain.com\/wp-content\/uploads\/2022\/02\/view-of-the-Mezquita-from-the-bell-tower-768x475.jpg 768w\" sizes=\"(max-width: 1018px) 100vw, 1018px\" \/><figcaption class=\"wp-element-caption\">Perd\u00f3n por la mala calidad, esta fue tomada con mi GoPro. Pero se puede ver lo grande que es la Mezquita&#8230; y c\u00f3mo se construy\u00f3 una catedral justo en el centro.<\/figcaption><\/figure>\n\n\n\n<div style=\"height:32px\" aria-hidden=\"true\" class=\"wp-block-spacer\"><\/div>\n\n\n\n<p><strong><span class=\"has-inline-color has-theme-primary-color\">Consejo<\/span>: El precio normal de la entrada a la Mezquita es de 13 euros. PERO, entre las 8:30 y las 9:30 de la ma\u00f1ana la entrada es <span style=\"text-decoration: underline;\">gratuita<\/span>. As\u00ed que vale la pena levantarse temprano.<\/strong><\/p>\n\n\n\n<div style=\"height:57px\" aria-hidden=\"true\" class=\"wp-block-spacer\"><\/div>\n\n\n\n<h3 class=\"wp-block-heading\"><strong><em> M\u00e1s: <a href=\"https:\/\/mappingspain.com\/es\/los-mejores-paradores-de-espana\/\" target=\"_blank\" rel=\"noreferrer noopener\">Los Mejores Paradores de Espa\u00f1a<\/a><\/em><\/strong><\/h3>\n\n\n\n<figure class=\"wp-block-image size-full\"><a href=\"https:\/\/mappingspain.com\/es\/los-mejores-paradores-de-espana\/\" target=\"_blank\" rel=\" noreferrer noopener\"><img decoding=\"async\" width=\"900\" height=\"666\" src=\"https:\/\/mappingspain.com\/wp-content\/uploads\/2024\/10\/Parador-de-Leon-Leon-Castile-y-Leon-Spain-2.jpg\" alt=\"\" class=\"wp-image-26817\" srcset=\"https:\/\/mappingspain.com\/wp-content\/uploads\/2024\/10\/Parador-de-Leon-Leon-Castile-y-Leon-Spain-2.jpg 900w, https:\/\/mappingspain.com\/wp-content\/uploads\/2024\/10\/Parador-de-Leon-Leon-Castile-y-Leon-Spain-2-300x222.jpg 300w, https:\/\/mappingspain.com\/wp-content\/uploads\/2024\/10\/Parador-de-Leon-Leon-Castile-y-Leon-Spain-2-768x568.jpg 768w\" sizes=\"(max-width: 900px) 100vw, 900px\" \/><\/a><\/figure>\n\n\n\n<div style=\"height:84px\" aria-hidden=\"true\" class=\"wp-block-spacer\"><\/div>\n<div class='ctx-module-container ctx_default_placement ctx-clearfix'><\/div><span class=\"ctx-article-root\"><!-- --><\/span>","protected":false},"excerpt":{"rendered":"<p>La Mezquita de C\u00f3rdoba. Hemos visitado la Mezquita varias veces; para nosotros, es el edificio m\u00e1s espectacular de Espa\u00f1a. Es Patrimonio de la Humanidad por la UNESCO, uno de los 12 Tesoros de Espa\u00f1a y una de las 3 principales atracciones de Andaluc\u00eda (junto con la Alhambra de Granada y el Real Alc\u00e1zar de Sevilla). [&hellip;]<\/p>\n","protected":false},"author":2,"featured_media":2847,"comment_status":"open","ping_status":"open","sticky":false,"template":"","format":"standard","meta":{"_genesis_hide_title":false,"_genesis_hide_breadcrumbs":false,"_genesis_hide_singular_image":false,"_genesis_hide_footer_widgets":false,"_genesis_custom_body_class":"","_genesis_custom_post_class":"","_genesis_layout":"","footnotes":""},"categories":[86,96],"tags":[128,129,79,130],"class_list":{"0":"post-2951","1":"post","2":"type-post","3":"status-publish","4":"format-standard","5":"has-post-thumbnail","7":"category-andalucia","8":"category-cordoba-es","9":"tag-andalucia-es","10":"tag-cordoba-es","11":"tag-espana","12":"tag-mezquita-es","13":"entry"},"yoast_head":"<!-- This site is optimized with the Yoast SEO plugin v27.5 - https:\/\/yoast.com\/product\/yoast-seo-wordpress\/ -->\n<title>La Mezquita de C\u00f3rdoba -<\/title>\n<meta name=\"description\" content=\"La Mezquita de C\u00f3rdoba. \u00bfEl tesoro m\u00e1s impresionante de Espa\u00f1a? Es muy posible que sea como se ve en estas im\u00e1genes.\" \/>\n<meta name=\"robots\" content=\"index, follow, max-snippet:-1, max-image-preview:large, max-video-preview:-1\" \/>\n<link rel=\"canonical\" href=\"https:\/\/mappingspain.com\/es\/la-mezquita-de-cordoba-y-lo-que-no-veras-ahora\/\" \/>\n<meta property=\"og:locale\" content=\"es_ES\" \/>\n<meta property=\"og:type\" content=\"article\" \/>\n<meta property=\"og:title\" content=\"La Mezquita de C\u00f3rdoba -\" \/>\n<meta property=\"og:description\" content=\"La Mezquita de C\u00f3rdoba. \u00bfEl tesoro m\u00e1s impresionante de Espa\u00f1a? Es muy posible que sea como se ve en estas im\u00e1genes.\" \/>\n<meta property=\"og:url\" content=\"https:\/\/mappingspain.com\/es\/la-mezquita-de-cordoba-y-lo-que-no-veras-ahora\/\" \/>\n<meta property=\"og:site_name\" content=\"Mapping Spain\" \/>\n<meta property=\"article:published_time\" content=\"2022-02-12T22:59:33+00:00\" \/>\n<meta property=\"article:modified_time\" content=\"2025-10-29T17:12:29+00:00\" \/>\n<meta property=\"og:image\" content=\"https:\/\/mappingspain.com\/wp-content\/uploads\/2022\/02\/Visiting-the-Mezquita-in-Cordoba-Spain.jpg\" \/>\n\t<meta property=\"og:image:width\" content=\"1200\" \/>\n\t<meta property=\"og:image:height\" content=\"726\" \/>\n\t<meta property=\"og:image:type\" content=\"image\/jpeg\" \/>\n<meta name=\"author\" content=\"Frank\" \/>\n<meta name=\"twitter:card\" content=\"summary_large_image\" \/>\n<meta name=\"twitter:label1\" content=\"Escrito por\" \/>\n\t<meta name=\"twitter:data1\" content=\"Frank\" \/>\n\t<meta name=\"twitter:label2\" content=\"Tiempo de lectura\" \/>\n\t<meta name=\"twitter:data2\" content=\"6 minutos\" \/>\n<script type=\"application\/ld+json\" class=\"yoast-schema-graph\">{\"@context\":\"https:\\\/\\\/schema.org\",\"@graph\":[{\"@type\":\"Article\",\"@id\":\"https:\\\/\\\/mappingspain.com\\\/es\\\/la-mezquita-de-cordoba-y-lo-que-no-veras-ahora\\\/#article\",\"isPartOf\":{\"@id\":\"https:\\\/\\\/mappingspain.com\\\/es\\\/la-mezquita-de-cordoba-y-lo-que-no-veras-ahora\\\/\"},\"author\":{\"name\":\"Frank\",\"@id\":\"https:\\\/\\\/mappingspain.com\\\/es\\\/#\\\/schema\\\/person\\\/1e3c8dae7a8d66a64591f1b41c8b1101\"},\"headline\":\"La Mezquita de C\u00f3rdoba\",\"datePublished\":\"2022-02-12T22:59:33+00:00\",\"dateModified\":\"2025-10-29T17:12:29+00:00\",\"mainEntityOfPage\":{\"@id\":\"https:\\\/\\\/mappingspain.com\\\/es\\\/la-mezquita-de-cordoba-y-lo-que-no-veras-ahora\\\/\"},\"wordCount\":586,\"commentCount\":0,\"image\":{\"@id\":\"https:\\\/\\\/mappingspain.com\\\/es\\\/la-mezquita-de-cordoba-y-lo-que-no-veras-ahora\\\/#primaryimage\"},\"thumbnailUrl\":\"https:\\\/\\\/mappingspain.com\\\/wp-content\\\/uploads\\\/2022\\\/02\\\/Visiting-the-Mezquita-in-Cordoba-Spain.jpg\",\"keywords\":[\"Andalucia\",\"C\u00f3rdoba\",\"Espa\u00f1a\",\"Mezquita\"],\"articleSection\":[\"Andalucia\",\"Cordoba\"],\"inLanguage\":\"es\",\"potentialAction\":[{\"@type\":\"CommentAction\",\"name\":\"Comment\",\"target\":[\"https:\\\/\\\/mappingspain.com\\\/es\\\/la-mezquita-de-cordoba-y-lo-que-no-veras-ahora\\\/#respond\"]}]},{\"@type\":\"WebPage\",\"@id\":\"https:\\\/\\\/mappingspain.com\\\/es\\\/la-mezquita-de-cordoba-y-lo-que-no-veras-ahora\\\/\",\"url\":\"https:\\\/\\\/mappingspain.com\\\/es\\\/la-mezquita-de-cordoba-y-lo-que-no-veras-ahora\\\/\",\"name\":\"La Mezquita de C\u00f3rdoba -\",\"isPartOf\":{\"@id\":\"https:\\\/\\\/mappingspain.com\\\/es\\\/#website\"},\"primaryImageOfPage\":{\"@id\":\"https:\\\/\\\/mappingspain.com\\\/es\\\/la-mezquita-de-cordoba-y-lo-que-no-veras-ahora\\\/#primaryimage\"},\"image\":{\"@id\":\"https:\\\/\\\/mappingspain.com\\\/es\\\/la-mezquita-de-cordoba-y-lo-que-no-veras-ahora\\\/#primaryimage\"},\"thumbnailUrl\":\"https:\\\/\\\/mappingspain.com\\\/wp-content\\\/uploads\\\/2022\\\/02\\\/Visiting-the-Mezquita-in-Cordoba-Spain.jpg\",\"datePublished\":\"2022-02-12T22:59:33+00:00\",\"dateModified\":\"2025-10-29T17:12:29+00:00\",\"author\":{\"@id\":\"https:\\\/\\\/mappingspain.com\\\/es\\\/#\\\/schema\\\/person\\\/1e3c8dae7a8d66a64591f1b41c8b1101\"},\"description\":\"La Mezquita de C\u00f3rdoba. \u00bfEl tesoro m\u00e1s impresionante de Espa\u00f1a? Es muy posible que sea como se ve en estas im\u00e1genes.\",\"breadcrumb\":{\"@id\":\"https:\\\/\\\/mappingspain.com\\\/es\\\/la-mezquita-de-cordoba-y-lo-que-no-veras-ahora\\\/#breadcrumb\"},\"inLanguage\":\"es\",\"potentialAction\":[{\"@type\":\"ReadAction\",\"target\":[\"https:\\\/\\\/mappingspain.com\\\/es\\\/la-mezquita-de-cordoba-y-lo-que-no-veras-ahora\\\/\"]}]},{\"@type\":\"ImageObject\",\"inLanguage\":\"es\",\"@id\":\"https:\\\/\\\/mappingspain.com\\\/es\\\/la-mezquita-de-cordoba-y-lo-que-no-veras-ahora\\\/#primaryimage\",\"url\":\"https:\\\/\\\/mappingspain.com\\\/wp-content\\\/uploads\\\/2022\\\/02\\\/Visiting-the-Mezquita-in-Cordoba-Spain.jpg\",\"contentUrl\":\"https:\\\/\\\/mappingspain.com\\\/wp-content\\\/uploads\\\/2022\\\/02\\\/Visiting-the-Mezquita-in-Cordoba-Spain.jpg\",\"width\":1200,\"height\":726},{\"@type\":\"BreadcrumbList\",\"@id\":\"https:\\\/\\\/mappingspain.com\\\/es\\\/la-mezquita-de-cordoba-y-lo-que-no-veras-ahora\\\/#breadcrumb\",\"itemListElement\":[{\"@type\":\"ListItem\",\"position\":1,\"name\":\"Home\",\"item\":\"https:\\\/\\\/mappingspain.com\\\/es\\\/\"},{\"@type\":\"ListItem\",\"position\":2,\"name\":\"La Mezquita de C\u00f3rdoba\"}]},{\"@type\":\"WebSite\",\"@id\":\"https:\\\/\\\/mappingspain.com\\\/es\\\/#website\",\"url\":\"https:\\\/\\\/mappingspain.com\\\/es\\\/\",\"name\":\"Mapping Spain\",\"description\":\"Everything Spain!\",\"potentialAction\":[{\"@type\":\"SearchAction\",\"target\":{\"@type\":\"EntryPoint\",\"urlTemplate\":\"https:\\\/\\\/mappingspain.com\\\/es\\\/?s={search_term_string}\"},\"query-input\":{\"@type\":\"PropertyValueSpecification\",\"valueRequired\":true,\"valueName\":\"search_term_string\"}}],\"inLanguage\":\"es\"},{\"@type\":\"Person\",\"@id\":\"https:\\\/\\\/mappingspain.com\\\/es\\\/#\\\/schema\\\/person\\\/1e3c8dae7a8d66a64591f1b41c8b1101\",\"name\":\"Frank\",\"image\":{\"@type\":\"ImageObject\",\"inLanguage\":\"es\",\"@id\":\"https:\\\/\\\/secure.gravatar.com\\\/avatar\\\/a5454735bd4b74c9d0a1bf1f04caac3dbd7f217c7c7fa65d5b39d98bbeab8b4e?s=96&d=mm&r=g\",\"url\":\"https:\\\/\\\/secure.gravatar.com\\\/avatar\\\/a5454735bd4b74c9d0a1bf1f04caac3dbd7f217c7c7fa65d5b39d98bbeab8b4e?s=96&d=mm&r=g\",\"contentUrl\":\"https:\\\/\\\/secure.gravatar.com\\\/avatar\\\/a5454735bd4b74c9d0a1bf1f04caac3dbd7f217c7c7fa65d5b39d98bbeab8b4e?s=96&d=mm&r=g\",\"caption\":\"Frank\"}}]}<\/script>\n<!-- \/ Yoast SEO plugin. -->","yoast_head_json":{"title":"La Mezquita de C\u00f3rdoba -","description":"La Mezquita de C\u00f3rdoba. \u00bfEl tesoro m\u00e1s impresionante de Espa\u00f1a? Es muy posible que sea como se ve en estas im\u00e1genes.","robots":{"index":"index","follow":"follow","max-snippet":"max-snippet:-1","max-image-preview":"max-image-preview:large","max-video-preview":"max-video-preview:-1"},"canonical":"https:\/\/mappingspain.com\/es\/la-mezquita-de-cordoba-y-lo-que-no-veras-ahora\/","og_locale":"es_ES","og_type":"article","og_title":"La Mezquita de C\u00f3rdoba -","og_description":"La Mezquita de C\u00f3rdoba. \u00bfEl tesoro m\u00e1s impresionante de Espa\u00f1a? Es muy posible que sea como se ve en estas im\u00e1genes.","og_url":"https:\/\/mappingspain.com\/es\/la-mezquita-de-cordoba-y-lo-que-no-veras-ahora\/","og_site_name":"Mapping Spain","article_published_time":"2022-02-12T22:59:33+00:00","article_modified_time":"2025-10-29T17:12:29+00:00","og_image":[{"width":1200,"height":726,"url":"https:\/\/mappingspain.com\/wp-content\/uploads\/2022\/02\/Visiting-the-Mezquita-in-Cordoba-Spain.jpg","type":"image\/jpeg"}],"author":"Frank","twitter_card":"summary_large_image","twitter_misc":{"Escrito por":"Frank","Tiempo de lectura":"6 minutos"},"schema":{"@context":"https:\/\/schema.org","@graph":[{"@type":"Article","@id":"https:\/\/mappingspain.com\/es\/la-mezquita-de-cordoba-y-lo-que-no-veras-ahora\/#article","isPartOf":{"@id":"https:\/\/mappingspain.com\/es\/la-mezquita-de-cordoba-y-lo-que-no-veras-ahora\/"},"author":{"name":"Frank","@id":"https:\/\/mappingspain.com\/es\/#\/schema\/person\/1e3c8dae7a8d66a64591f1b41c8b1101"},"headline":"La Mezquita de C\u00f3rdoba","datePublished":"2022-02-12T22:59:33+00:00","dateModified":"2025-10-29T17:12:29+00:00","mainEntityOfPage":{"@id":"https:\/\/mappingspain.com\/es\/la-mezquita-de-cordoba-y-lo-que-no-veras-ahora\/"},"wordCount":586,"commentCount":0,"image":{"@id":"https:\/\/mappingspain.com\/es\/la-mezquita-de-cordoba-y-lo-que-no-veras-ahora\/#primaryimage"},"thumbnailUrl":"https:\/\/mappingspain.com\/wp-content\/uploads\/2022\/02\/Visiting-the-Mezquita-in-Cordoba-Spain.jpg","keywords":["Andalucia","C\u00f3rdoba","Espa\u00f1a","Mezquita"],"articleSection":["Andalucia","Cordoba"],"inLanguage":"es","potentialAction":[{"@type":"CommentAction","name":"Comment","target":["https:\/\/mappingspain.com\/es\/la-mezquita-de-cordoba-y-lo-que-no-veras-ahora\/#respond"]}]},{"@type":"WebPage","@id":"https:\/\/mappingspain.com\/es\/la-mezquita-de-cordoba-y-lo-que-no-veras-ahora\/","url":"https:\/\/mappingspain.com\/es\/la-mezquita-de-cordoba-y-lo-que-no-veras-ahora\/","name":"La Mezquita de C\u00f3rdoba -","isPartOf":{"@id":"https:\/\/mappingspain.com\/es\/#website"},"primaryImageOfPage":{"@id":"https:\/\/mappingspain.com\/es\/la-mezquita-de-cordoba-y-lo-que-no-veras-ahora\/#primaryimage"},"image":{"@id":"https:\/\/mappingspain.com\/es\/la-mezquita-de-cordoba-y-lo-que-no-veras-ahora\/#primaryimage"},"thumbnailUrl":"https:\/\/mappingspain.com\/wp-content\/uploads\/2022\/02\/Visiting-the-Mezquita-in-Cordoba-Spain.jpg","datePublished":"2022-02-12T22:59:33+00:00","dateModified":"2025-10-29T17:12:29+00:00","author":{"@id":"https:\/\/mappingspain.com\/es\/#\/schema\/person\/1e3c8dae7a8d66a64591f1b41c8b1101"},"description":"La Mezquita de C\u00f3rdoba. \u00bfEl tesoro m\u00e1s impresionante de Espa\u00f1a? Es muy posible que sea como se ve en estas im\u00e1genes.","breadcrumb":{"@id":"https:\/\/mappingspain.com\/es\/la-mezquita-de-cordoba-y-lo-que-no-veras-ahora\/#breadcrumb"},"inLanguage":"es","potentialAction":[{"@type":"ReadAction","target":["https:\/\/mappingspain.com\/es\/la-mezquita-de-cordoba-y-lo-que-no-veras-ahora\/"]}]},{"@type":"ImageObject","inLanguage":"es","@id":"https:\/\/mappingspain.com\/es\/la-mezquita-de-cordoba-y-lo-que-no-veras-ahora\/#primaryimage","url":"https:\/\/mappingspain.com\/wp-content\/uploads\/2022\/02\/Visiting-the-Mezquita-in-Cordoba-Spain.jpg","contentUrl":"https:\/\/mappingspain.com\/wp-content\/uploads\/2022\/02\/Visiting-the-Mezquita-in-Cordoba-Spain.jpg","width":1200,"height":726},{"@type":"BreadcrumbList","@id":"https:\/\/mappingspain.com\/es\/la-mezquita-de-cordoba-y-lo-que-no-veras-ahora\/#breadcrumb","itemListElement":[{"@type":"ListItem","position":1,"name":"Home","item":"https:\/\/mappingspain.com\/es\/"},{"@type":"ListItem","position":2,"name":"La Mezquita de C\u00f3rdoba"}]},{"@type":"WebSite","@id":"https:\/\/mappingspain.com\/es\/#website","url":"https:\/\/mappingspain.com\/es\/","name":"Mapping Spain","description":"Everything Spain!","potentialAction":[{"@type":"SearchAction","target":{"@type":"EntryPoint","urlTemplate":"https:\/\/mappingspain.com\/es\/?s={search_term_string}"},"query-input":{"@type":"PropertyValueSpecification","valueRequired":true,"valueName":"search_term_string"}}],"inLanguage":"es"},{"@type":"Person","@id":"https:\/\/mappingspain.com\/es\/#\/schema\/person\/1e3c8dae7a8d66a64591f1b41c8b1101","name":"Frank","image":{"@type":"ImageObject","inLanguage":"es","@id":"https:\/\/secure.gravatar.com\/avatar\/a5454735bd4b74c9d0a1bf1f04caac3dbd7f217c7c7fa65d5b39d98bbeab8b4e?s=96&d=mm&r=g","url":"https:\/\/secure.gravatar.com\/avatar\/a5454735bd4b74c9d0a1bf1f04caac3dbd7f217c7c7fa65d5b39d98bbeab8b4e?s=96&d=mm&r=g","contentUrl":"https:\/\/secure.gravatar.com\/avatar\/a5454735bd4b74c9d0a1bf1f04caac3dbd7f217c7c7fa65d5b39d98bbeab8b4e?s=96&d=mm&r=g","caption":"Frank"}}]}},"featured_image_src":"https:\/\/mappingspain.com\/wp-content\/uploads\/2022\/02\/Visiting-the-Mezquita-in-Cordoba-Spain-600x400.jpg","featured_image_src_square":"https:\/\/mappingspain.com\/wp-content\/uploads\/2022\/02\/Visiting-the-Mezquita-in-Cordoba-Spain-600x600.jpg","author_info":{"display_name":"Frank","author_link":"https:\/\/mappingspain.com\/es\/author\/frank\/"},"_links":{"self":[{"href":"https:\/\/mappingspain.com\/es\/wp-json\/wp\/v2\/posts\/2951","targetHints":{"allow":["GET"]}}],"collection":[{"href":"https:\/\/mappingspain.com\/es\/wp-json\/wp\/v2\/posts"}],"about":[{"href":"https:\/\/mappingspain.com\/es\/wp-json\/wp\/v2\/types\/post"}],"author":[{"embeddable":true,"href":"https:\/\/mappingspain.com\/es\/wp-json\/wp\/v2\/users\/2"}],"replies":[{"embeddable":true,"href":"https:\/\/mappingspain.com\/es\/wp-json\/wp\/v2\/comments?post=2951"}],"version-history":[{"count":10,"href":"https:\/\/mappingspain.com\/es\/wp-json\/wp\/v2\/posts\/2951\/revisions"}],"predecessor-version":[{"id":27980,"href":"https:\/\/mappingspain.com\/es\/wp-json\/wp\/v2\/posts\/2951\/revisions\/27980"}],"wp:featuredmedia":[{"embeddable":true,"href":"https:\/\/mappingspain.com\/es\/wp-json\/wp\/v2\/media\/2847"}],"wp:attachment":[{"href":"https:\/\/mappingspain.com\/es\/wp-json\/wp\/v2\/media?parent=2951"}],"wp:term":[{"taxonomy":"category","embeddable":true,"href":"https:\/\/mappingspain.com\/es\/wp-json\/wp\/v2\/categories?post=2951"},{"taxonomy":"post_tag","embeddable":true,"href":"https:\/\/mappingspain.com\/es\/wp-json\/wp\/v2\/tags?post=2951"}],"curies":[{"name":"wp","href":"https:\/\/api.w.org\/{rel}","templated":true}]}}