{"id":7499,"date":"2021-02-19T18:02:42","date_gmt":"2021-02-19T18:02:42","guid":{"rendered":"https:\/\/mappingspain.com\/?p=7499"},"modified":"2025-11-13T12:47:17","modified_gmt":"2025-11-13T12:47:17","slug":"catedral-de-jaen-una-de-las-mejores-catedrales-de-espana-con-video","status":"publish","type":"post","link":"https:\/\/mappingspain.com\/es\/catedral-de-jaen-una-de-las-mejores-catedrales-de-espana-con-video\/","title":{"rendered":"Catedral de Ja\u00e9n: una de las mejores catedrales de Espa\u00f1a"},"content":{"rendered":"\n<p><mark style=\"background-color:rgba(0, 0, 0, 0);color:#ffffff\" class=\"has-inline-color\">Catedral de Ja\u00e9n: una de las mejores catedrales de Espa\u00f1a<\/mark><\/p>\n\n\n\n<p><strong>La Catedral de Ja\u00e9n no solo es enorme, sino que muchos la consideran una de las mejores catedrales de Espa\u00f1a<\/strong>. De hecho, est\u00e1 en una lista tentativa para ser un sitio del patrimonio mundial de la UNESCO.<\/p>\n\n\n\n<p>Tras la reconquista de Ja\u00e9n por las fuerzas cristianas en 1246, se construy\u00f3 una Catedral sobre las ruinas de una mezquita. A lo largo de los siglos ha sido reconstruida varias veces, siendo concebida la actual catedral a mediados del siglo XVI. De hecho, la Catedral de Ja\u00e9n fue utilizada como inspiraci\u00f3n para muchas iglesias latinoamericanas.<\/p>\n\n\n\n<div style=\"height:58px\" aria-hidden=\"true\" class=\"wp-block-spacer\"><\/div>\n\n\n\n<p><strong>\u00bfQu\u00e9 hace especial a la Catedral? <\/strong><\/p>\n\n\n\n<p>Se comienza con la fachada exterior, que es ornamentada, de una escala impresionante con una longitud de 100 metros. Las torres tienen 68 metros de altura.<\/p>\n\n\n\n<div style=\"height:22px\" aria-hidden=\"true\" class=\"wp-block-spacer\"><\/div>\n\n\n\n<figure class=\"wp-block-image size-large\"><img decoding=\"async\" width=\"1024\" height=\"683\" src=\"https:\/\/mappingspain.com\/wp-content\/uploads\/2021\/02\/Jaen-Cathedral-1-1024x683.jpg\" alt=\"\" class=\"wp-image-28118\" srcset=\"https:\/\/mappingspain.com\/wp-content\/uploads\/2021\/02\/Jaen-Cathedral-1-1024x683.jpg 1024w, https:\/\/mappingspain.com\/wp-content\/uploads\/2021\/02\/Jaen-Cathedral-1-300x200.jpg 300w, https:\/\/mappingspain.com\/wp-content\/uploads\/2021\/02\/Jaen-Cathedral-1-768x512.jpg 768w, https:\/\/mappingspain.com\/wp-content\/uploads\/2021\/02\/Jaen-Cathedral-1-600x400.jpg 600w, https:\/\/mappingspain.com\/wp-content\/uploads\/2021\/02\/Jaen-Cathedral-1.jpg 1200w\" sizes=\"(max-width: 1024px) 100vw, 1024px\" \/><\/figure>\n\n\n<hr>\n<div class=\"content_hint\">&nbsp;<\/div>\n<hr>\n\n\n<div style=\"height:38px\" aria-hidden=\"true\" class=\"wp-block-spacer\"><\/div>\n\n\n\n<p>En su interior, la catedral parece a\u00fan m\u00e1s grande, con la c\u00fapula extendi\u00e9ndose aparentemente hasta el cielo.. A diferencia de otras catedrales, el techo y las columnas est\u00e1n hechos completamente de piedra tallada (no de yeso). El coro, tallado en madera de nogal, es uno de los m\u00e1s grandes de Espa\u00f1a. A los lados hay 17 capillas adornadas con detalles barrocos y oro. La Catedral de Ja\u00e9n es m\u00e1s famosa por una famosa reliquia cristiana: el Velo de la Ver\u00f3nica que, seg\u00fan la creencia, fue usado por Santa Ver\u00f3nica para lavar el rostro de Cristo.<\/p>\n\n\n\n<div style=\"height:25px\" aria-hidden=\"true\" class=\"wp-block-spacer\"><\/div>\n\n\n\n<figure class=\"wp-block-image size-large\"><img decoding=\"async\" width=\"1024\" height=\"683\" src=\"https:\/\/mappingspain.com\/wp-content\/uploads\/2021\/02\/Jaen-Cathedral-interior-5-1024x683.jpg\" alt=\"\" class=\"wp-image-28127\" srcset=\"https:\/\/mappingspain.com\/wp-content\/uploads\/2021\/02\/Jaen-Cathedral-interior-5-1024x683.jpg 1024w, https:\/\/mappingspain.com\/wp-content\/uploads\/2021\/02\/Jaen-Cathedral-interior-5-300x200.jpg 300w, https:\/\/mappingspain.com\/wp-content\/uploads\/2021\/02\/Jaen-Cathedral-interior-5-768x512.jpg 768w, https:\/\/mappingspain.com\/wp-content\/uploads\/2021\/02\/Jaen-Cathedral-interior-5-600x400.jpg 600w, https:\/\/mappingspain.com\/wp-content\/uploads\/2021\/02\/Jaen-Cathedral-interior-5.jpg 1200w\" sizes=\"(max-width: 1024px) 100vw, 1024px\" \/><\/figure>\n\n\n\n<figure class=\"wp-block-image size-large\"><img decoding=\"async\" width=\"1024\" height=\"683\" src=\"https:\/\/mappingspain.com\/wp-content\/uploads\/2021\/02\/Jaen-Cathedral-interior-7-1024x683.jpg\" alt=\"\" class=\"wp-image-28133\" srcset=\"https:\/\/mappingspain.com\/wp-content\/uploads\/2021\/02\/Jaen-Cathedral-interior-7-1024x683.jpg 1024w, https:\/\/mappingspain.com\/wp-content\/uploads\/2021\/02\/Jaen-Cathedral-interior-7-300x200.jpg 300w, https:\/\/mappingspain.com\/wp-content\/uploads\/2021\/02\/Jaen-Cathedral-interior-7-768x512.jpg 768w, https:\/\/mappingspain.com\/wp-content\/uploads\/2021\/02\/Jaen-Cathedral-interior-7-600x400.jpg 600w, https:\/\/mappingspain.com\/wp-content\/uploads\/2021\/02\/Jaen-Cathedral-interior-7.jpg 1200w\" sizes=\"(max-width: 1024px) 100vw, 1024px\" \/><\/figure>\n\n\n\n<figure class=\"wp-block-image size-large\"><img decoding=\"async\" width=\"1024\" height=\"683\" src=\"https:\/\/mappingspain.com\/wp-content\/uploads\/2021\/02\/Jaen-Cathedral-interior-6-1024x683.jpg\" alt=\"\" class=\"wp-image-28130\" srcset=\"https:\/\/mappingspain.com\/wp-content\/uploads\/2021\/02\/Jaen-Cathedral-interior-6-1024x683.jpg 1024w, https:\/\/mappingspain.com\/wp-content\/uploads\/2021\/02\/Jaen-Cathedral-interior-6-300x200.jpg 300w, https:\/\/mappingspain.com\/wp-content\/uploads\/2021\/02\/Jaen-Cathedral-interior-6-768x512.jpg 768w, https:\/\/mappingspain.com\/wp-content\/uploads\/2021\/02\/Jaen-Cathedral-interior-6-600x400.jpg 600w, https:\/\/mappingspain.com\/wp-content\/uploads\/2021\/02\/Jaen-Cathedral-interior-6.jpg 1200w\" sizes=\"(max-width: 1024px) 100vw, 1024px\" \/><\/figure>\n\n\n\n<figure class=\"wp-block-image size-large\"><img decoding=\"async\" width=\"1024\" height=\"683\" src=\"https:\/\/mappingspain.com\/wp-content\/uploads\/2021\/02\/Jaen-Cathedral-interior-4-1024x683.jpg\" alt=\"\" class=\"wp-image-28124\" srcset=\"https:\/\/mappingspain.com\/wp-content\/uploads\/2021\/02\/Jaen-Cathedral-interior-4-1024x683.jpg 1024w, https:\/\/mappingspain.com\/wp-content\/uploads\/2021\/02\/Jaen-Cathedral-interior-4-300x200.jpg 300w, https:\/\/mappingspain.com\/wp-content\/uploads\/2021\/02\/Jaen-Cathedral-interior-4-768x512.jpg 768w, https:\/\/mappingspain.com\/wp-content\/uploads\/2021\/02\/Jaen-Cathedral-interior-4-600x400.jpg 600w, https:\/\/mappingspain.com\/wp-content\/uploads\/2021\/02\/Jaen-Cathedral-interior-4.jpg 1200w\" sizes=\"(max-width: 1024px) 100vw, 1024px\" \/><\/figure>\n\n\n\n<figure class=\"wp-block-image size-large\"><img decoding=\"async\" width=\"1024\" height=\"683\" src=\"https:\/\/mappingspain.com\/wp-content\/uploads\/2021\/02\/Jaen-Cathedral-interior-8-1024x683.jpg\" alt=\"\" class=\"wp-image-28136\" srcset=\"https:\/\/mappingspain.com\/wp-content\/uploads\/2021\/02\/Jaen-Cathedral-interior-8-1024x683.jpg 1024w, https:\/\/mappingspain.com\/wp-content\/uploads\/2021\/02\/Jaen-Cathedral-interior-8-300x200.jpg 300w, https:\/\/mappingspain.com\/wp-content\/uploads\/2021\/02\/Jaen-Cathedral-interior-8-768x512.jpg 768w, https:\/\/mappingspain.com\/wp-content\/uploads\/2021\/02\/Jaen-Cathedral-interior-8-600x400.jpg 600w, https:\/\/mappingspain.com\/wp-content\/uploads\/2021\/02\/Jaen-Cathedral-interior-8.jpg 1200w\" sizes=\"(max-width: 1024px) 100vw, 1024px\" \/><\/figure>\n\n\n<div class=\"wp-block-image\">\n<figure class=\"aligncenter size-large\"><img decoding=\"async\" width=\"683\" height=\"1024\" src=\"https:\/\/mappingspain.com\/wp-content\/uploads\/2021\/02\/Jaen-Cathedral-interior-3-683x1024.jpg\" alt=\"\" class=\"wp-image-28139\" srcset=\"https:\/\/mappingspain.com\/wp-content\/uploads\/2021\/02\/Jaen-Cathedral-interior-3-683x1024.jpg 683w, https:\/\/mappingspain.com\/wp-content\/uploads\/2021\/02\/Jaen-Cathedral-interior-3-200x300.jpg 200w, https:\/\/mappingspain.com\/wp-content\/uploads\/2021\/02\/Jaen-Cathedral-interior-3-768x1152.jpg 768w, https:\/\/mappingspain.com\/wp-content\/uploads\/2021\/02\/Jaen-Cathedral-interior-3.jpg 1000w\" sizes=\"(max-width: 683px) 100vw, 683px\" \/><\/figure>\n<\/div>\n\n<hr>\n<div class=\"content_hint\">&nbsp;<\/div>\n<hr>\n\n\n<div style=\"height:87px\" aria-hidden=\"true\" class=\"wp-block-spacer\"><\/div>\n\n\n\n<p>Tambi\u00e9n puede ir a las galer\u00edas superiores de la Catedral y salir al exterior para disfrutar de excelentes vistas de la ciudad y el campo circundante.<\/p>\n\n\n\n<div style=\"height:35px\" aria-hidden=\"true\" class=\"wp-block-spacer\"><\/div>\n\n\n\n<figure class=\"wp-block-image size-full\"><img decoding=\"async\" width=\"1000\" height=\"678\" src=\"https:\/\/mappingspain.com\/wp-content\/uploads\/2021\/02\/Jaen-Cathedral-interior-1-1.jpg\" alt=\"\" class=\"wp-image-28142\" title=\"Jaen Cathedral - one of Spain\u2019s best Cathedrals (Video)\" srcset=\"https:\/\/mappingspain.com\/wp-content\/uploads\/2021\/02\/Jaen-Cathedral-interior-1-1.jpg 1000w, https:\/\/mappingspain.com\/wp-content\/uploads\/2021\/02\/Jaen-Cathedral-interior-1-1-300x203.jpg 300w, https:\/\/mappingspain.com\/wp-content\/uploads\/2021\/02\/Jaen-Cathedral-interior-1-1-768x521.jpg 768w\" sizes=\"(max-width: 1000px) 100vw, 1000px\" \/><\/figure>\n\n\n\n<figure class=\"wp-block-image size-large\"><img decoding=\"async\" width=\"1024\" height=\"683\" src=\"https:\/\/mappingspain.com\/wp-content\/uploads\/2021\/02\/Jaen-cathedral-int-3-1024x683.jpg\" alt=\"\" class=\"wp-image-28145\" srcset=\"https:\/\/mappingspain.com\/wp-content\/uploads\/2021\/02\/Jaen-cathedral-int-3-1024x683.jpg 1024w, https:\/\/mappingspain.com\/wp-content\/uploads\/2021\/02\/Jaen-cathedral-int-3-300x200.jpg 300w, https:\/\/mappingspain.com\/wp-content\/uploads\/2021\/02\/Jaen-cathedral-int-3-768x512.jpg 768w, https:\/\/mappingspain.com\/wp-content\/uploads\/2021\/02\/Jaen-cathedral-int-3-600x400.jpg 600w, https:\/\/mappingspain.com\/wp-content\/uploads\/2021\/02\/Jaen-cathedral-int-3.jpg 1200w\" sizes=\"(max-width: 1024px) 100vw, 1024px\" \/><\/figure>\n\n\n\n<figure class=\"wp-block-image size-large\"><img decoding=\"async\" width=\"1024\" height=\"683\" src=\"https:\/\/mappingspain.com\/wp-content\/uploads\/2021\/02\/Jaen-cathedral-int-1-1024x683.jpg\" alt=\"\" class=\"wp-image-28148\" title=\"Jaen Cathedral - one of Spain\u2019s best Cathedrals (Video)\" srcset=\"https:\/\/mappingspain.com\/wp-content\/uploads\/2021\/02\/Jaen-cathedral-int-1-1024x683.jpg 1024w, https:\/\/mappingspain.com\/wp-content\/uploads\/2021\/02\/Jaen-cathedral-int-1-300x200.jpg 300w, https:\/\/mappingspain.com\/wp-content\/uploads\/2021\/02\/Jaen-cathedral-int-1-768x512.jpg 768w, https:\/\/mappingspain.com\/wp-content\/uploads\/2021\/02\/Jaen-cathedral-int-1-600x400.jpg 600w, https:\/\/mappingspain.com\/wp-content\/uploads\/2021\/02\/Jaen-cathedral-int-1.jpg 1200w\" sizes=\"(max-width: 1024px) 100vw, 1024px\" \/><\/figure>\n\n\n\n<div style=\"height:46px\" aria-hidden=\"true\" class=\"wp-block-spacer\"><\/div>\n\n\n\n<p>La catedral de noche:<\/p>\n\n\n\n<figure class=\"wp-block-image size-large\"><img decoding=\"async\" width=\"1024\" height=\"769\" src=\"https:\/\/mappingspain.com\/wp-content\/uploads\/2021\/02\/Jaen-Cathedral-2-2-1024x769.jpg\" alt=\"\" class=\"wp-image-28160\" srcset=\"https:\/\/mappingspain.com\/wp-content\/uploads\/2021\/02\/Jaen-Cathedral-2-2-1024x769.jpg 1024w, https:\/\/mappingspain.com\/wp-content\/uploads\/2021\/02\/Jaen-Cathedral-2-2-300x225.jpg 300w, https:\/\/mappingspain.com\/wp-content\/uploads\/2021\/02\/Jaen-Cathedral-2-2-768x577.jpg 768w, https:\/\/mappingspain.com\/wp-content\/uploads\/2021\/02\/Jaen-Cathedral-2-2.jpg 1200w\" sizes=\"(max-width: 1024px) 100vw, 1024px\" \/><\/figure>\n\n\n\n<figure class=\"wp-block-image size-large\"><img decoding=\"async\" width=\"1024\" height=\"769\" src=\"https:\/\/mappingspain.com\/wp-content\/uploads\/2021\/02\/Jaen-Cathedral-3-1024x769.jpg\" alt=\"\" class=\"wp-image-28163\" srcset=\"https:\/\/mappingspain.com\/wp-content\/uploads\/2021\/02\/Jaen-Cathedral-3-1024x769.jpg 1024w, https:\/\/mappingspain.com\/wp-content\/uploads\/2021\/02\/Jaen-Cathedral-3-300x225.jpg 300w, https:\/\/mappingspain.com\/wp-content\/uploads\/2021\/02\/Jaen-Cathedral-3-768x577.jpg 768w, https:\/\/mappingspain.com\/wp-content\/uploads\/2021\/02\/Jaen-Cathedral-3.jpg 1200w\" sizes=\"(max-width: 1024px) 100vw, 1024px\" \/><\/figure>\n\n\n\n<figure class=\"wp-block-image size-large\"><img decoding=\"async\" width=\"1024\" height=\"769\" src=\"https:\/\/mappingspain.com\/wp-content\/uploads\/2021\/02\/Jaen-Cathedral-4-1024x769.jpg\" alt=\"\" class=\"wp-image-28166\" srcset=\"https:\/\/mappingspain.com\/wp-content\/uploads\/2021\/02\/Jaen-Cathedral-4-1024x769.jpg 1024w, https:\/\/mappingspain.com\/wp-content\/uploads\/2021\/02\/Jaen-Cathedral-4-300x225.jpg 300w, https:\/\/mappingspain.com\/wp-content\/uploads\/2021\/02\/Jaen-Cathedral-4-768x577.jpg 768w, https:\/\/mappingspain.com\/wp-content\/uploads\/2021\/02\/Jaen-Cathedral-4.jpg 1200w\" sizes=\"(max-width: 1024px) 100vw, 1024px\" \/><\/figure>\n\n\n<hr \/>\n<div class=\"content_hint\">\u00a0<\/div>\n<hr \/>\n\n\n<div style=\"height:88px\" aria-hidden=\"true\" class=\"wp-block-spacer\"><\/div>\n\n\n\n<h3 class=\"wp-block-heading\"><strong><u><mark style=\"background-color:rgba(0, 0, 0, 0);color:#d77611\" class=\"has-inline-color\">Informaci\u00f3n pr\u00e1ctica<\/mark><\/u><\/strong><\/h3>\n\n\n\n<p><a href=\"https:\/\/www.andalucia.org\/listing\/catedral-de-ja%c3%a9n\/15853102\/\">P\u00e1gina web oficial<\/a><\/p>\n\n\n\n<p>Coste de la Entrada: 7 Euros<br><br>Sin embargo, hay m\u00e1s en Ja\u00e9n que la Catedral. Es una ciudad interesante que a menudo se pasa por alto. Y tiene buenas conexiones de transporte por lo que no es dif\u00edcil llegar (nosotros venimos de Granada que est\u00e1 a una hora en autob\u00fas).<\/p>\n\n\n\n<div style=\"height:4px\" aria-hidden=\"true\" class=\"wp-block-spacer\"><\/div>\n\n\n<p><iframe loading=\"lazy\" src=\"https:\/\/www.youtube.com\/embed\/bshGYCNiOZ0\" width=\"800\" height=\"450\" frameborder=\"0\" allowfullscreen=\"allowfullscreen\"><\/iframe><\/p>\n\n\n<div style=\"height:54px\" aria-hidden=\"true\" class=\"wp-block-spacer\"><\/div>\n\n\n\n<h3 class=\"wp-block-heading\"><strong><em>M\u00e1s: <a href=\"https:\/\/mappingspain.com\/es\/la-mezquita-de-cordoba-y-lo-que-no-veras-ahora\/\" target=\"_blank\" rel=\"noreferrer noopener\">La Mezquita de C\u00f3rdoba<\/a><\/em><\/strong><\/h3>\n\n\n\n<figure class=\"wp-block-image size-large\"><a href=\"https:\/\/mappingspain.com\/es\/la-mezquita-de-cordoba-y-lo-que-no-veras-ahora\/\" target=\"_blank\" rel=\" noreferrer noopener\"><img decoding=\"async\" width=\"1024\" height=\"649\" src=\"https:\/\/mappingspain.com\/wp-content\/uploads\/2022\/10\/Visiting-the-Mezquita-in-Cordoba-3-1024x649.jpg\" alt=\"\" class=\"wp-image-26675\" srcset=\"https:\/\/mappingspain.com\/wp-content\/uploads\/2022\/10\/Visiting-the-Mezquita-in-Cordoba-3-1024x649.jpg 1024w, https:\/\/mappingspain.com\/wp-content\/uploads\/2022\/10\/Visiting-the-Mezquita-in-Cordoba-3-300x190.jpg 300w, https:\/\/mappingspain.com\/wp-content\/uploads\/2022\/10\/Visiting-the-Mezquita-in-Cordoba-3-768x487.jpg 768w, https:\/\/mappingspain.com\/wp-content\/uploads\/2022\/10\/Visiting-the-Mezquita-in-Cordoba-3.jpg 1200w\" sizes=\"(max-width: 1024px) 100vw, 1024px\" \/><\/a><\/figure>\n\n\n\n<div style=\"height:32px\" aria-hidden=\"true\" class=\"wp-block-spacer\"><\/div>\n\n\n\n<p><\/p>\n<div class='ctx-module-container ctx_default_placement ctx-clearfix'><\/div><span class=\"ctx-article-root\"><!-- --><\/span>","protected":false},"excerpt":{"rendered":"<p>Catedral de Ja\u00e9n: una de las mejores catedrales de Espa\u00f1a La Catedral de Ja\u00e9n no solo es enorme, sino que muchos la consideran una de las mejores catedrales de Espa\u00f1a. De hecho, est\u00e1 en una lista tentativa para ser un sitio del patrimonio mundial de la UNESCO. Tras la reconquista de Ja\u00e9n por las fuerzas [&hellip;]<\/p>\n","protected":false},"author":2,"featured_media":28115,"comment_status":"open","ping_status":"open","sticky":false,"template":"","format":"standard","meta":{"_genesis_hide_title":false,"_genesis_hide_breadcrumbs":false,"_genesis_hide_singular_image":false,"_genesis_hide_footer_widgets":false,"_genesis_custom_body_class":"","_genesis_custom_post_class":"","_genesis_layout":"","footnotes":""},"categories":[86,106],"tags":[],"class_list":{"0":"post-7499","1":"post","2":"type-post","3":"status-publish","4":"format-standard","5":"has-post-thumbnail","7":"category-andalucia","8":"category-jaen-es","9":"entry"},"yoast_head":"<!-- This site is optimized with the Yoast SEO plugin v27.5 - https:\/\/yoast.com\/product\/yoast-seo-wordpress\/ -->\n<title>Catedral de Ja\u00e9n: una de las mejores catedrales de Espa\u00f1a<\/title>\n<meta name=\"description\" content=\"Catedral de Ja\u00e9n: una de las mejores catedrales de Espa\u00f1a (con video). La Catedral de Ja\u00e9n no solo es enorme, sino que muchos la\" \/>\n<meta name=\"robots\" content=\"index, follow, max-snippet:-1, max-image-preview:large, max-video-preview:-1\" \/>\n<link rel=\"canonical\" href=\"https:\/\/mappingspain.com\/es\/catedral-de-jaen-una-de-las-mejores-catedrales-de-espana-con-video\/\" \/>\n<meta property=\"og:locale\" content=\"es_ES\" \/>\n<meta property=\"og:type\" content=\"article\" \/>\n<meta property=\"og:title\" content=\"Catedral de Ja\u00e9n: una de las mejores catedrales de Espa\u00f1a\" \/>\n<meta property=\"og:description\" content=\"Catedral de Ja\u00e9n: una de las mejores catedrales de Espa\u00f1a (con video). La Catedral de Ja\u00e9n no solo es enorme, sino que muchos la\" \/>\n<meta property=\"og:url\" content=\"https:\/\/mappingspain.com\/es\/catedral-de-jaen-una-de-las-mejores-catedrales-de-espana-con-video\/\" \/>\n<meta property=\"og:site_name\" content=\"Mapping Spain\" \/>\n<meta property=\"article:published_time\" content=\"2021-02-19T18:02:42+00:00\" \/>\n<meta property=\"article:modified_time\" content=\"2025-11-13T12:47:17+00:00\" \/>\n<meta property=\"og:image\" content=\"https:\/\/mappingspain.com\/wp-content\/uploads\/2021\/02\/IMG_8842.jpg\" \/>\n\t<meta property=\"og:image:width\" content=\"1200\" \/>\n\t<meta property=\"og:image:height\" content=\"800\" \/>\n\t<meta property=\"og:image:type\" content=\"image\/jpeg\" \/>\n<meta name=\"author\" content=\"Frank\" \/>\n<meta name=\"twitter:card\" content=\"summary_large_image\" \/>\n<meta name=\"twitter:label1\" content=\"Escrito por\" \/>\n\t<meta name=\"twitter:data1\" content=\"Frank\" \/>\n\t<meta name=\"twitter:label2\" content=\"Tiempo de lectura\" \/>\n\t<meta name=\"twitter:data2\" content=\"5 minutos\" \/>\n<script type=\"application\/ld+json\" class=\"yoast-schema-graph\">{\"@context\":\"https:\\\/\\\/schema.org\",\"@graph\":[{\"@type\":\"Article\",\"@id\":\"https:\\\/\\\/mappingspain.com\\\/es\\\/catedral-de-jaen-una-de-las-mejores-catedrales-de-espana-con-video\\\/#article\",\"isPartOf\":{\"@id\":\"https:\\\/\\\/mappingspain.com\\\/es\\\/catedral-de-jaen-una-de-las-mejores-catedrales-de-espana-con-video\\\/\"},\"author\":{\"name\":\"Frank\",\"@id\":\"https:\\\/\\\/mappingspain.com\\\/es\\\/#\\\/schema\\\/person\\\/1e3c8dae7a8d66a64591f1b41c8b1101\"},\"headline\":\"Catedral de Ja\u00e9n: una de las mejores catedrales de Espa\u00f1a\",\"datePublished\":\"2021-02-19T18:02:42+00:00\",\"dateModified\":\"2025-11-13T12:47:17+00:00\",\"mainEntityOfPage\":{\"@id\":\"https:\\\/\\\/mappingspain.com\\\/es\\\/catedral-de-jaen-una-de-las-mejores-catedrales-de-espana-con-video\\\/\"},\"wordCount\":359,\"commentCount\":0,\"image\":{\"@id\":\"https:\\\/\\\/mappingspain.com\\\/es\\\/catedral-de-jaen-una-de-las-mejores-catedrales-de-espana-con-video\\\/#primaryimage\"},\"thumbnailUrl\":\"https:\\\/\\\/mappingspain.com\\\/wp-content\\\/uploads\\\/2021\\\/02\\\/IMG_8842.jpg\",\"articleSection\":[\"Andalucia\",\"Ja\u00e9n\"],\"inLanguage\":\"es\",\"potentialAction\":[{\"@type\":\"CommentAction\",\"name\":\"Comment\",\"target\":[\"https:\\\/\\\/mappingspain.com\\\/es\\\/catedral-de-jaen-una-de-las-mejores-catedrales-de-espana-con-video\\\/#respond\"]}]},{\"@type\":\"WebPage\",\"@id\":\"https:\\\/\\\/mappingspain.com\\\/es\\\/catedral-de-jaen-una-de-las-mejores-catedrales-de-espana-con-video\\\/\",\"url\":\"https:\\\/\\\/mappingspain.com\\\/es\\\/catedral-de-jaen-una-de-las-mejores-catedrales-de-espana-con-video\\\/\",\"name\":\"Catedral de Ja\u00e9n: una de las mejores catedrales de Espa\u00f1a\",\"isPartOf\":{\"@id\":\"https:\\\/\\\/mappingspain.com\\\/es\\\/#website\"},\"primaryImageOfPage\":{\"@id\":\"https:\\\/\\\/mappingspain.com\\\/es\\\/catedral-de-jaen-una-de-las-mejores-catedrales-de-espana-con-video\\\/#primaryimage\"},\"image\":{\"@id\":\"https:\\\/\\\/mappingspain.com\\\/es\\\/catedral-de-jaen-una-de-las-mejores-catedrales-de-espana-con-video\\\/#primaryimage\"},\"thumbnailUrl\":\"https:\\\/\\\/mappingspain.com\\\/wp-content\\\/uploads\\\/2021\\\/02\\\/IMG_8842.jpg\",\"datePublished\":\"2021-02-19T18:02:42+00:00\",\"dateModified\":\"2025-11-13T12:47:17+00:00\",\"author\":{\"@id\":\"https:\\\/\\\/mappingspain.com\\\/es\\\/#\\\/schema\\\/person\\\/1e3c8dae7a8d66a64591f1b41c8b1101\"},\"description\":\"Catedral de Ja\u00e9n: una de las mejores catedrales de Espa\u00f1a (con video). La Catedral de Ja\u00e9n no solo es enorme, sino que muchos la\",\"breadcrumb\":{\"@id\":\"https:\\\/\\\/mappingspain.com\\\/es\\\/catedral-de-jaen-una-de-las-mejores-catedrales-de-espana-con-video\\\/#breadcrumb\"},\"inLanguage\":\"es\",\"potentialAction\":[{\"@type\":\"ReadAction\",\"target\":[\"https:\\\/\\\/mappingspain.com\\\/es\\\/catedral-de-jaen-una-de-las-mejores-catedrales-de-espana-con-video\\\/\"]}]},{\"@type\":\"ImageObject\",\"inLanguage\":\"es\",\"@id\":\"https:\\\/\\\/mappingspain.com\\\/es\\\/catedral-de-jaen-una-de-las-mejores-catedrales-de-espana-con-video\\\/#primaryimage\",\"url\":\"https:\\\/\\\/mappingspain.com\\\/wp-content\\\/uploads\\\/2021\\\/02\\\/IMG_8842.jpg\",\"contentUrl\":\"https:\\\/\\\/mappingspain.com\\\/wp-content\\\/uploads\\\/2021\\\/02\\\/IMG_8842.jpg\",\"width\":1200,\"height\":800},{\"@type\":\"BreadcrumbList\",\"@id\":\"https:\\\/\\\/mappingspain.com\\\/es\\\/catedral-de-jaen-una-de-las-mejores-catedrales-de-espana-con-video\\\/#breadcrumb\",\"itemListElement\":[{\"@type\":\"ListItem\",\"position\":1,\"name\":\"Home\",\"item\":\"https:\\\/\\\/mappingspain.com\\\/es\\\/\"},{\"@type\":\"ListItem\",\"position\":2,\"name\":\"Catedral de Ja\u00e9n: una de las mejores catedrales de Espa\u00f1a\"}]},{\"@type\":\"WebSite\",\"@id\":\"https:\\\/\\\/mappingspain.com\\\/es\\\/#website\",\"url\":\"https:\\\/\\\/mappingspain.com\\\/es\\\/\",\"name\":\"Mapping Spain\",\"description\":\"Everything Spain!\",\"potentialAction\":[{\"@type\":\"SearchAction\",\"target\":{\"@type\":\"EntryPoint\",\"urlTemplate\":\"https:\\\/\\\/mappingspain.com\\\/es\\\/?s={search_term_string}\"},\"query-input\":{\"@type\":\"PropertyValueSpecification\",\"valueRequired\":true,\"valueName\":\"search_term_string\"}}],\"inLanguage\":\"es\"},{\"@type\":\"Person\",\"@id\":\"https:\\\/\\\/mappingspain.com\\\/es\\\/#\\\/schema\\\/person\\\/1e3c8dae7a8d66a64591f1b41c8b1101\",\"name\":\"Frank\",\"image\":{\"@type\":\"ImageObject\",\"inLanguage\":\"es\",\"@id\":\"https:\\\/\\\/secure.gravatar.com\\\/avatar\\\/a5454735bd4b74c9d0a1bf1f04caac3dbd7f217c7c7fa65d5b39d98bbeab8b4e?s=96&d=mm&r=g\",\"url\":\"https:\\\/\\\/secure.gravatar.com\\\/avatar\\\/a5454735bd4b74c9d0a1bf1f04caac3dbd7f217c7c7fa65d5b39d98bbeab8b4e?s=96&d=mm&r=g\",\"contentUrl\":\"https:\\\/\\\/secure.gravatar.com\\\/avatar\\\/a5454735bd4b74c9d0a1bf1f04caac3dbd7f217c7c7fa65d5b39d98bbeab8b4e?s=96&d=mm&r=g\",\"caption\":\"Frank\"}}]}<\/script>\n<!-- \/ Yoast SEO plugin. -->","yoast_head_json":{"title":"Catedral de Ja\u00e9n: una de las mejores catedrales de Espa\u00f1a","description":"Catedral de Ja\u00e9n: una de las mejores catedrales de Espa\u00f1a (con video). La Catedral de Ja\u00e9n no solo es enorme, sino que muchos la","robots":{"index":"index","follow":"follow","max-snippet":"max-snippet:-1","max-image-preview":"max-image-preview:large","max-video-preview":"max-video-preview:-1"},"canonical":"https:\/\/mappingspain.com\/es\/catedral-de-jaen-una-de-las-mejores-catedrales-de-espana-con-video\/","og_locale":"es_ES","og_type":"article","og_title":"Catedral de Ja\u00e9n: una de las mejores catedrales de Espa\u00f1a","og_description":"Catedral de Ja\u00e9n: una de las mejores catedrales de Espa\u00f1a (con video). La Catedral de Ja\u00e9n no solo es enorme, sino que muchos la","og_url":"https:\/\/mappingspain.com\/es\/catedral-de-jaen-una-de-las-mejores-catedrales-de-espana-con-video\/","og_site_name":"Mapping Spain","article_published_time":"2021-02-19T18:02:42+00:00","article_modified_time":"2025-11-13T12:47:17+00:00","og_image":[{"width":1200,"height":800,"url":"https:\/\/mappingspain.com\/wp-content\/uploads\/2021\/02\/IMG_8842.jpg","type":"image\/jpeg"}],"author":"Frank","twitter_card":"summary_large_image","twitter_misc":{"Escrito por":"Frank","Tiempo de lectura":"5 minutos"},"schema":{"@context":"https:\/\/schema.org","@graph":[{"@type":"Article","@id":"https:\/\/mappingspain.com\/es\/catedral-de-jaen-una-de-las-mejores-catedrales-de-espana-con-video\/#article","isPartOf":{"@id":"https:\/\/mappingspain.com\/es\/catedral-de-jaen-una-de-las-mejores-catedrales-de-espana-con-video\/"},"author":{"name":"Frank","@id":"https:\/\/mappingspain.com\/es\/#\/schema\/person\/1e3c8dae7a8d66a64591f1b41c8b1101"},"headline":"Catedral de Ja\u00e9n: una de las mejores catedrales de Espa\u00f1a","datePublished":"2021-02-19T18:02:42+00:00","dateModified":"2025-11-13T12:47:17+00:00","mainEntityOfPage":{"@id":"https:\/\/mappingspain.com\/es\/catedral-de-jaen-una-de-las-mejores-catedrales-de-espana-con-video\/"},"wordCount":359,"commentCount":0,"image":{"@id":"https:\/\/mappingspain.com\/es\/catedral-de-jaen-una-de-las-mejores-catedrales-de-espana-con-video\/#primaryimage"},"thumbnailUrl":"https:\/\/mappingspain.com\/wp-content\/uploads\/2021\/02\/IMG_8842.jpg","articleSection":["Andalucia","Ja\u00e9n"],"inLanguage":"es","potentialAction":[{"@type":"CommentAction","name":"Comment","target":["https:\/\/mappingspain.com\/es\/catedral-de-jaen-una-de-las-mejores-catedrales-de-espana-con-video\/#respond"]}]},{"@type":"WebPage","@id":"https:\/\/mappingspain.com\/es\/catedral-de-jaen-una-de-las-mejores-catedrales-de-espana-con-video\/","url":"https:\/\/mappingspain.com\/es\/catedral-de-jaen-una-de-las-mejores-catedrales-de-espana-con-video\/","name":"Catedral de Ja\u00e9n: una de las mejores catedrales de Espa\u00f1a","isPartOf":{"@id":"https:\/\/mappingspain.com\/es\/#website"},"primaryImageOfPage":{"@id":"https:\/\/mappingspain.com\/es\/catedral-de-jaen-una-de-las-mejores-catedrales-de-espana-con-video\/#primaryimage"},"image":{"@id":"https:\/\/mappingspain.com\/es\/catedral-de-jaen-una-de-las-mejores-catedrales-de-espana-con-video\/#primaryimage"},"thumbnailUrl":"https:\/\/mappingspain.com\/wp-content\/uploads\/2021\/02\/IMG_8842.jpg","datePublished":"2021-02-19T18:02:42+00:00","dateModified":"2025-11-13T12:47:17+00:00","author":{"@id":"https:\/\/mappingspain.com\/es\/#\/schema\/person\/1e3c8dae7a8d66a64591f1b41c8b1101"},"description":"Catedral de Ja\u00e9n: una de las mejores catedrales de Espa\u00f1a (con video). La Catedral de Ja\u00e9n no solo es enorme, sino que muchos la","breadcrumb":{"@id":"https:\/\/mappingspain.com\/es\/catedral-de-jaen-una-de-las-mejores-catedrales-de-espana-con-video\/#breadcrumb"},"inLanguage":"es","potentialAction":[{"@type":"ReadAction","target":["https:\/\/mappingspain.com\/es\/catedral-de-jaen-una-de-las-mejores-catedrales-de-espana-con-video\/"]}]},{"@type":"ImageObject","inLanguage":"es","@id":"https:\/\/mappingspain.com\/es\/catedral-de-jaen-una-de-las-mejores-catedrales-de-espana-con-video\/#primaryimage","url":"https:\/\/mappingspain.com\/wp-content\/uploads\/2021\/02\/IMG_8842.jpg","contentUrl":"https:\/\/mappingspain.com\/wp-content\/uploads\/2021\/02\/IMG_8842.jpg","width":1200,"height":800},{"@type":"BreadcrumbList","@id":"https:\/\/mappingspain.com\/es\/catedral-de-jaen-una-de-las-mejores-catedrales-de-espana-con-video\/#breadcrumb","itemListElement":[{"@type":"ListItem","position":1,"name":"Home","item":"https:\/\/mappingspain.com\/es\/"},{"@type":"ListItem","position":2,"name":"Catedral de Ja\u00e9n: una de las mejores catedrales de Espa\u00f1a"}]},{"@type":"WebSite","@id":"https:\/\/mappingspain.com\/es\/#website","url":"https:\/\/mappingspain.com\/es\/","name":"Mapping Spain","description":"Everything Spain!","potentialAction":[{"@type":"SearchAction","target":{"@type":"EntryPoint","urlTemplate":"https:\/\/mappingspain.com\/es\/?s={search_term_string}"},"query-input":{"@type":"PropertyValueSpecification","valueRequired":true,"valueName":"search_term_string"}}],"inLanguage":"es"},{"@type":"Person","@id":"https:\/\/mappingspain.com\/es\/#\/schema\/person\/1e3c8dae7a8d66a64591f1b41c8b1101","name":"Frank","image":{"@type":"ImageObject","inLanguage":"es","@id":"https:\/\/secure.gravatar.com\/avatar\/a5454735bd4b74c9d0a1bf1f04caac3dbd7f217c7c7fa65d5b39d98bbeab8b4e?s=96&d=mm&r=g","url":"https:\/\/secure.gravatar.com\/avatar\/a5454735bd4b74c9d0a1bf1f04caac3dbd7f217c7c7fa65d5b39d98bbeab8b4e?s=96&d=mm&r=g","contentUrl":"https:\/\/secure.gravatar.com\/avatar\/a5454735bd4b74c9d0a1bf1f04caac3dbd7f217c7c7fa65d5b39d98bbeab8b4e?s=96&d=mm&r=g","caption":"Frank"}}]}},"featured_image_src":"https:\/\/mappingspain.com\/wp-content\/uploads\/2021\/02\/IMG_8842-600x400.jpg","featured_image_src_square":"https:\/\/mappingspain.com\/wp-content\/uploads\/2021\/02\/IMG_8842-600x600.jpg","author_info":{"display_name":"Frank","author_link":"https:\/\/mappingspain.com\/es\/author\/frank\/"},"_links":{"self":[{"href":"https:\/\/mappingspain.com\/es\/wp-json\/wp\/v2\/posts\/7499","targetHints":{"allow":["GET"]}}],"collection":[{"href":"https:\/\/mappingspain.com\/es\/wp-json\/wp\/v2\/posts"}],"about":[{"href":"https:\/\/mappingspain.com\/es\/wp-json\/wp\/v2\/types\/post"}],"author":[{"embeddable":true,"href":"https:\/\/mappingspain.com\/es\/wp-json\/wp\/v2\/users\/2"}],"replies":[{"embeddable":true,"href":"https:\/\/mappingspain.com\/es\/wp-json\/wp\/v2\/comments?post=7499"}],"version-history":[{"count":10,"href":"https:\/\/mappingspain.com\/es\/wp-json\/wp\/v2\/posts\/7499\/revisions"}],"predecessor-version":[{"id":28169,"href":"https:\/\/mappingspain.com\/es\/wp-json\/wp\/v2\/posts\/7499\/revisions\/28169"}],"wp:featuredmedia":[{"embeddable":true,"href":"https:\/\/mappingspain.com\/es\/wp-json\/wp\/v2\/media\/28115"}],"wp:attachment":[{"href":"https:\/\/mappingspain.com\/es\/wp-json\/wp\/v2\/media?parent=7499"}],"wp:term":[{"taxonomy":"category","embeddable":true,"href":"https:\/\/mappingspain.com\/es\/wp-json\/wp\/v2\/categories?post=7499"},{"taxonomy":"post_tag","embeddable":true,"href":"https:\/\/mappingspain.com\/es\/wp-json\/wp\/v2\/tags?post=7499"}],"curies":[{"name":"wp","href":"https:\/\/api.w.org\/{rel}","templated":true}]}}