{"id":11266,"date":"2023-04-17T15:46:00","date_gmt":"2023-04-17T15:46:00","guid":{"rendered":"https:\/\/mappingspain.com\/?p=11266"},"modified":"2025-10-22T13:41:44","modified_gmt":"2025-10-22T13:41:44","slug":"les-plages-de-nerja","status":"publish","type":"post","link":"https:\/\/mappingspain.com\/fr\/les-plages-de-nerja\/","title":{"rendered":"Les plages de Nerja"},"content":{"rendered":"\n<p><mark style=\"background-color:rgba(0, 0, 0, 0);color:#ffffff\" class=\"has-inline-color\">Les plages de Nerja<\/mark><\/p>\n\n\n\n<p><strong>Nerja est l&rsquo;endroit id\u00e9al si vous aimez les plages<\/strong>. Il y a des plages tout autour de ce littoral et vous trouverez toutes sortes de plages : des plages longues, larges et sablonneuses aux petites plages priv\u00e9es cach\u00e9es dans des criques.<\/p>\n\n\n\n<p>Dans cet article, je ne couvre que les plages \u00e0 proximit\u00e9 du centre de Nerja &#8211; le maximum que vous marcherez pour vous rendre \u00e0 l&rsquo;une des plages de cette liste est de 15 minutes.<\/p>\n\n\n\n<div style=\"height:37px\" aria-hidden=\"true\" class=\"wp-block-spacer\"><\/div>\n\n\n\n<figure class=\"wp-block-image size-large\"><a href=\"http:\/\/mappingspain.com\/wp-content\/uploads\/2020\/10\/Beaches-of-Nerja-map-scaled.jpg\" target=\"_blank\" rel=\"noopener noreferrer\"><img decoding=\"async\" width=\"1024\" height=\"499\" src=\"http:\/\/mappingspain.com\/wp-content\/uploads\/2020\/10\/Beaches-of-Nerja-map-1024x499.jpg\" alt=\"Map of the beaches of Nerja\" class=\"wp-image-156\" title=\"Map of the beaches of Nerja\" srcset=\"https:\/\/mappingspain.com\/wp-content\/uploads\/2020\/10\/Beaches-of-Nerja-map-1024x499.jpg 1024w, https:\/\/mappingspain.com\/wp-content\/uploads\/2020\/10\/Beaches-of-Nerja-map-300x146.jpg 300w, https:\/\/mappingspain.com\/wp-content\/uploads\/2020\/10\/Beaches-of-Nerja-map-768x375.jpg 768w, https:\/\/mappingspain.com\/wp-content\/uploads\/2020\/10\/Beaches-of-Nerja-map-1536x749.jpg 1536w, https:\/\/mappingspain.com\/wp-content\/uploads\/2020\/10\/Beaches-of-Nerja-map-2048x999.jpg 2048w\" sizes=\"(max-width: 1024px) 100vw, 1024px\" \/><\/a><figcaption class=\"wp-element-caption\">Cliquez sur la carte ci-dessus pour l&rsquo;agrandir<\/figcaption><\/figure>\n\n\n<p><iframe loading=\"lazy\" width=\"800\" height=\"450\" src=\"https:\/\/www.youtube.com\/embed\/yVvnt24FtP0\" title=\"YouTube video player\" frameborder=\"0\" allow=\"accelerometer; autoplay; clipboard-write; encrypted-media; gyroscope; picture-in-picture; web-share\" allowfullscreen=\"\"><\/iframe><\/p>\n\n\n<p class=\"has-text-align-center\"><em>Vid\u00e9o : Je parle en anglais les 25 premi\u00e8res secondes. Mais apr\u00e8s ce ne sont que des images<\/em><\/p>\n\n\n\n<div style=\"height:58px\" aria-hidden=\"true\" class=\"wp-block-spacer\"><\/div>\n\n\n\n<p><strong>En partant de l&rsquo;Est  en allant vers l&rsquo;Ouest\u2026<\/strong><\/p>\n\n\n\n<p class=\"has-text-color\" style=\"color:#2788b1\"><\/p>\n\n\n\n<div style=\"height:20px\" aria-hidden=\"true\" class=\"wp-block-spacer\"><\/div>\n\n\n\n<h3 class=\"wp-block-heading\"><strong>Plage de Burriana<\/strong><\/h3>\n\n\n\n<p><\/p>\n\n\n\n<p>La plage de Burriana est la plage la plus populaire de Nerja. Il est situ\u00e9 \u00e0 l&rsquo;extr\u00eame est de la ville, \u00e0 environ 15 minutes \u00e0 pied du centre-ville.<\/p>\n\n\n\n<div style=\"height:23px\" aria-hidden=\"true\" class=\"wp-block-spacer\"><\/div>\n\n\n\n<figure class=\"wp-block-image size-large\"><img decoding=\"async\" width=\"1024\" height=\"683\" src=\"http:\/\/mappingspain.com\/wp-content\/uploads\/2023\/04\/Burriana-beach-1024x683.jpg\" alt=\"\" class=\"wp-image-11188\" title=\"Views of Burriana beach, Nerja\" srcset=\"https:\/\/mappingspain.com\/wp-content\/uploads\/2023\/04\/Burriana-beach-1024x683.jpg 1024w, https:\/\/mappingspain.com\/wp-content\/uploads\/2023\/04\/Burriana-beach-300x200.jpg 300w, https:\/\/mappingspain.com\/wp-content\/uploads\/2023\/04\/Burriana-beach-768x512.jpg 768w, https:\/\/mappingspain.com\/wp-content\/uploads\/2023\/04\/Burriana-beach-600x400.jpg 600w, https:\/\/mappingspain.com\/wp-content\/uploads\/2023\/04\/Burriana-beach.jpg 1200w\" sizes=\"(max-width: 1024px) 100vw, 1024px\" \/><\/figure>\n\n\n\n<figure class=\"wp-block-image size-large\"><img decoding=\"async\" width=\"1000\" height=\"732\" src=\"http:\/\/mappingspain.com\/wp-content\/uploads\/2020\/10\/Burriana-Beach-Nerja.jpg\" alt=\"Entry to Burriana beach\" class=\"wp-image-157\" title=\"Entry to Burriana beach\" srcset=\"https:\/\/mappingspain.com\/wp-content\/uploads\/2020\/10\/Burriana-Beach-Nerja.jpg 1000w, https:\/\/mappingspain.com\/wp-content\/uploads\/2020\/10\/Burriana-Beach-Nerja-300x220.jpg 300w, https:\/\/mappingspain.com\/wp-content\/uploads\/2020\/10\/Burriana-Beach-Nerja-768x562.jpg 768w\" sizes=\"(max-width: 1000px) 100vw, 1000px\" \/><\/figure>\n\n\n\n<figure class=\"wp-block-image size-large\"><img decoding=\"async\" width=\"1024\" height=\"683\" src=\"http:\/\/mappingspain.com\/wp-content\/uploads\/2023\/04\/burriana-beach-nerja-1024x683.jpg\" alt=\"\" class=\"wp-image-11191\" srcset=\"https:\/\/mappingspain.com\/wp-content\/uploads\/2023\/04\/burriana-beach-nerja-1024x683.jpg 1024w, https:\/\/mappingspain.com\/wp-content\/uploads\/2023\/04\/burriana-beach-nerja-300x200.jpg 300w, https:\/\/mappingspain.com\/wp-content\/uploads\/2023\/04\/burriana-beach-nerja-768x512.jpg 768w, https:\/\/mappingspain.com\/wp-content\/uploads\/2023\/04\/burriana-beach-nerja-600x400.jpg 600w, https:\/\/mappingspain.com\/wp-content\/uploads\/2023\/04\/burriana-beach-nerja.jpg 1200w\" sizes=\"(max-width: 1024px) 100vw, 1024px\" \/><\/figure>\n\n\n\n<div style=\"height:28px\" aria-hidden=\"true\" class=\"wp-block-spacer\"><\/div>\n\n\n\n<p>C&rsquo;est une grande plage de sable avec toutes les commodit\u00e9s : douches, sanitaires, restaurants, bars. C&rsquo;est bon pour les sports nautiques et il y a m\u00eame une section r\u00e9serv\u00e9e aux sports de balle (volley-ball, football, etc.) &#8211; c&rsquo;est la plage la mieux \u00e9quip\u00e9e de Nerja. La plage est bien entretenue et a re\u00e7u le \u00ab\u00a0Q\u00a0\u00bb pour la qualit\u00e9 touristique.<\/p>\n\n\n\n<div style=\"height:31px\" aria-hidden=\"true\" class=\"wp-block-spacer\"><\/div>\n\n\n\n<figure class=\"wp-block-image size-large\"><img decoding=\"async\" width=\"1000\" height=\"667\" src=\"http:\/\/mappingspain.com\/wp-content\/uploads\/2020\/10\/facilities-on-Burriana-Beach.jpg\" alt=\"Facilities at Burriana beach. Nerja\" class=\"wp-image-158\" title=\"Facilities at Burriana beach. Nerja\" srcset=\"https:\/\/mappingspain.com\/wp-content\/uploads\/2020\/10\/facilities-on-Burriana-Beach.jpg 1000w, https:\/\/mappingspain.com\/wp-content\/uploads\/2020\/10\/facilities-on-Burriana-Beach-300x200.jpg 300w, https:\/\/mappingspain.com\/wp-content\/uploads\/2020\/10\/facilities-on-Burriana-Beach-768x512.jpg 768w, https:\/\/mappingspain.com\/wp-content\/uploads\/2020\/10\/facilities-on-Burriana-Beach-600x400.jpg 600w\" sizes=\"(max-width: 1000px) 100vw, 1000px\" \/><\/figure>\n\n\n<hr>\n<div class=\"content_hint\">&nbsp;<\/div>\n<hr>\n\n\n<figure class=\"wp-block-image size-large\"><img decoding=\"async\" width=\"1024\" height=\"683\" src=\"http:\/\/mappingspain.com\/wp-content\/uploads\/2023\/04\/burriana-beach-restaurants-1024x683.jpg\" alt=\"\" class=\"wp-image-11194\" srcset=\"https:\/\/mappingspain.com\/wp-content\/uploads\/2023\/04\/burriana-beach-restaurants-1024x683.jpg 1024w, https:\/\/mappingspain.com\/wp-content\/uploads\/2023\/04\/burriana-beach-restaurants-300x200.jpg 300w, https:\/\/mappingspain.com\/wp-content\/uploads\/2023\/04\/burriana-beach-restaurants-768x512.jpg 768w, https:\/\/mappingspain.com\/wp-content\/uploads\/2023\/04\/burriana-beach-restaurants-600x400.jpg 600w, https:\/\/mappingspain.com\/wp-content\/uploads\/2023\/04\/burriana-beach-restaurants.jpg 1200w\" sizes=\"(max-width: 1024px) 100vw, 1024px\" \/><\/figure>\n\n\n\n<figure class=\"wp-block-image size-large\"><img decoding=\"async\" width=\"1000\" height=\"750\" src=\"http:\/\/mappingspain.com\/wp-content\/uploads\/2020\/10\/boat-on-Burriana-Beach.jpg\" alt=\"Nerja's Burriana beach\" class=\"wp-image-159\" title=\"Nerja's Burriana beach\" srcset=\"https:\/\/mappingspain.com\/wp-content\/uploads\/2020\/10\/boat-on-Burriana-Beach.jpg 1000w, https:\/\/mappingspain.com\/wp-content\/uploads\/2020\/10\/boat-on-Burriana-Beach-300x225.jpg 300w, https:\/\/mappingspain.com\/wp-content\/uploads\/2020\/10\/boat-on-Burriana-Beach-768x576.jpg 768w\" sizes=\"(max-width: 1000px) 100vw, 1000px\" \/><\/figure>\n\n\n\n<div style=\"height:100px\" aria-hidden=\"true\" class=\"wp-block-spacer\"><\/div>\n\n\n\n<h3 class=\"wp-block-heading\"><strong>Plage de Carabeillo<\/strong><\/h3>\n\n\n\n<p>La plage de Carabeillo est une petite plage dans une crique. Vous pouvez la contempler depuis le Mirador del Bendito &#8211; elle est magnifique avec sa v\u00e9g\u00e9tation luxuriante et ses eaux claires. C&rsquo;est une plage priv\u00e9e pittoresque (il n&rsquo;y a cependant pas d&rsquo;installations).<\/p>\n\n\n\n<div style=\"height:25px\" aria-hidden=\"true\" class=\"wp-block-spacer\"><\/div>\n\n\n\n<figure class=\"wp-block-image size-large\"><img decoding=\"async\" width=\"1024\" height=\"683\" src=\"http:\/\/mappingspain.com\/wp-content\/uploads\/2023\/04\/Carabeillo-Beach-3-1024x683.jpg\" alt=\"\" class=\"wp-image-11197\" title=\"Carabeillo Beach, Nerja\" srcset=\"https:\/\/mappingspain.com\/wp-content\/uploads\/2023\/04\/Carabeillo-Beach-3-1024x683.jpg 1024w, https:\/\/mappingspain.com\/wp-content\/uploads\/2023\/04\/Carabeillo-Beach-3-300x200.jpg 300w, https:\/\/mappingspain.com\/wp-content\/uploads\/2023\/04\/Carabeillo-Beach-3-768x512.jpg 768w, https:\/\/mappingspain.com\/wp-content\/uploads\/2023\/04\/Carabeillo-Beach-3-600x400.jpg 600w, https:\/\/mappingspain.com\/wp-content\/uploads\/2023\/04\/Carabeillo-Beach-3.jpg 1200w\" sizes=\"(max-width: 1024px) 100vw, 1024px\" \/><\/figure>\n\n\n\n<figure class=\"wp-block-image size-large\"><img decoding=\"async\" width=\"1024\" height=\"683\" src=\"http:\/\/mappingspain.com\/wp-content\/uploads\/2023\/04\/Carabeillo-Beach-1024x683.jpg\" alt=\"\" class=\"wp-image-11200\" srcset=\"https:\/\/mappingspain.com\/wp-content\/uploads\/2023\/04\/Carabeillo-Beach-1024x683.jpg 1024w, https:\/\/mappingspain.com\/wp-content\/uploads\/2023\/04\/Carabeillo-Beach-300x200.jpg 300w, https:\/\/mappingspain.com\/wp-content\/uploads\/2023\/04\/Carabeillo-Beach-768x512.jpg 768w, https:\/\/mappingspain.com\/wp-content\/uploads\/2023\/04\/Carabeillo-Beach-600x400.jpg 600w, https:\/\/mappingspain.com\/wp-content\/uploads\/2023\/04\/Carabeillo-Beach.jpg 1200w\" sizes=\"(max-width: 1024px) 100vw, 1024px\" \/><\/figure>\n\n\n<hr>\n<div class=\"content_hint\">&nbsp;<\/div>\n<hr>\n\n\n<figure class=\"wp-block-image size-large\"><img decoding=\"async\" width=\"1024\" height=\"683\" src=\"http:\/\/mappingspain.com\/wp-content\/uploads\/2023\/04\/Carabeillo-Beach-Nerja-1024x683.jpg\" alt=\"\" class=\"wp-image-11203\" title=\"Carabeillo Beach sign, Nerja\" srcset=\"https:\/\/mappingspain.com\/wp-content\/uploads\/2023\/04\/Carabeillo-Beach-Nerja-1024x683.jpg 1024w, https:\/\/mappingspain.com\/wp-content\/uploads\/2023\/04\/Carabeillo-Beach-Nerja-300x200.jpg 300w, https:\/\/mappingspain.com\/wp-content\/uploads\/2023\/04\/Carabeillo-Beach-Nerja-768x512.jpg 768w, https:\/\/mappingspain.com\/wp-content\/uploads\/2023\/04\/Carabeillo-Beach-Nerja-600x400.jpg 600w, https:\/\/mappingspain.com\/wp-content\/uploads\/2023\/04\/Carabeillo-Beach-Nerja.jpg 1200w\" sizes=\"(max-width: 1024px) 100vw, 1024px\" \/><\/figure>\n\n\n\n<figure class=\"wp-block-image size-large\"><img decoding=\"async\" width=\"1000\" height=\"750\" src=\"http:\/\/mappingspain.com\/wp-content\/uploads\/2020\/10\/Carabeillo-beach-water.jpg\" alt=\"Carabeillo Beach water, Nerja\" class=\"wp-image-163\" title=\"Carabeillo Beach water, Nerja\" srcset=\"https:\/\/mappingspain.com\/wp-content\/uploads\/2020\/10\/Carabeillo-beach-water.jpg 1000w, https:\/\/mappingspain.com\/wp-content\/uploads\/2020\/10\/Carabeillo-beach-water-300x225.jpg 300w, https:\/\/mappingspain.com\/wp-content\/uploads\/2020\/10\/Carabeillo-beach-water-768x576.jpg 768w\" sizes=\"(max-width: 1000px) 100vw, 1000px\" \/><\/figure>\n\n\n\n<figure class=\"wp-block-image size-large\"><img decoding=\"async\" width=\"1000\" height=\"750\" src=\"http:\/\/mappingspain.com\/wp-content\/uploads\/2020\/10\/Mirador-del-Bendito-at-Carabeillo-beach.jpg\" alt=\"Mirador del Bendito at Carabeillo Beach, Nerja\" class=\"wp-image-161\" title=\"Mirador del Bendito at Carabeillo Beach, Nerja\" srcset=\"https:\/\/mappingspain.com\/wp-content\/uploads\/2020\/10\/Mirador-del-Bendito-at-Carabeillo-beach.jpg 1000w, https:\/\/mappingspain.com\/wp-content\/uploads\/2020\/10\/Mirador-del-Bendito-at-Carabeillo-beach-300x225.jpg 300w, https:\/\/mappingspain.com\/wp-content\/uploads\/2020\/10\/Mirador-del-Bendito-at-Carabeillo-beach-768x576.jpg 768w\" sizes=\"(max-width: 1000px) 100vw, 1000px\" \/><figcaption class=\"wp-element-caption\">Mirador del Bendito surplombe la plage de Carabeillo<\/figcaption><\/figure>\n\n\n\n<div style=\"height:100px\" aria-hidden=\"true\" class=\"wp-block-spacer\"><\/div>\n\n\n\n<h3 class=\"wp-block-heading\"><strong>Plage de Carebeo<\/strong><\/h3>\n\n\n\n<p>Playa de Carebeo est l&rsquo;une de nos pr\u00e9f\u00e9r\u00e9es. Comme Carabeillo, c&rsquo;est une petite plage dans une crique, prot\u00e9g\u00e9e par des falaises de chaque c\u00f4t\u00e9. Pour y acc\u00e9der, il faut descendre d&rsquo;un belv\u00e9d\u00e8re, par un escalier flanqu\u00e9 de diff\u00e9rentes vari\u00e9t\u00e9s de fleurs. C&rsquo;est tres jolie. En \u00e9t\u00e9, la plage est assez fr\u00e9quent\u00e9e (elle se trouve \u00e0 environ 5 minutes du centre-ville). Les installations comprennent des douches, un ma\u00eetre-nageur et vous pouvez louer des transats.<\/p>\n\n\n\n<div style=\"height:28px\" aria-hidden=\"true\" class=\"wp-block-spacer\"><\/div>\n\n\n\n<figure class=\"wp-block-image size-large\"><img decoding=\"async\" width=\"1024\" height=\"683\" src=\"http:\/\/mappingspain.com\/wp-content\/uploads\/2023\/04\/Playa-de-Carebeo-1024x683.jpg\" alt=\"\" class=\"wp-image-11206\" title=\"lookout at Playa de Carebeo\" srcset=\"https:\/\/mappingspain.com\/wp-content\/uploads\/2023\/04\/Playa-de-Carebeo-1024x683.jpg 1024w, https:\/\/mappingspain.com\/wp-content\/uploads\/2023\/04\/Playa-de-Carebeo-300x200.jpg 300w, https:\/\/mappingspain.com\/wp-content\/uploads\/2023\/04\/Playa-de-Carebeo-768x512.jpg 768w, https:\/\/mappingspain.com\/wp-content\/uploads\/2023\/04\/Playa-de-Carebeo-600x400.jpg 600w, https:\/\/mappingspain.com\/wp-content\/uploads\/2023\/04\/Playa-de-Carebeo.jpg 1200w\" sizes=\"(max-width: 1024px) 100vw, 1024px\" \/><\/figure>\n\n\n\n<figure class=\"wp-block-image size-large\"><img decoding=\"async\" width=\"1024\" height=\"683\" src=\"http:\/\/mappingspain.com\/wp-content\/uploads\/2023\/04\/Playa-de-Carebeo-3-1024x683.jpg\" alt=\"\" class=\"wp-image-11209\" title=\"views of Playa de Carebeo, Nerja\" srcset=\"https:\/\/mappingspain.com\/wp-content\/uploads\/2023\/04\/Playa-de-Carebeo-3-1024x683.jpg 1024w, https:\/\/mappingspain.com\/wp-content\/uploads\/2023\/04\/Playa-de-Carebeo-3-300x200.jpg 300w, https:\/\/mappingspain.com\/wp-content\/uploads\/2023\/04\/Playa-de-Carebeo-3-768x512.jpg 768w, https:\/\/mappingspain.com\/wp-content\/uploads\/2023\/04\/Playa-de-Carebeo-3-600x400.jpg 600w, https:\/\/mappingspain.com\/wp-content\/uploads\/2023\/04\/Playa-de-Carebeo-3.jpg 1200w\" sizes=\"(max-width: 1024px) 100vw, 1024px\" \/><\/figure>\n\n\n<hr>\n<div class=\"content_hint\">&nbsp;<\/div>\n<hr>\n\n\n<figure class=\"wp-block-image size-large\"><img decoding=\"async\" width=\"1000\" height=\"750\" src=\"http:\/\/mappingspain.com\/wp-content\/uploads\/2020\/10\/stairs-at-Carabeo-Beach.jpg\" alt=\"Playa de Carebeo, Nerja\" class=\"wp-image-167\" title=\"Playa de Carebeo, Nerja\" srcset=\"https:\/\/mappingspain.com\/wp-content\/uploads\/2020\/10\/stairs-at-Carabeo-Beach.jpg 1000w, https:\/\/mappingspain.com\/wp-content\/uploads\/2020\/10\/stairs-at-Carabeo-Beach-300x225.jpg 300w, https:\/\/mappingspain.com\/wp-content\/uploads\/2020\/10\/stairs-at-Carabeo-Beach-768x576.jpg 768w\" sizes=\"(max-width: 1000px) 100vw, 1000px\" \/><\/figure>\n\n\n\n<figure class=\"wp-block-image size-large\"><img decoding=\"async\" width=\"1024\" height=\"683\" src=\"http:\/\/mappingspain.com\/wp-content\/uploads\/2023\/04\/Playa-de-Carebeo-2-1024x683.jpg\" alt=\"\" class=\"wp-image-11212\" title=\"Playa de Carebeo, Nerja\" srcset=\"https:\/\/mappingspain.com\/wp-content\/uploads\/2023\/04\/Playa-de-Carebeo-2-1024x683.jpg 1024w, https:\/\/mappingspain.com\/wp-content\/uploads\/2023\/04\/Playa-de-Carebeo-2-300x200.jpg 300w, https:\/\/mappingspain.com\/wp-content\/uploads\/2023\/04\/Playa-de-Carebeo-2-768x512.jpg 768w, https:\/\/mappingspain.com\/wp-content\/uploads\/2023\/04\/Playa-de-Carebeo-2-600x400.jpg 600w, https:\/\/mappingspain.com\/wp-content\/uploads\/2023\/04\/Playa-de-Carebeo-2.jpg 1200w\" sizes=\"(max-width: 1024px) 100vw, 1024px\" \/><\/figure>\n\n\n\n<div style=\"height:100px\" aria-hidden=\"true\" class=\"wp-block-spacer\"><\/div>\n\n\n\n<h3 class=\"wp-block-heading\"><strong>Plage de Calahonda<\/strong><\/h3>\n\n\n\n<p>Playa de Calahonda est la plage la plus photographi\u00e9e de Nerja. Il est situ\u00e9 directement sous le Balcon de Europa et vous verrez la plage repr\u00e9sent\u00e9e sur presque toutes les cartes postales de Nerja. Au fond se trouvent des rochers &#8211; vous pouvez les traverser et trouver quelques petites criques (appel\u00e9es collectivement plage El Chorillo).<\/p>\n\n\n\n<div style=\"height:25px\" aria-hidden=\"true\" class=\"wp-block-spacer\"><\/div>\n\n\n\n<figure class=\"wp-block-image size-large\"><img decoding=\"async\" width=\"1024\" height=\"683\" src=\"http:\/\/mappingspain.com\/wp-content\/uploads\/2023\/04\/Playa-de-Calahonda-1024x683.jpg\" alt=\"\" class=\"wp-image-11215\" title=\"Playa de Calahonda, Nerja\" srcset=\"https:\/\/mappingspain.com\/wp-content\/uploads\/2023\/04\/Playa-de-Calahonda-1024x683.jpg 1024w, https:\/\/mappingspain.com\/wp-content\/uploads\/2023\/04\/Playa-de-Calahonda-300x200.jpg 300w, https:\/\/mappingspain.com\/wp-content\/uploads\/2023\/04\/Playa-de-Calahonda-768x512.jpg 768w, https:\/\/mappingspain.com\/wp-content\/uploads\/2023\/04\/Playa-de-Calahonda-600x400.jpg 600w, https:\/\/mappingspain.com\/wp-content\/uploads\/2023\/04\/Playa-de-Calahonda.jpg 1200w\" sizes=\"(max-width: 1024px) 100vw, 1024px\" \/><\/figure>\n\n\n\n<figure class=\"wp-block-image size-large\"><img decoding=\"async\" width=\"1000\" height=\"743\" src=\"http:\/\/mappingspain.com\/wp-content\/uploads\/2020\/10\/passage-to-Calahonda-Beach.jpg\" alt=\"Calahonda hole leading to beach, Nerja\" class=\"wp-image-171\" title=\"Calahonda hole leading to beach, Nerja\" srcset=\"https:\/\/mappingspain.com\/wp-content\/uploads\/2020\/10\/passage-to-Calahonda-Beach.jpg 1000w, https:\/\/mappingspain.com\/wp-content\/uploads\/2020\/10\/passage-to-Calahonda-Beach-300x223.jpg 300w, https:\/\/mappingspain.com\/wp-content\/uploads\/2020\/10\/passage-to-Calahonda-Beach-768x571.jpg 768w\" sizes=\"(max-width: 1000px) 100vw, 1000px\" \/><\/figure>\n\n\n\n<div style=\"height:28px\" aria-hidden=\"true\" class=\"wp-block-spacer\"><\/div>\n\n\n\n<p>Playa de Calahonda est accessible par le trou de Calahonda dans le mur (situ\u00e9 au coin de la fontaine du Balcon de Europa). C&rsquo;est une plage anim\u00e9e et vous y trouverez des toilettes, des douches et une buvette.<\/p>\n\n\n\n<div style=\"height:34px\" aria-hidden=\"true\" class=\"wp-block-spacer\"><\/div>\n\n\n\n<figure class=\"wp-block-image size-large\"><img decoding=\"async\" width=\"1024\" height=\"683\" src=\"http:\/\/mappingspain.com\/wp-content\/uploads\/2023\/04\/Playa-de-Calahonda-2-1024x683.jpg\" alt=\"\" class=\"wp-image-11218\" title=\"Calahonda beach, Nerja\" srcset=\"https:\/\/mappingspain.com\/wp-content\/uploads\/2023\/04\/Playa-de-Calahonda-2-1024x683.jpg 1024w, https:\/\/mappingspain.com\/wp-content\/uploads\/2023\/04\/Playa-de-Calahonda-2-300x200.jpg 300w, https:\/\/mappingspain.com\/wp-content\/uploads\/2023\/04\/Playa-de-Calahonda-2-768x512.jpg 768w, https:\/\/mappingspain.com\/wp-content\/uploads\/2023\/04\/Playa-de-Calahonda-2-600x400.jpg 600w, https:\/\/mappingspain.com\/wp-content\/uploads\/2023\/04\/Playa-de-Calahonda-2.jpg 1200w\" sizes=\"(max-width: 1024px) 100vw, 1024px\" \/><\/figure>\n\n\n\n<figure class=\"wp-block-image size-large\"><img decoding=\"async\" width=\"1024\" height=\"683\" src=\"http:\/\/mappingspain.com\/wp-content\/uploads\/2023\/04\/Calahonda-1024x683.jpg\" alt=\"\" class=\"wp-image-11221\" title=\"The Beaches of Nerja\" srcset=\"https:\/\/mappingspain.com\/wp-content\/uploads\/2023\/04\/Calahonda-1024x683.jpg 1024w, https:\/\/mappingspain.com\/wp-content\/uploads\/2023\/04\/Calahonda-300x200.jpg 300w, https:\/\/mappingspain.com\/wp-content\/uploads\/2023\/04\/Calahonda-768x512.jpg 768w, https:\/\/mappingspain.com\/wp-content\/uploads\/2023\/04\/Calahonda-600x400.jpg 600w, https:\/\/mappingspain.com\/wp-content\/uploads\/2023\/04\/Calahonda.jpg 1200w\" sizes=\"(max-width: 1024px) 100vw, 1024px\" \/><\/figure>\n\n\n<hr>\n<div class=\"content_hint\">&nbsp;<\/div>\n<hr>\n\n\n<div style=\"height:100px\" aria-hidden=\"true\" class=\"wp-block-spacer\"><\/div>\n\n\n\n<hr class=\"wp-block-separator has-css-opacity is-style-wide\"\/>\n\n\n\n<h3 class=\"wp-block-heading\"><strong><em>Plus: <\/em><\/strong><em><strong><a href=\"https:\/\/mappingspain.com\/fr\/comment-est-la-ville-de-nerja\/\" target=\"_blank\" rel=\"noreferrer noopener\">Comment est la ville de Nerja ?<\/a><\/strong><\/em><\/h3>\n\n\n\n<div style=\"height:47px\" aria-hidden=\"true\" class=\"wp-block-spacer\"><\/div>\n\n\n\n<h3 class=\"wp-block-heading\"><strong>La Caletilla<\/strong><\/h3>\n\n\n\n<p>La Caletilla est accessible par le m\u00eame trou de Calahonda dans le mur, continuez simplement \u00e0 marcher sur le chemin autour du virage. C&rsquo;est une petite plage orient\u00e9e vers l&rsquo;ouest et \u00e0 cause de cela, il y a du soleil en fin d&rsquo;apr\u00e8s-midi lorsque certaines des autres plages que j&rsquo;ai mentionn\u00e9es pr\u00e9c\u00e9demment sont ombrag\u00e9es. C&rsquo;est petit et priv\u00e9 (il y a quelques criques cach\u00e9es au bout de la plage). Il n&rsquo;y a pas d&rsquo;installations cependant, vous devez marcher jusqu&rsquo;\u00e0 la plage de Calahonda.<\/p>\n\n\n\n<div style=\"height:31px\" aria-hidden=\"true\" class=\"wp-block-spacer\"><\/div>\n\n\n\n<figure class=\"wp-block-image size-large\"><img decoding=\"async\" width=\"1024\" height=\"683\" src=\"http:\/\/mappingspain.com\/wp-content\/uploads\/2023\/04\/La-Caletilla-1024x683.jpg\" alt=\"\" class=\"wp-image-11224\" title=\"La Caletilla beach from balcon de Europa\" srcset=\"https:\/\/mappingspain.com\/wp-content\/uploads\/2023\/04\/La-Caletilla-1024x683.jpg 1024w, https:\/\/mappingspain.com\/wp-content\/uploads\/2023\/04\/La-Caletilla-300x200.jpg 300w, https:\/\/mappingspain.com\/wp-content\/uploads\/2023\/04\/La-Caletilla-768x512.jpg 768w, https:\/\/mappingspain.com\/wp-content\/uploads\/2023\/04\/La-Caletilla-600x400.jpg 600w, https:\/\/mappingspain.com\/wp-content\/uploads\/2023\/04\/La-Caletilla.jpg 1200w\" sizes=\"(max-width: 1024px) 100vw, 1024px\" \/><\/figure>\n\n\n\n<figure class=\"wp-block-image size-large\"><img decoding=\"async\" width=\"1000\" height=\"750\" src=\"http:\/\/mappingspain.com\/wp-content\/uploads\/2020\/10\/Caletilla-Beach-fun.jpg\" alt=\"La Caletilla beach, Nerja\" class=\"wp-image-176\" title=\"La Caletilla beach, Nerja\" srcset=\"https:\/\/mappingspain.com\/wp-content\/uploads\/2020\/10\/Caletilla-Beach-fun.jpg 1000w, https:\/\/mappingspain.com\/wp-content\/uploads\/2020\/10\/Caletilla-Beach-fun-300x225.jpg 300w, https:\/\/mappingspain.com\/wp-content\/uploads\/2020\/10\/Caletilla-Beach-fun-768x576.jpg 768w\" sizes=\"(max-width: 1000px) 100vw, 1000px\" \/><\/figure>\n\n\n\n<div style=\"height:100px\" aria-hidden=\"true\" class=\"wp-block-spacer\"><\/div>\n\n\n\n<h3 class=\"wp-block-heading\"><strong>Plage El Salon<\/strong><\/h3>\n\n\n\n<p>La plage d&rsquo;El Salon est l&rsquo;une de nos pr\u00e9f\u00e9r\u00e9es. C&rsquo;est une plage de sable de taille moyenne \u00e0 quelques minutes du balcon. Le chemin menant \u00e0 la plage est pittoresque et la plage compte quelques maisons color\u00e9es et des bateaux appartenant \u00e0 des p\u00eacheurs.<\/p>\n\n\n\n<div style=\"height:30px\" aria-hidden=\"true\" class=\"wp-block-spacer\"><\/div>\n\n\n\n<figure class=\"wp-block-image size-large\"><img decoding=\"async\" width=\"1024\" height=\"683\" src=\"http:\/\/mappingspain.com\/wp-content\/uploads\/2023\/04\/el-salon-beach-2-1024x683.jpg\" alt=\"\" class=\"wp-image-11227\" title=\"El Salon beach, Nerja\" srcset=\"https:\/\/mappingspain.com\/wp-content\/uploads\/2023\/04\/el-salon-beach-2-1024x683.jpg 1024w, https:\/\/mappingspain.com\/wp-content\/uploads\/2023\/04\/el-salon-beach-2-300x200.jpg 300w, https:\/\/mappingspain.com\/wp-content\/uploads\/2023\/04\/el-salon-beach-2-768x512.jpg 768w, https:\/\/mappingspain.com\/wp-content\/uploads\/2023\/04\/el-salon-beach-2-600x400.jpg 600w, https:\/\/mappingspain.com\/wp-content\/uploads\/2023\/04\/el-salon-beach-2.jpg 1200w\" sizes=\"(max-width: 1024px) 100vw, 1024px\" \/><\/figure>\n\n\n\n<figure class=\"wp-block-image size-large\"><img decoding=\"async\" width=\"1024\" height=\"683\" src=\"http:\/\/mappingspain.com\/wp-content\/uploads\/2023\/04\/el-Salon-beach-1024x683.jpg\" alt=\"\" class=\"wp-image-11230\" title=\"The Beaches of Nerja\" srcset=\"https:\/\/mappingspain.com\/wp-content\/uploads\/2023\/04\/el-Salon-beach-1024x683.jpg 1024w, https:\/\/mappingspain.com\/wp-content\/uploads\/2023\/04\/el-Salon-beach-300x200.jpg 300w, https:\/\/mappingspain.com\/wp-content\/uploads\/2023\/04\/el-Salon-beach-768x512.jpg 768w, https:\/\/mappingspain.com\/wp-content\/uploads\/2023\/04\/el-Salon-beach-600x400.jpg 600w, https:\/\/mappingspain.com\/wp-content\/uploads\/2023\/04\/el-Salon-beach.jpg 1200w\" sizes=\"(max-width: 1024px) 100vw, 1024px\" \/><\/figure>\n\n\n<hr>\n<div class=\"content_hint\">&nbsp;<\/div>\n<hr>\n\n\n<figure class=\"wp-block-image size-large\"><img decoding=\"async\" width=\"1024\" height=\"683\" src=\"http:\/\/mappingspain.com\/wp-content\/uploads\/2023\/04\/el-salon-beach-3-1024x683.jpg\" alt=\"\" class=\"wp-image-11233\" title=\"El Salon beach \" srcset=\"https:\/\/mappingspain.com\/wp-content\/uploads\/2023\/04\/el-salon-beach-3-1024x683.jpg 1024w, https:\/\/mappingspain.com\/wp-content\/uploads\/2023\/04\/el-salon-beach-3-300x200.jpg 300w, https:\/\/mappingspain.com\/wp-content\/uploads\/2023\/04\/el-salon-beach-3-768x512.jpg 768w, https:\/\/mappingspain.com\/wp-content\/uploads\/2023\/04\/el-salon-beach-3-600x400.jpg 600w, https:\/\/mappingspain.com\/wp-content\/uploads\/2023\/04\/el-salon-beach-3.jpg 1200w\" sizes=\"(max-width: 1024px) 100vw, 1024px\" \/><\/figure>\n\n\n\n<figure class=\"wp-block-image size-large\"><img decoding=\"async\" width=\"1024\" height=\"683\" src=\"http:\/\/mappingspain.com\/wp-content\/uploads\/2023\/04\/path-to-el-salon-beach-1024x683.jpg\" alt=\"\" class=\"wp-image-11239\" srcset=\"https:\/\/mappingspain.com\/wp-content\/uploads\/2023\/04\/path-to-el-salon-beach-1024x683.jpg 1024w, https:\/\/mappingspain.com\/wp-content\/uploads\/2023\/04\/path-to-el-salon-beach-300x200.jpg 300w, https:\/\/mappingspain.com\/wp-content\/uploads\/2023\/04\/path-to-el-salon-beach-768x512.jpg 768w, https:\/\/mappingspain.com\/wp-content\/uploads\/2023\/04\/path-to-el-salon-beach-600x400.jpg 600w, https:\/\/mappingspain.com\/wp-content\/uploads\/2023\/04\/path-to-el-salon-beach.jpg 1200w\" sizes=\"(max-width: 1024px) 100vw, 1024px\" \/><\/figure>\n\n\n\n<figure class=\"wp-block-image size-large\"><img decoding=\"async\" width=\"1024\" height=\"683\" src=\"http:\/\/mappingspain.com\/wp-content\/uploads\/2023\/04\/statue-overlooking-El-Salon-beach-nerja-1024x683.jpg\" alt=\"\" class=\"wp-image-11236\" srcset=\"https:\/\/mappingspain.com\/wp-content\/uploads\/2023\/04\/statue-overlooking-El-Salon-beach-nerja-1024x683.jpg 1024w, https:\/\/mappingspain.com\/wp-content\/uploads\/2023\/04\/statue-overlooking-El-Salon-beach-nerja-300x200.jpg 300w, https:\/\/mappingspain.com\/wp-content\/uploads\/2023\/04\/statue-overlooking-El-Salon-beach-nerja-768x512.jpg 768w, https:\/\/mappingspain.com\/wp-content\/uploads\/2023\/04\/statue-overlooking-El-Salon-beach-nerja-600x400.jpg 600w, https:\/\/mappingspain.com\/wp-content\/uploads\/2023\/04\/statue-overlooking-El-Salon-beach-nerja.jpg 1200w\" sizes=\"(max-width: 1024px) 100vw, 1024px\" \/><\/figure>\n\n\n\n<div style=\"height:23px\" aria-hidden=\"true\" class=\"wp-block-spacer\"><\/div>\n\n\n\n<p>La plage dispose de douches, de toilettes, d&rsquo;un ma\u00eetre nageur et d&rsquo;un endroit pour louer des transats.<\/p>\n\n\n<hr>\n<div class=\"content_hint\">&nbsp;<\/div>\n<hr>\n\n\n<div style=\"height:100px\" aria-hidden=\"true\" class=\"wp-block-spacer\"><\/div>\n\n\n\n<h3 class=\"wp-block-heading\"><strong>Plage de Torrecilla<\/strong><\/h3>\n\n\n\n<p>La plage de Torrecilla est, comme la plage de Burriana, l&rsquo;une des plages les plus populaires de Nerja. Aussi, comme Burriana, il a re\u00e7u le prix \u00ab Q \u00bb pour la qualit\u00e9 touristique. Il y a des bars, des restaurants, des douches, des toilettes\u2026 essentiellement toutes les installations dont vous avez besoin. La promenade est large et est un endroit id\u00e9al pour marcher et faire du jogging. \u00c0 l&rsquo;extr\u00e9mit\u00e9 ouest de la plage, un mirador s\u00e9pare la plage de Torrecilla de la plage d&rsquo;El Chucho.<\/p>\n\n\n\n<div style=\"height:27px\" aria-hidden=\"true\" class=\"wp-block-spacer\"><\/div>\n\n\n\n<figure class=\"wp-block-image size-large\"><img decoding=\"async\" width=\"1024\" height=\"683\" src=\"http:\/\/mappingspain.com\/wp-content\/uploads\/2023\/04\/Torrecilla-beach-2-1024x683.jpg\" alt=\"\" class=\"wp-image-11242\" title=\"Torrecilla beach\" srcset=\"https:\/\/mappingspain.com\/wp-content\/uploads\/2023\/04\/Torrecilla-beach-2-1024x683.jpg 1024w, https:\/\/mappingspain.com\/wp-content\/uploads\/2023\/04\/Torrecilla-beach-2-300x200.jpg 300w, https:\/\/mappingspain.com\/wp-content\/uploads\/2023\/04\/Torrecilla-beach-2-768x512.jpg 768w, https:\/\/mappingspain.com\/wp-content\/uploads\/2023\/04\/Torrecilla-beach-2-600x400.jpg 600w, https:\/\/mappingspain.com\/wp-content\/uploads\/2023\/04\/Torrecilla-beach-2.jpg 1200w\" sizes=\"(max-width: 1024px) 100vw, 1024px\" \/><\/figure>\n\n\n\n<figure class=\"wp-block-image size-large\"><img decoding=\"async\" width=\"1024\" height=\"683\" src=\"http:\/\/mappingspain.com\/wp-content\/uploads\/2023\/04\/Torrecilla-beach-1024x683.jpg\" alt=\"\" class=\"wp-image-11245\" title=\"Torrecilla beach, Nerja\" srcset=\"https:\/\/mappingspain.com\/wp-content\/uploads\/2023\/04\/Torrecilla-beach-1024x683.jpg 1024w, https:\/\/mappingspain.com\/wp-content\/uploads\/2023\/04\/Torrecilla-beach-300x200.jpg 300w, https:\/\/mappingspain.com\/wp-content\/uploads\/2023\/04\/Torrecilla-beach-768x512.jpg 768w, https:\/\/mappingspain.com\/wp-content\/uploads\/2023\/04\/Torrecilla-beach-600x400.jpg 600w, https:\/\/mappingspain.com\/wp-content\/uploads\/2023\/04\/Torrecilla-beach.jpg 1200w\" sizes=\"(max-width: 1024px) 100vw, 1024px\" \/><\/figure>\n\n\n\n<figure class=\"wp-block-image size-large\"><img decoding=\"async\" width=\"1024\" height=\"683\" src=\"http:\/\/mappingspain.com\/wp-content\/uploads\/2023\/04\/stairs-Torrecilla-beach-1024x683.jpg\" alt=\"\" class=\"wp-image-11248\" title=\"colorful stairs at Torrecilla beach, Nerja\" srcset=\"https:\/\/mappingspain.com\/wp-content\/uploads\/2023\/04\/stairs-Torrecilla-beach-1024x683.jpg 1024w, https:\/\/mappingspain.com\/wp-content\/uploads\/2023\/04\/stairs-Torrecilla-beach-300x200.jpg 300w, https:\/\/mappingspain.com\/wp-content\/uploads\/2023\/04\/stairs-Torrecilla-beach-768x512.jpg 768w, https:\/\/mappingspain.com\/wp-content\/uploads\/2023\/04\/stairs-Torrecilla-beach-600x400.jpg 600w, https:\/\/mappingspain.com\/wp-content\/uploads\/2023\/04\/stairs-Torrecilla-beach.jpg 1200w\" sizes=\"(max-width: 1024px) 100vw, 1024px\" \/><\/figure>\n\n\n<hr>\n<div class=\"content_hint\">&nbsp;<\/div>\n<hr>\n\n\n<div style=\"height:100px\" aria-hidden=\"true\" class=\"wp-block-spacer\"><\/div>\n\n\n\n<h3 class=\"wp-block-heading\"><strong>Plage de<\/strong> <strong>El Chucho<\/strong><\/h3>\n\n\n\n<p>La plage d&rsquo;El Chucho est \u00e0 c\u00f4t\u00e9 de la plage de Torrecilla et est similaire \u00e0 bien des \u00e9gards avec de nombreuses installations et une large promenade. Si vous marchez jusqu&rsquo;au bout de la plage o\u00f9 elle rencontre la rivi\u00e8re Chillar, vous aurez une vue imprenable sur les montagnes derri\u00e8re Nerja et \u00e0 l&rsquo;ouest.<\/p>\n\n\n\n<div style=\"height:26px\" aria-hidden=\"true\" class=\"wp-block-spacer\"><\/div>\n\n\n\n<figure class=\"wp-block-image size-large\"><img decoding=\"async\" width=\"1024\" height=\"683\" src=\"http:\/\/mappingspain.com\/wp-content\/uploads\/2023\/04\/El-Chucho-beach-1024x683.jpg\" alt=\"\" class=\"wp-image-11251\" title=\"El Chucho beach Nerja\" srcset=\"https:\/\/mappingspain.com\/wp-content\/uploads\/2023\/04\/El-Chucho-beach-1024x683.jpg 1024w, https:\/\/mappingspain.com\/wp-content\/uploads\/2023\/04\/El-Chucho-beach-300x200.jpg 300w, https:\/\/mappingspain.com\/wp-content\/uploads\/2023\/04\/El-Chucho-beach-768x512.jpg 768w, https:\/\/mappingspain.com\/wp-content\/uploads\/2023\/04\/El-Chucho-beach-600x400.jpg 600w, https:\/\/mappingspain.com\/wp-content\/uploads\/2023\/04\/El-Chucho-beach.jpg 1200w\" sizes=\"(max-width: 1024px) 100vw, 1024px\" \/><\/figure>\n\n\n\n<div style=\"height:100px\" aria-hidden=\"true\" class=\"wp-block-spacer\"><\/div>\n\n\n\n<h3 class=\"wp-block-heading has-text-align-center\"><strong><em>Avez-vous une plage pr\u00e9f\u00e9r\u00e9e \u00e0 Nerja ?<\/em><\/strong><\/h3>\n\n\n\n<div style=\"height:67px\" aria-hidden=\"true\" class=\"wp-block-spacer\"><\/div>\n\n\n\n<h3 class=\"wp-block-heading\"><strong>Plus: <a href=\"https:\/\/mappingspain.com\/fr\/visiter-les-grottes-de-nerja\/\" target=\"_blank\" rel=\"noreferrer noopener\">Visiter les Grottes de Nerja<\/a><\/strong><\/h3>\n\n\n\n<figure class=\"wp-block-image size-large\"><a href=\"https:\/\/mappingspain.com\/fr\/visiter-les-grottes-de-nerja\/\" target=\"_blank\" rel=\" noreferrer noopener\"><img decoding=\"async\" width=\"1024\" height=\"683\" src=\"https:\/\/mappingspain.com\/wp-content\/uploads\/2023\/04\/Visiting-Nerja-Caves-in-FR-1024x683.jpg\" alt=\"\" class=\"wp-image-27577\" srcset=\"https:\/\/mappingspain.com\/wp-content\/uploads\/2023\/04\/Visiting-Nerja-Caves-in-FR-1024x683.jpg 1024w, https:\/\/mappingspain.com\/wp-content\/uploads\/2023\/04\/Visiting-Nerja-Caves-in-FR-300x200.jpg 300w, https:\/\/mappingspain.com\/wp-content\/uploads\/2023\/04\/Visiting-Nerja-Caves-in-FR-768x512.jpg 768w, https:\/\/mappingspain.com\/wp-content\/uploads\/2023\/04\/Visiting-Nerja-Caves-in-FR-600x400.jpg 600w, https:\/\/mappingspain.com\/wp-content\/uploads\/2023\/04\/Visiting-Nerja-Caves-in-FR.jpg 1200w\" sizes=\"(max-width: 1024px) 100vw, 1024px\" \/><\/a><\/figure>\n\n\n\n<div style=\"height:20px\" aria-hidden=\"true\" class=\"wp-block-spacer\"><\/div>\n\n\n\n<h3 class=\"wp-block-heading\"><strong>Plus: <a href=\"https:\/\/mappingspain.com\/fr\/comment-est-ce-de-vivre-a-nerja-les-positifs-et-les-negatifs\/\" target=\"_blank\" rel=\"noreferrer noopener\">Comment est-ce de vivre \u00e0 Nerja? Les positifs et les n\u00e9gatifs<\/a><\/strong><\/h3>\n\n\n\n<figure class=\"wp-block-image size-large\"><a href=\"https:\/\/mappingspain.com\/fr\/comment-est-ce-de-vivre-a-nerja-les-positifs-et-les-negatifs\/\" target=\"_blank\" rel=\" noreferrer noopener\"><img decoding=\"async\" width=\"1024\" height=\"552\" src=\"https:\/\/mappingspain.com\/wp-content\/uploads\/2023\/05\/whats-it-like-living-in-Nerja-FR-1024x552.jpg\" alt=\"\" class=\"wp-image-27569\" srcset=\"https:\/\/mappingspain.com\/wp-content\/uploads\/2023\/05\/whats-it-like-living-in-Nerja-FR-1024x552.jpg 1024w, https:\/\/mappingspain.com\/wp-content\/uploads\/2023\/05\/whats-it-like-living-in-Nerja-FR-300x162.jpg 300w, https:\/\/mappingspain.com\/wp-content\/uploads\/2023\/05\/whats-it-like-living-in-Nerja-FR-768x414.jpg 768w, https:\/\/mappingspain.com\/wp-content\/uploads\/2023\/05\/whats-it-like-living-in-Nerja-FR.jpg 1200w\" sizes=\"(max-width: 1024px) 100vw, 1024px\" \/><\/a><\/figure>\n\n\n\n<div style=\"height:57px\" aria-hidden=\"true\" class=\"wp-block-spacer\"><\/div>\n<div class='ctx-module-container ctx_default_placement ctx-clearfix'><\/div><span class=\"ctx-article-root\"><!-- --><\/span>","protected":false},"excerpt":{"rendered":"<p>Les plages de Nerja Nerja est l&rsquo;endroit id\u00e9al si vous aimez les plages. Il y a des plages tout autour de ce littoral et vous trouverez toutes sortes de plages : des plages longues, larges et sablonneuses aux petites plages priv\u00e9es cach\u00e9es dans des criques. Dans cet article, je ne couvre que les plages \u00e0 [&hellip;]<\/p>\n","protected":false},"author":2,"featured_media":11186,"comment_status":"open","ping_status":"open","sticky":false,"template":"","format":"standard","meta":{"_genesis_hide_title":false,"_genesis_hide_breadcrumbs":false,"_genesis_hide_singular_image":false,"_genesis_hide_footer_widgets":false,"_genesis_custom_body_class":"","_genesis_custom_post_class":"","_genesis_layout":"","footnotes":""},"categories":[241,199],"tags":[],"class_list":{"0":"post-11266","1":"post","2":"type-post","3":"status-publish","4":"format-standard","5":"has-post-thumbnail","7":"category-andalousie-m-z","8":"category-nerja-3","9":"entry"},"yoast_head":"<!-- This site is optimized with the Yoast SEO plugin v27.4 - https:\/\/yoast.com\/product\/yoast-seo-wordpress\/ -->\n<title>Les plages de Nerja - Mapping Spain<\/title>\n<meta name=\"description\" content=\"Les plages de Nerja. Nerja est l\u2019endroit id\u00e9al si vous aimez les plages. Il y a des plages tout autour de ce littoral et vous trouverez\" \/>\n<meta name=\"robots\" content=\"index, follow, max-snippet:-1, max-image-preview:large, max-video-preview:-1\" \/>\n<link rel=\"canonical\" href=\"https:\/\/mappingspain.com\/fr\/les-plages-de-nerja\/\" \/>\n<meta property=\"og:locale\" content=\"fr_FR\" \/>\n<meta property=\"og:type\" content=\"article\" \/>\n<meta property=\"og:title\" content=\"Les plages de Nerja - Mapping Spain\" \/>\n<meta property=\"og:description\" content=\"Les plages de Nerja. Nerja est l\u2019endroit id\u00e9al si vous aimez les plages. Il y a des plages tout autour de ce littoral et vous trouverez\" \/>\n<meta property=\"og:url\" content=\"https:\/\/mappingspain.com\/fr\/les-plages-de-nerja\/\" \/>\n<meta property=\"og:site_name\" content=\"Mapping Spain\" \/>\n<meta property=\"article:published_time\" content=\"2023-04-17T15:46:00+00:00\" \/>\n<meta property=\"article:modified_time\" content=\"2025-10-22T13:41:44+00:00\" \/>\n<meta property=\"og:image\" content=\"https:\/\/mappingspain.com\/wp-content\/uploads\/2020\/10\/The-beaches-of-Nerja-1.jpg\" \/>\n\t<meta property=\"og:image:width\" content=\"1200\" \/>\n\t<meta property=\"og:image:height\" content=\"667\" \/>\n\t<meta property=\"og:image:type\" content=\"image\/jpeg\" \/>\n<meta name=\"author\" content=\"Frank\" \/>\n<meta name=\"twitter:card\" content=\"summary_large_image\" \/>\n<meta name=\"twitter:label1\" content=\"\u00c9crit par\" \/>\n\t<meta name=\"twitter:data1\" content=\"Frank\" \/>\n\t<meta name=\"twitter:label2\" content=\"Dur\u00e9e de lecture estim\u00e9e\" \/>\n\t<meta name=\"twitter:data2\" content=\"11 minutes\" \/>\n<script type=\"application\/ld+json\" class=\"yoast-schema-graph\">{\"@context\":\"https:\\\/\\\/schema.org\",\"@graph\":[{\"@type\":\"Article\",\"@id\":\"https:\\\/\\\/mappingspain.com\\\/fr\\\/les-plages-de-nerja\\\/#article\",\"isPartOf\":{\"@id\":\"https:\\\/\\\/mappingspain.com\\\/fr\\\/les-plages-de-nerja\\\/\"},\"author\":{\"name\":\"Frank\",\"@id\":\"https:\\\/\\\/mappingspain.com\\\/fr\\\/#\\\/schema\\\/person\\\/1e3c8dae7a8d66a64591f1b41c8b1101\"},\"headline\":\"Les plages de Nerja\",\"datePublished\":\"2023-04-17T15:46:00+00:00\",\"dateModified\":\"2025-10-22T13:41:44+00:00\",\"mainEntityOfPage\":{\"@id\":\"https:\\\/\\\/mappingspain.com\\\/fr\\\/les-plages-de-nerja\\\/\"},\"wordCount\":837,\"commentCount\":0,\"image\":{\"@id\":\"https:\\\/\\\/mappingspain.com\\\/fr\\\/les-plages-de-nerja\\\/#primaryimage\"},\"thumbnailUrl\":\"https:\\\/\\\/mappingspain.com\\\/wp-content\\\/uploads\\\/2020\\\/10\\\/The-beaches-of-Nerja-1.jpg\",\"articleSection\":[\"ANDALOUSIE (M-Z)\",\"Nerja\"],\"inLanguage\":\"fr-FR\",\"potentialAction\":[{\"@type\":\"CommentAction\",\"name\":\"Comment\",\"target\":[\"https:\\\/\\\/mappingspain.com\\\/fr\\\/les-plages-de-nerja\\\/#respond\"]}]},{\"@type\":\"WebPage\",\"@id\":\"https:\\\/\\\/mappingspain.com\\\/fr\\\/les-plages-de-nerja\\\/\",\"url\":\"https:\\\/\\\/mappingspain.com\\\/fr\\\/les-plages-de-nerja\\\/\",\"name\":\"Les plages de Nerja - Mapping Spain\",\"isPartOf\":{\"@id\":\"https:\\\/\\\/mappingspain.com\\\/fr\\\/#website\"},\"primaryImageOfPage\":{\"@id\":\"https:\\\/\\\/mappingspain.com\\\/fr\\\/les-plages-de-nerja\\\/#primaryimage\"},\"image\":{\"@id\":\"https:\\\/\\\/mappingspain.com\\\/fr\\\/les-plages-de-nerja\\\/#primaryimage\"},\"thumbnailUrl\":\"https:\\\/\\\/mappingspain.com\\\/wp-content\\\/uploads\\\/2020\\\/10\\\/The-beaches-of-Nerja-1.jpg\",\"datePublished\":\"2023-04-17T15:46:00+00:00\",\"dateModified\":\"2025-10-22T13:41:44+00:00\",\"author\":{\"@id\":\"https:\\\/\\\/mappingspain.com\\\/fr\\\/#\\\/schema\\\/person\\\/1e3c8dae7a8d66a64591f1b41c8b1101\"},\"description\":\"Les plages de Nerja. Nerja est l\u2019endroit id\u00e9al si vous aimez les plages. Il y a des plages tout autour de ce littoral et vous trouverez\",\"breadcrumb\":{\"@id\":\"https:\\\/\\\/mappingspain.com\\\/fr\\\/les-plages-de-nerja\\\/#breadcrumb\"},\"inLanguage\":\"fr-FR\",\"potentialAction\":[{\"@type\":\"ReadAction\",\"target\":[\"https:\\\/\\\/mappingspain.com\\\/fr\\\/les-plages-de-nerja\\\/\"]}]},{\"@type\":\"ImageObject\",\"inLanguage\":\"fr-FR\",\"@id\":\"https:\\\/\\\/mappingspain.com\\\/fr\\\/les-plages-de-nerja\\\/#primaryimage\",\"url\":\"https:\\\/\\\/mappingspain.com\\\/wp-content\\\/uploads\\\/2020\\\/10\\\/The-beaches-of-Nerja-1.jpg\",\"contentUrl\":\"https:\\\/\\\/mappingspain.com\\\/wp-content\\\/uploads\\\/2020\\\/10\\\/The-beaches-of-Nerja-1.jpg\",\"width\":1200,\"height\":667,\"caption\":\"La Caletilla\"},{\"@type\":\"BreadcrumbList\",\"@id\":\"https:\\\/\\\/mappingspain.com\\\/fr\\\/les-plages-de-nerja\\\/#breadcrumb\",\"itemListElement\":[{\"@type\":\"ListItem\",\"position\":1,\"name\":\"Home\",\"item\":\"https:\\\/\\\/mappingspain.com\\\/fr\\\/\"},{\"@type\":\"ListItem\",\"position\":2,\"name\":\"Les plages de Nerja\"}]},{\"@type\":\"WebSite\",\"@id\":\"https:\\\/\\\/mappingspain.com\\\/fr\\\/#website\",\"url\":\"https:\\\/\\\/mappingspain.com\\\/fr\\\/\",\"name\":\"Mapping Spain\",\"description\":\"Everything Spain!\",\"potentialAction\":[{\"@type\":\"SearchAction\",\"target\":{\"@type\":\"EntryPoint\",\"urlTemplate\":\"https:\\\/\\\/mappingspain.com\\\/fr\\\/?s={search_term_string}\"},\"query-input\":{\"@type\":\"PropertyValueSpecification\",\"valueRequired\":true,\"valueName\":\"search_term_string\"}}],\"inLanguage\":\"fr-FR\"},{\"@type\":\"Person\",\"@id\":\"https:\\\/\\\/mappingspain.com\\\/fr\\\/#\\\/schema\\\/person\\\/1e3c8dae7a8d66a64591f1b41c8b1101\",\"name\":\"Frank\",\"image\":{\"@type\":\"ImageObject\",\"inLanguage\":\"fr-FR\",\"@id\":\"https:\\\/\\\/secure.gravatar.com\\\/avatar\\\/a5454735bd4b74c9d0a1bf1f04caac3dbd7f217c7c7fa65d5b39d98bbeab8b4e?s=96&d=mm&r=g\",\"url\":\"https:\\\/\\\/secure.gravatar.com\\\/avatar\\\/a5454735bd4b74c9d0a1bf1f04caac3dbd7f217c7c7fa65d5b39d98bbeab8b4e?s=96&d=mm&r=g\",\"contentUrl\":\"https:\\\/\\\/secure.gravatar.com\\\/avatar\\\/a5454735bd4b74c9d0a1bf1f04caac3dbd7f217c7c7fa65d5b39d98bbeab8b4e?s=96&d=mm&r=g\",\"caption\":\"Frank\"}}]}<\/script>\n<!-- \/ Yoast SEO plugin. -->","yoast_head_json":{"title":"Les plages de Nerja - Mapping Spain","description":"Les plages de Nerja. Nerja est l\u2019endroit id\u00e9al si vous aimez les plages. Il y a des plages tout autour de ce littoral et vous trouverez","robots":{"index":"index","follow":"follow","max-snippet":"max-snippet:-1","max-image-preview":"max-image-preview:large","max-video-preview":"max-video-preview:-1"},"canonical":"https:\/\/mappingspain.com\/fr\/les-plages-de-nerja\/","og_locale":"fr_FR","og_type":"article","og_title":"Les plages de Nerja - Mapping Spain","og_description":"Les plages de Nerja. Nerja est l\u2019endroit id\u00e9al si vous aimez les plages. Il y a des plages tout autour de ce littoral et vous trouverez","og_url":"https:\/\/mappingspain.com\/fr\/les-plages-de-nerja\/","og_site_name":"Mapping Spain","article_published_time":"2023-04-17T15:46:00+00:00","article_modified_time":"2025-10-22T13:41:44+00:00","og_image":[{"width":1200,"height":667,"url":"https:\/\/mappingspain.com\/wp-content\/uploads\/2020\/10\/The-beaches-of-Nerja-1.jpg","type":"image\/jpeg"}],"author":"Frank","twitter_card":"summary_large_image","twitter_misc":{"\u00c9crit par":"Frank","Dur\u00e9e de lecture estim\u00e9e":"11 minutes"},"schema":{"@context":"https:\/\/schema.org","@graph":[{"@type":"Article","@id":"https:\/\/mappingspain.com\/fr\/les-plages-de-nerja\/#article","isPartOf":{"@id":"https:\/\/mappingspain.com\/fr\/les-plages-de-nerja\/"},"author":{"name":"Frank","@id":"https:\/\/mappingspain.com\/fr\/#\/schema\/person\/1e3c8dae7a8d66a64591f1b41c8b1101"},"headline":"Les plages de Nerja","datePublished":"2023-04-17T15:46:00+00:00","dateModified":"2025-10-22T13:41:44+00:00","mainEntityOfPage":{"@id":"https:\/\/mappingspain.com\/fr\/les-plages-de-nerja\/"},"wordCount":837,"commentCount":0,"image":{"@id":"https:\/\/mappingspain.com\/fr\/les-plages-de-nerja\/#primaryimage"},"thumbnailUrl":"https:\/\/mappingspain.com\/wp-content\/uploads\/2020\/10\/The-beaches-of-Nerja-1.jpg","articleSection":["ANDALOUSIE (M-Z)","Nerja"],"inLanguage":"fr-FR","potentialAction":[{"@type":"CommentAction","name":"Comment","target":["https:\/\/mappingspain.com\/fr\/les-plages-de-nerja\/#respond"]}]},{"@type":"WebPage","@id":"https:\/\/mappingspain.com\/fr\/les-plages-de-nerja\/","url":"https:\/\/mappingspain.com\/fr\/les-plages-de-nerja\/","name":"Les plages de Nerja - Mapping Spain","isPartOf":{"@id":"https:\/\/mappingspain.com\/fr\/#website"},"primaryImageOfPage":{"@id":"https:\/\/mappingspain.com\/fr\/les-plages-de-nerja\/#primaryimage"},"image":{"@id":"https:\/\/mappingspain.com\/fr\/les-plages-de-nerja\/#primaryimage"},"thumbnailUrl":"https:\/\/mappingspain.com\/wp-content\/uploads\/2020\/10\/The-beaches-of-Nerja-1.jpg","datePublished":"2023-04-17T15:46:00+00:00","dateModified":"2025-10-22T13:41:44+00:00","author":{"@id":"https:\/\/mappingspain.com\/fr\/#\/schema\/person\/1e3c8dae7a8d66a64591f1b41c8b1101"},"description":"Les plages de Nerja. Nerja est l\u2019endroit id\u00e9al si vous aimez les plages. Il y a des plages tout autour de ce littoral et vous trouverez","breadcrumb":{"@id":"https:\/\/mappingspain.com\/fr\/les-plages-de-nerja\/#breadcrumb"},"inLanguage":"fr-FR","potentialAction":[{"@type":"ReadAction","target":["https:\/\/mappingspain.com\/fr\/les-plages-de-nerja\/"]}]},{"@type":"ImageObject","inLanguage":"fr-FR","@id":"https:\/\/mappingspain.com\/fr\/les-plages-de-nerja\/#primaryimage","url":"https:\/\/mappingspain.com\/wp-content\/uploads\/2020\/10\/The-beaches-of-Nerja-1.jpg","contentUrl":"https:\/\/mappingspain.com\/wp-content\/uploads\/2020\/10\/The-beaches-of-Nerja-1.jpg","width":1200,"height":667,"caption":"La Caletilla"},{"@type":"BreadcrumbList","@id":"https:\/\/mappingspain.com\/fr\/les-plages-de-nerja\/#breadcrumb","itemListElement":[{"@type":"ListItem","position":1,"name":"Home","item":"https:\/\/mappingspain.com\/fr\/"},{"@type":"ListItem","position":2,"name":"Les plages de Nerja"}]},{"@type":"WebSite","@id":"https:\/\/mappingspain.com\/fr\/#website","url":"https:\/\/mappingspain.com\/fr\/","name":"Mapping Spain","description":"Everything Spain!","potentialAction":[{"@type":"SearchAction","target":{"@type":"EntryPoint","urlTemplate":"https:\/\/mappingspain.com\/fr\/?s={search_term_string}"},"query-input":{"@type":"PropertyValueSpecification","valueRequired":true,"valueName":"search_term_string"}}],"inLanguage":"fr-FR"},{"@type":"Person","@id":"https:\/\/mappingspain.com\/fr\/#\/schema\/person\/1e3c8dae7a8d66a64591f1b41c8b1101","name":"Frank","image":{"@type":"ImageObject","inLanguage":"fr-FR","@id":"https:\/\/secure.gravatar.com\/avatar\/a5454735bd4b74c9d0a1bf1f04caac3dbd7f217c7c7fa65d5b39d98bbeab8b4e?s=96&d=mm&r=g","url":"https:\/\/secure.gravatar.com\/avatar\/a5454735bd4b74c9d0a1bf1f04caac3dbd7f217c7c7fa65d5b39d98bbeab8b4e?s=96&d=mm&r=g","contentUrl":"https:\/\/secure.gravatar.com\/avatar\/a5454735bd4b74c9d0a1bf1f04caac3dbd7f217c7c7fa65d5b39d98bbeab8b4e?s=96&d=mm&r=g","caption":"Frank"}}]}},"featured_image_src":"https:\/\/mappingspain.com\/wp-content\/uploads\/2020\/10\/The-beaches-of-Nerja-1-600x400.jpg","featured_image_src_square":"https:\/\/mappingspain.com\/wp-content\/uploads\/2020\/10\/The-beaches-of-Nerja-1-600x600.jpg","author_info":{"display_name":"Frank","author_link":"https:\/\/mappingspain.com\/fr\/author\/frank\/"},"_links":{"self":[{"href":"https:\/\/mappingspain.com\/fr\/wp-json\/wp\/v2\/posts\/11266","targetHints":{"allow":["GET"]}}],"collection":[{"href":"https:\/\/mappingspain.com\/fr\/wp-json\/wp\/v2\/posts"}],"about":[{"href":"https:\/\/mappingspain.com\/fr\/wp-json\/wp\/v2\/types\/post"}],"author":[{"embeddable":true,"href":"https:\/\/mappingspain.com\/fr\/wp-json\/wp\/v2\/users\/2"}],"replies":[{"embeddable":true,"href":"https:\/\/mappingspain.com\/fr\/wp-json\/wp\/v2\/comments?post=11266"}],"version-history":[{"count":7,"href":"https:\/\/mappingspain.com\/fr\/wp-json\/wp\/v2\/posts\/11266\/revisions"}],"predecessor-version":[{"id":27582,"href":"https:\/\/mappingspain.com\/fr\/wp-json\/wp\/v2\/posts\/11266\/revisions\/27582"}],"wp:featuredmedia":[{"embeddable":true,"href":"https:\/\/mappingspain.com\/fr\/wp-json\/wp\/v2\/media\/11186"}],"wp:attachment":[{"href":"https:\/\/mappingspain.com\/fr\/wp-json\/wp\/v2\/media?parent=11266"}],"wp:term":[{"taxonomy":"category","embeddable":true,"href":"https:\/\/mappingspain.com\/fr\/wp-json\/wp\/v2\/categories?post=11266"},{"taxonomy":"post_tag","embeddable":true,"href":"https:\/\/mappingspain.com\/fr\/wp-json\/wp\/v2\/tags?post=11266"}],"curies":[{"name":"wp","href":"https:\/\/api.w.org\/{rel}","templated":true}]}}