{"id":11760,"date":"2023-02-12T16:26:13","date_gmt":"2023-02-12T16:26:13","guid":{"rendered":"https:\/\/mappingspain.com\/?p=11760"},"modified":"2025-10-22T15:56:32","modified_gmt":"2025-10-22T15:56:32","slug":"le-meilleur-de-marbella-et-ses-environs","status":"publish","type":"post","link":"https:\/\/mappingspain.com\/fr\/le-meilleur-de-marbella-et-ses-environs\/","title":{"rendered":"Le meilleur de Marbella et ses environs"},"content":{"rendered":"\n<p><mark style=\"background-color:rgba(0, 0, 0, 0);color:#ffffff\" class=\"has-inline-color\">Le meilleur de Marbella et ses environs<\/mark><\/p>\n\n\n\n<p><strong>Georgina et sa famille ont v\u00e9cu dans de nombreux endroits de la Costa del Sol occidentale, \u00e0 Marbella, Calahonda, Manilva et Sotogrande.<\/strong><\/p>\n\n\n\n<p>Dans cette interview, elle compare ces diff\u00e9rentes communaut\u00e9s en termes de qualit\u00e9 de vie, de composition d\u00e9mographique et d&rsquo;\u00e9ducation (pour ceux qui ont des enfants).<\/p>\n\n\n\n<p>Tr\u00e8s instructif pour tous ceux qui envisagent de faire de cette r\u00e9gion leur base en Espagne.<\/p>\n\n\n\n<div style=\"height:39px\" aria-hidden=\"true\" class=\"wp-block-spacer\"><\/div>\n\n\n\n<hr class=\"wp-block-separator has-alpha-channel-opacity is-style-wide\"\/>\n\n\n\n<div class=\"wp-block-media-text alignwide is-stacked-on-mobile\" style=\"grid-template-columns:34% auto\"><figure class=\"wp-block-media-text__media\"><img decoding=\"async\" width=\"684\" height=\"1024\" src=\"http:\/\/mappingspain.com\/wp-content\/uploads\/2023\/02\/Full-moon-party-Sabinillas-684x1024.jpg\" alt=\"\" class=\"wp-image-9147 size-full\" srcset=\"https:\/\/mappingspain.com\/wp-content\/uploads\/2023\/02\/Full-moon-party-Sabinillas-684x1024.jpg 684w, https:\/\/mappingspain.com\/wp-content\/uploads\/2023\/02\/Full-moon-party-Sabinillas-201x300.jpg 201w, https:\/\/mappingspain.com\/wp-content\/uploads\/2023\/02\/Full-moon-party-Sabinillas-768x1149.jpg 768w, https:\/\/mappingspain.com\/wp-content\/uploads\/2023\/02\/Full-moon-party-Sabinillas.jpg 800w\" sizes=\"(max-width: 684px) 100vw, 684px\" \/><\/figure><div class=\"wp-block-media-text__content\">\n<p><strong>Nom:<\/strong> &nbsp;Georgina Shaw<br><strong>\u00c2ge:<\/strong> 43&nbsp;&nbsp;<br><strong>Pays d&rsquo;origine:<\/strong>&nbsp; Royaume-Uni<br><strong>Nombre d&rsquo;ann\u00e9es en Espagne<\/strong> : 15<\/p>\n<\/div><\/div>\n\n\n\n<hr class=\"wp-block-separator has-alpha-channel-opacity is-style-wide\"\/>\n\n\n\n<div style=\"height:76px\" aria-hidden=\"true\" class=\"wp-block-spacer\"><\/div>\n\n\n\n<p><strong>Salut Georgina ! Pouvez-vous s&rsquo;il vous pla\u00eet me parler de vous et comment vous avez fini par d\u00e9m\u00e9nager en Espagne&nbsp;?<\/strong><\/p>\n\n\n\n<p>Je suis originaire de Londres mais j&rsquo;ai beaucoup voyag\u00e9, vivant en Chine et au P\u00e9rou pour y enseigner l&rsquo;anglais pendant un an \u00e0 la fois au d\u00e9but de la vingtaine. J&rsquo;ai commenc\u00e9 ma carri\u00e8re dans l&rsquo;\u00e9v\u00e9nementiel et le marketing \u00e0 Londres, mais j&rsquo;\u00e9tais \u00e0 la recherche d&rsquo;un nouveau d\u00e9fi et j&rsquo;ai pens\u00e9 qu&rsquo;un changement de d\u00e9cor pourrait \u00eatre bon, alors j&rsquo;ai mis mon CV sur deux sites de recrutement, un pour l&rsquo;Espagne et un pour New York. Quelques semaines plus tard, on m&rsquo;a propos\u00e9 un poste de r\u00eave en tant que directeur de la communication pour une agence de relations publiques de premier plan \u00e0 Marbella et en un mois, j&rsquo;avais fait mes valises pour commencer une nouvelle vie sur la Costa del Sol.<\/p>\n\n\n\n<div style=\"height:43px\" aria-hidden=\"true\" class=\"wp-block-spacer\"><\/div>\n\n\n\n<figure class=\"wp-block-image size-full\"><img decoding=\"async\" width=\"1000\" height=\"542\" src=\"http:\/\/mappingspain.com\/wp-content\/uploads\/2023\/02\/live-marbella-puerto-banus.jpg\" alt=\"\" class=\"wp-image-9151\" srcset=\"https:\/\/mappingspain.com\/wp-content\/uploads\/2023\/02\/live-marbella-puerto-banus.jpg 1000w, https:\/\/mappingspain.com\/wp-content\/uploads\/2023\/02\/live-marbella-puerto-banus-300x163.jpg 300w, https:\/\/mappingspain.com\/wp-content\/uploads\/2023\/02\/live-marbella-puerto-banus-768x416.jpg 768w\" sizes=\"(max-width: 1000px) 100vw, 1000px\" \/><figcaption class=\"wp-element-caption\">Marbella (<a href=\"https:\/\/workinmarbella.com\/live-in-marbella-moving\/\" target=\"_blank\" rel=\"noreferrer noopener\">source<\/a>)<\/figcaption><\/figure>\n\n\n<hr>\n<div class=\"content_hint\">&nbsp;<\/div>\n<hr>\n\n\n<div style=\"height:24px\" aria-hidden=\"true\" class=\"wp-block-spacer\"><\/div>\n\n\n\n<div style=\"height:92px\" aria-hidden=\"true\" class=\"wp-block-spacer\"><\/div>\n\n\n\n<p><strong>Vous avez v\u00e9cu dans de nombreuses villes de la r\u00e9gion de Marbella. Quels \u00e9taient vos crit\u00e8res pour trouver une base en Espagne ? Et quelle a \u00e9t\u00e9 votre premi\u00e8re base ?<\/strong><\/p>\n\n\n\n<p>J&rsquo;ai commenc\u00e9 \u00e0 Marbella parce que c&rsquo;est l\u00e0 que mon travail \u00e9tait bas\u00e9. J&rsquo;ai choisi un quartier central et un appartement en colocation sur la route principale, en plein centre-ville, afin de r\u00e9duire les co\u00fbts pendant que je m&rsquo;installais et d\u00e9couvrais l&rsquo;endroit. J&rsquo;ai vraiment ador\u00e9 l&rsquo;effervescence de Marbella, les grands restaurants et la sc\u00e8ne sociale et bien que j&rsquo;y sois parti \u00e0 la fin de mon contrat, nous y sommes retourn\u00e9s environ un an plus tard, car nous pensions que c&rsquo;\u00e9tait une excellente base pour les affaires et le plaisir.<\/p>\n\n\n\n<div style=\"height:59px\" aria-hidden=\"true\" class=\"wp-block-spacer\"><\/div>\n\n\n\n<div style=\"height:32px\" aria-hidden=\"true\" class=\"wp-block-spacer\"><\/div>\n\n\n\n<p><strong>Vous avez donc v\u00e9cu \u00e0 Marbella, Calahonda, Manilva et envisagez maintenant de d\u00e9m\u00e9nager \u00e0 Sotogrande. En quoi ces villes sont-elles diff\u00e9rentes et \u00e0 quel type de population pensez-vous que chacune s&rsquo;adresse&nbsp;?<\/strong><\/p>\n\n\n\n<p>La grande chose \u00e0 propos de la Costa del Sol est qu&rsquo;elle est si diversifi\u00e9e et qu&rsquo;il y a un endroit qui conviendra \u00e0 tout le monde. Les diff\u00e9rences entre Marbella, Calahonda, Manilva et Sotogrande sont extr\u00eames et il a \u00e9t\u00e9 amusant de conna\u00eetre chaque r\u00e9gion.<\/p>\n\n\n\n<div style=\"height:18px\" aria-hidden=\"true\" class=\"wp-block-spacer\"><\/div>\n\n\n\n<p><strong>Marbella <\/strong>est l&rsquo;une des plus grandes villes de la Costa del Sol, avec une grande effervescence et tout ce dont vous avez besoin \u00e0 votre porte. J&rsquo;adorais la sc\u00e8ne des restaurants et des bars quand je vivais l\u00e0-bas et il y a tellement de choix.<\/p>\n\n\n\n<p>C&rsquo;est int\u00e9ressant, car m\u00eame au sein de la ville elle-m\u00eame, il y a des quartiers tr\u00e8s diff\u00e9rents, vers lesquels certaines nationalit\u00e9s ont tendance \u00e0 \u00eatre attir\u00e9es. Bien qu&rsquo;il s&rsquo;agisse certainement d&rsquo;une ville internationale, elle a une identit\u00e9 tr\u00e8s espagnole. Vivez dans les rues principales et les immeubles du centre, comme moi, et vous aurez du mal \u00e0 trouver quelqu&rsquo;un qui ne soit pas espagnol. Mais rapprochez-vous de la mer et dans les immeubles et les d\u00e9veloppements les plus haut de gamme et vous trouverez une foule beaucoup plus internationale.<\/p>\n\n\n\n<p>Il a la r\u00e9putation d&rsquo;\u00eatre une destination jet set, et il ne fait aucun doute qu&rsquo;il y a des bars, des restaurants, des clubs et des magasins tr\u00e8s chers. Cependant, il y a encore beaucoup d&rsquo;endroits pour une bi\u00e8re ou un caf\u00e9 bon march\u00e9, un Menu del D\u00eda d&rsquo;un bon rapport qualit\u00e9-prix et des magasins abordables. Cherchez les endroits qui sont populaires aupr\u00e8s des Espagnols, quittez la promenade du front de mer et vous n&rsquo;aurez pas besoin de d\u00e9penser une fortune.<\/p>\n\n\n\n<p>Pour ce qui est de la population qui y serait attir\u00e9e, je dirais que cela conviendrait aux jeunes couples, aux familles et aux retrait\u00e9s qui veulent \u00eatre au centre de l&rsquo;action et ne veulent pas trop conduire.<\/p>\n\n\n\n<p>Je me suis beaucoup amus\u00e9 \u00e0 Marbella quand j&rsquo;\u00e9tais plus jeune et que je n&rsquo;avais pas de famille et que je voulais sortir la plupart des nuits. J&rsquo;ai aussi appr\u00e9ci\u00e9 mon s\u00e9jour l\u00e0-bas pendant que mon fils \u00e9tait jeune, car c&rsquo;est tr\u00e8s familial, il y a de super cr\u00e8ches et \u00e9coles et beaucoup de terrains de jeux et de choses \u00e0 faire pour les enfants.<\/p>\n\n\n\n<div style=\"height:20px\" aria-hidden=\"true\" class=\"wp-block-spacer\"><\/div>\n\n\n\n<p><strong>Calahonda<\/strong> est une grande communaut\u00e9 r\u00e9sidentielle \u00e0 Mijas, pr\u00e8s de Fuengirola. Il a une identit\u00e9 britannique tr\u00e8s forte, avec une rue principale pleine de bars et de restaurants internationaux et un centre commercial qui s&rsquo;adresse aux expatri\u00e9s. Il y avait un sentiment de Grande-Bretagne au soleil et il est tr\u00e8s facile de s&rsquo;y adapter si vous ne parliez pas espagnol, mais il manquait l&rsquo;identit\u00e9 espagnole que je recherchais. Cependant, il est id\u00e9alement situ\u00e9 \u00e0 proximit\u00e9 de la grande ville de Fuengirola et \u00e0 seulement 30 minutes de l&rsquo;a\u00e9roport de Malaga. Il convient aux expatri\u00e9s britanniques qui souhaitent une saveur famili\u00e8re de chez eux et un acc\u00e8s facile \u00e0 l&rsquo;a\u00e9roport.<\/p>\n\n\n\n<div style=\"height:21px\" aria-hidden=\"true\" class=\"wp-block-spacer\"><\/div>\n\n\n<hr>\n<div class=\"content_hint\">&nbsp;<\/div>\n<hr>\n\n\n<div style=\"height:35px\" aria-hidden=\"true\" class=\"wp-block-spacer\"><\/div>\n\n\n\n<p><strong>Manilva<\/strong> est un district de l&rsquo;ouest de la Costa del Sol, entre Estepona et Sotogrande. Il comprend le village de Manilva, la ville de Sabinillas et le port Duquesa sur la c\u00f4te. Nous vivons \u00e0 distance de marche du village, qui est un petit village traditionnel typiquement espagnol. Cela nous convenait tr\u00e8s bien pendant que notre fils \u00e9tait jeune, car il y a une bonne \u00e9cole primaire publique, d&rsquo;excellentes installations sportives et c&rsquo;est un endroit s\u00fbr et confortable pour \u00e9lever un jeune enfant.<\/p>\n\n\n\n<p>Avoir Sabinillas sur la route pour offrir les magasins et les commodit\u00e9s dont vous avez besoin \u00e0 port\u00e9e de main, ainsi que de nombreux endroits pour manger et boire et un calendrier charg\u00e9 d&rsquo;\u00e9v\u00e9nements est vraiment pratique. Duquesa a d\u00e9finitivement une identit\u00e9 britannique, vous pouvez donc facilement acc\u00e9der aux go\u00fbts, aux images et aux sons de la maison, au fur et \u00e0 mesure que vous en avez besoin. La combinaison du village, de la ville et du port signifie que la r\u00e9gion a beaucoup \u00e0 offrir. C&rsquo;est aussi toujours un tr\u00e8s bon rapport qualit\u00e9-prix en termes de propri\u00e9t\u00e9, de sorties et d&rsquo;activit\u00e9s telles que le sport et les cours, il est donc populaire pour les retrait\u00e9s et les familles \u00e0 petit budget.<\/p>\n\n\n\n<p>De nombreux expatri\u00e9s qui travaillent \u00e0 Gibraltar s&rsquo;installent dans cette r\u00e9gion, ou \u00e0 proximit\u00e9 de Sotogrande, pour profiter du style de vie espagnol avec les salaires plus \u00e9lev\u00e9s de Gibraltar.<\/p>\n\n\n\n<div style=\"height:22px\" aria-hidden=\"true\" class=\"wp-block-spacer\"><\/div>\n\n\n\n<p><strong>Sotogrande <\/strong>est \u00e0 seulement 15 minutes de Manilva, mais a une ambiance et une d\u00e9mographie tr\u00e8s diff\u00e9rentes. Il a une r\u00e9putation d&rsquo;exclusivit\u00e9 et d&rsquo;\u00e9l\u00e9gance et est c\u00e9l\u00e8bre pour le golf et le polo et la marina. Il a \u00e9t\u00e9 cr\u00e9\u00e9 dans les ann\u00e9es 1960 comme le plus grand domaine priv\u00e9 d&rsquo;Espagne, d\u00e9velopp\u00e9 dans le style de la station baln\u00e9aire de Pebble Beach en Californie. Il est d\u00e9finitivement international en termes d&rsquo;apparence, de convivialit\u00e9 et de d\u00e9mographie, bien qu&rsquo;il soit \u00e9galement populaire aupr\u00e8s des familles espagnoles prosp\u00e8res. Nous y d\u00e9m\u00e9nageons l&rsquo;ann\u00e9e prochaine pour nous rapprocher de l&rsquo;\u00e9cole de notre fils, Sotogrande International School et du club de rugby dans lequel il joue. L&rsquo;\u00e9cole est excellente et nous aimons beaucoup la zone de la marina et Pueblo Nuevo. Bien que nous ne le connaissions pas encore trop bien, cela semble \u00eatre une communaut\u00e9 r\u00e9sidentielle tr\u00e8s agr\u00e9able et s\u00fbre et nous avons h\u00e2te d&rsquo;y emm\u00e9nager.<\/p>\n\n\n\n<div style=\"height:45px\" aria-hidden=\"true\" class=\"wp-block-spacer\"><\/div>\n\n\n\n<figure class=\"wp-block-image size-large\"><img decoding=\"async\" width=\"1024\" height=\"529\" src=\"http:\/\/mappingspain.com\/wp-content\/uploads\/2023\/02\/Manilva-Beach-1024x529.jpg\" alt=\"\" class=\"wp-image-9154\" srcset=\"https:\/\/mappingspain.com\/wp-content\/uploads\/2023\/02\/Manilva-Beach-1024x529.jpg 1024w, https:\/\/mappingspain.com\/wp-content\/uploads\/2023\/02\/Manilva-Beach-300x155.jpg 300w, https:\/\/mappingspain.com\/wp-content\/uploads\/2023\/02\/Manilva-Beach-768x397.jpg 768w, https:\/\/mappingspain.com\/wp-content\/uploads\/2023\/02\/Manilva-Beach.jpg 1200w\" sizes=\"(max-width: 1024px) 100vw, 1024px\" \/><figcaption class=\"wp-element-caption\">Plage \u00e0 Manilva<\/figcaption><\/figure>\n\n\n\n<div style=\"height:47px\" aria-hidden=\"true\" class=\"wp-block-spacer\"><\/div>\n\n\n<hr>\n<div class=\"content_hint\">&nbsp;<\/div>\n<hr>\n\n\n<div style=\"height:55px\" aria-hidden=\"true\" class=\"wp-block-spacer\"><\/div>\n\n\n\n<p><strong>Vous avez beaucoup boug\u00e9 autour de Georgina. Louez-vous? Ou avez-vous achet\u00e9 dans ces diff\u00e9rents endroits ? Et quels conseils donneriez-vous \u00e0 ceux qui cherchent \u00e0 faire l&rsquo;un ou l&rsquo;autre ?<\/strong><\/p>\n\n\n\n<p>J&rsquo;\u00e9tais locataire pendant les 7 premi\u00e8res ann\u00e9es de mon s\u00e9jour en Espagne et j&rsquo;\u00e9tais vraiment ravi de pouvoir \u00eatre flexible et de me d\u00e9placer \u00e0 mesure que ma situation changeait en termes de travail ou de vie de famille.<\/p>\n\n\n\n<p>Nous avons achet\u00e9 \u00e0 Manilva, car nous pensions que c&rsquo;\u00e9tait le bon moment pour acheter, mais id\u00e9alement, nous aurions d&rsquo;abord lou\u00e9 un an avant de franchir le pas. Bien que les prix de location aient beaucoup augment\u00e9 ces derni\u00e8res ann\u00e9es, la possibilit\u00e9 d&rsquo;essayer avant d&rsquo;acheter est vraiment pr\u00e9cieuse, surtout si vous \u00eates nouveau dans la r\u00e9gion.<\/p>\n\n\n\n<div style=\"height:43px\" aria-hidden=\"true\" class=\"wp-block-spacer\"><\/div>\n\n\n\n<figure class=\"wp-block-image size-full\"><img decoding=\"async\" width=\"843\" height=\"535\" src=\"http:\/\/mappingspain.com\/wp-content\/uploads\/2023\/02\/sotogrande.jpg\" alt=\"\" class=\"wp-image-9157\" srcset=\"https:\/\/mappingspain.com\/wp-content\/uploads\/2023\/02\/sotogrande.jpg 843w, https:\/\/mappingspain.com\/wp-content\/uploads\/2023\/02\/sotogrande-300x190.jpg 300w, https:\/\/mappingspain.com\/wp-content\/uploads\/2023\/02\/sotogrande-768x487.jpg 768w\" sizes=\"(max-width: 843px) 100vw, 843px\" \/><figcaption class=\"wp-element-caption\">Sotogrande<\/figcaption><\/figure>\n\n\n\n<div style=\"height:55px\" aria-hidden=\"true\" class=\"wp-block-spacer\"><\/div>\n\n\n\n<p><strong>Vous avez mentionn\u00e9 avoir des enfants qui vont \u00e0 l&rsquo;\u00e9cole en Espagne. Pouvez-vous nous parler de l&rsquo;exp\u00e9rience scolaire en Espagne ? Dans quelle mesure a-t-il \u00e9t\u00e9 facile\/difficile de scolariser vos enfants dans votre r\u00e9gion de la Costa del Sol et comment pensez-vous que cela se compare \u00e0 la scolarit\u00e9 au Royaume-Uni&nbsp;?<\/strong><\/p>\n\n\n\n<p>J&rsquo;ai essay\u00e9 pas mal d&rsquo;options d&rsquo;\u00e9ducation en Espagne au fil des ans.<\/p>\n\n\n\n<p>Nous avons commenc\u00e9 avec une cr\u00e8che priv\u00e9e bilingue \u00e0 Marbella quand mon fils avait 1 an. Cela s&rsquo;appelait La Latina et \u00e9tait une aubaine absolue pour nous, car le personnel \u00e9tait si adorable et gentil et nous a donn\u00e9 beaucoup d&rsquo;aide et de conseils, ce qui nous manquait d&rsquo;\u00eatre loin de la famille \u00e9largie. L&rsquo;\u00e9quipe parlait anglais, nous n&rsquo;avions donc pas \u00e0 nous battre avec la langue, mais nous savions que notre fils grandissait et d\u00e9veloppait les deux langues, ce qui \u00e9tait vraiment important pour nous.<\/p>\n\n\n\n<p>Quand nous avons d\u00e9m\u00e9nag\u00e9 \u00e0 Manilva, il avait 2 ans et ils peuvent commencer l&rsquo;\u00e9cole ici l&rsquo;ann\u00e9e o\u00f9 ils ont 3 ans, alors nous l&rsquo;avons fait entrer directement dans l&rsquo;\u00e9cole publique espagnole locale, Pablo Picasso. La seule chose qui peut vous surprendre, c&rsquo;est que les candidatures pour les \u00e9coles se font en mars, avant la rentr\u00e9e scolaire en septembre et que vous devez obtenir vos formulaires entre le 1er et le 31. Le formulaire est assez d\u00e9concertant, alors demandez \u00e0 quelqu&rsquo;un de vous aider, m\u00eame si votre espagnol est bon.<\/p>\n\n\n\n<p>Je parlais d\u00e9j\u00e0 espagnol et notre fils avait \u00e9galement \u00e9t\u00e9 dans une cr\u00e8che bilingue, nous \u00e9tions donc tous les deux bien pr\u00e9par\u00e9s pour entrer dans le syst\u00e8me espagnol et je dois dire que ce fut une exp\u00e9rience vraiment formidable. Dans l&rsquo;\u00e9cole maternelle \u00ab\u00a0infantil\u00a0\u00bb, c&rsquo;\u00e9tait un environnement tellement aimant et les enfants et les parents \u00e9taient bien soign\u00e9s. La seule chose \u00e0 laquelle vous devez \u00eatre pr\u00eat est qu&rsquo;ils n&rsquo;ont plus de couches et les enseignants vous appelleront pour les changer s&rsquo;ils ont un accident &#8211; alors soyez pr\u00eat !<\/p>\n\n\n\n<p>Le primaire est plus structur\u00e9 et tr\u00e8s disciplin\u00e9 et les devoirs commencent \u00e0 devenir lourds assez rapidement. Cependant, il existe des clubs de devoirs \u00e0 l&rsquo;\u00e9cole et en priv\u00e9, qui fonctionnent tr\u00e8s bien, surtout si vous ne parlez pas beaucoup l&rsquo;espagnol \u00e0 la maison. Nous avons \u00e9galement utilis\u00e9 des tuteurs en ligne pour aider \u00e0 la charge de travail dans la phase finale.<\/p>\n\n\n\n<p>Nous l&rsquo;avons maintenant transf\u00e9r\u00e9 dans une \u00e9cole internationale pour la derni\u00e8re ann\u00e9e du primaire et esp\u00e9rons qu&rsquo;il y restera jusqu&rsquo;\u00e0 18 ans. Il a vraiment b\u00e9n\u00e9fici\u00e9 d&rsquo;aller \u00e0 l&rsquo;\u00e9cole d&rsquo;espagnol, mais cela a commenc\u00e9 \u00e0 devenir un peu trop rigide pour nous et les devoirs et r\u00e9gime de test constant ne convenait pas \u00e0 notre fils \u00e0 la fin.<\/p>\n\n\n\n<p>Le syst\u00e8me international est tr\u00e8s diff\u00e9rent, beaucoup plus individuel et flexible et offre beaucoup plus d&rsquo;opportunit\u00e9s pour la musique, le sport et la technologie et donc il en est tr\u00e8s content, tout comme nous !<\/p>\n\n\n\n<p>Chaque \u00e9cole varie et vous avez de nombreuses options diff\u00e9rentes le long de la c\u00f4te, en fonction de votre budget et de vos besoins. Je dirais que par rapport au Royaume-Uni et au syst\u00e8me international, dans le syst\u00e8me espagnol, il y a plus de devoirs et c&rsquo;est probablement plus d\u00e9mod\u00e9 avec beaucoup d&rsquo;apprentissage par c\u0153ur et de tests. Si vous recherchez un syst\u00e8me individualis\u00e9, les \u00e9coles internationales seront probablement mieux adapt\u00e9es.<\/p>\n\n\n\n<div style=\"height:44px\" aria-hidden=\"true\" class=\"wp-block-spacer\"><\/div>\n\n\n\n<figure class=\"wp-block-image size-large\"><img decoding=\"async\" width=\"1024\" height=\"576\" src=\"http:\/\/mappingspain.com\/wp-content\/uploads\/2023\/02\/Manilva-view-1024x576.jpg\" alt=\"\" class=\"wp-image-9160\" srcset=\"https:\/\/mappingspain.com\/wp-content\/uploads\/2023\/02\/Manilva-view-1024x576.jpg 1024w, https:\/\/mappingspain.com\/wp-content\/uploads\/2023\/02\/Manilva-view-300x169.jpg 300w, https:\/\/mappingspain.com\/wp-content\/uploads\/2023\/02\/Manilva-view-768x432.jpg 768w, https:\/\/mappingspain.com\/wp-content\/uploads\/2023\/02\/Manilva-view.jpg 1200w\" sizes=\"(max-width: 1024px) 100vw, 1024px\" \/><figcaption class=\"wp-element-caption\">Vues de Manilva<\/figcaption><\/figure>\n\n\n\n<div style=\"height:44px\" aria-hidden=\"true\" class=\"wp-block-spacer\"><\/div>\n\n\n<hr>\n<div class=\"content_hint\">&nbsp;<\/div>\n<hr>\n\n\n<div style=\"height:55px\" aria-hidden=\"true\" class=\"wp-block-spacer\"><\/div>\n\n\n\n<p><strong>Vous avez une entreprise de marketing ici en Espagne. Que faites-vous exactement? Vous adressez-vous au march\u00e9 local ou \u00eates-vous international ?<\/strong><\/p>\n\n\n\n<p>Notre soci\u00e9t\u00e9 s&rsquo;appelle Shaw Marketing Services et nous sommes une agence de marketing et de relations publiques \u00e0 service complet. Nous offrons tous les types de services de marketing et de communication, y compris la r\u00e9daction, la gestion des m\u00e9dias sociaux, les relations publiques et les relations avec les m\u00e9dias et la formation en marketing.<\/p>\n\n\n\n<p>Nos principaux clients sont des entreprises de la Costa del Sol dirig\u00e9es par des entrepreneurs internationaux. Nous travaillons avec toutes sortes de secteurs, y compris l&rsquo;h\u00f4tellerie, l&rsquo;immobilier et le commerce de d\u00e9tail. Nous sommes l\u00e0 pour aider les gens \u00e0 mieux communiquer avec les r\u00e9sidents internationaux, les touristes et les clients espagnols et adapter nos services aux besoins de chaque client. Avril 2023 sera notre 15e anniversaire et nous sommes vraiment fiers d&rsquo;avoir pu d\u00e9velopper notre entreprise et survivre \u00e0 la crise financi\u00e8re, au COVID et \u00e0 de nombreux d\u00e9fis en cours de route.<\/p>\n\n\n\n<p>Vous pouvez en savoir plus sur nous sur notre site Web ou sur les r\u00e9seaux sociaux.<\/p>\n\n\n\n<ul class=\"wp-block-list\">\n<li><a href=\"https:\/\/www.shawmarketingservices.com\/\" target=\"_blank\" rel=\"noreferrer noopener\">https:\/\/www.shawmarketingservices.com\/<\/a><\/li>\n\n\n\n<li><a href=\"https:\/\/www.facebook.com\/ShawMarketingServices\" target=\"_blank\" rel=\"noreferrer noopener\">https:\/\/www.facebook.com\/ShawMarketingServices<\/a><\/li>\n\n\n\n<li><a href=\"https:\/\/www.instagram.com\/shawmarketingservices\/\" target=\"_blank\" rel=\"noreferrer noopener\">https:\/\/www.instagram.com\/shawmarketingservices\/<\/a> &nbsp;<\/li>\n<\/ul>\n\n\n\n<div style=\"height:44px\" aria-hidden=\"true\" class=\"wp-block-spacer\"><\/div>\n\n\n\n<figure class=\"wp-block-image size-large\"><img decoding=\"async\" width=\"1024\" height=\"689\" src=\"http:\/\/mappingspain.com\/wp-content\/uploads\/2023\/02\/Easter-Marbella-1024x689.jpg\" alt=\"\" class=\"wp-image-9163\" srcset=\"https:\/\/mappingspain.com\/wp-content\/uploads\/2023\/02\/Easter-Marbella-1024x689.jpg 1024w, https:\/\/mappingspain.com\/wp-content\/uploads\/2023\/02\/Easter-Marbella-300x202.jpg 300w, https:\/\/mappingspain.com\/wp-content\/uploads\/2023\/02\/Easter-Marbella-768x516.jpg 768w, https:\/\/mappingspain.com\/wp-content\/uploads\/2023\/02\/Easter-Marbella.jpg 1200w\" sizes=\"(max-width: 1024px) 100vw, 1024px\" \/><figcaption class=\"wp-element-caption\">P\u00e2ques \u00e0 Marbella<\/figcaption><\/figure>\n\n\n\n<div style=\"height:44px\" aria-hidden=\"true\" class=\"wp-block-spacer\"><\/div>\n\n\n<hr>\n<div class=\"content_hint\">&nbsp;<\/div>\n<hr>\n\n\n<div style=\"height:56px\" aria-hidden=\"true\" class=\"wp-block-spacer\"><\/div>\n\n\n\n<p><strong>L&rsquo;Espagne est connue pour ne pas \u00eatre tr\u00e8s favorable aux affaires. J&rsquo;aimerais conna\u00eetre votre point de vue sur la cr\u00e9ation d&rsquo;une entreprise ici en Espagne. Un conseil pour les personnes qui souhaitent faire de m\u00eame ?<\/strong><\/p>\n\n\n\n<p>La Costa del Sol est un endroit difficile \u00e0 gagner de l&rsquo;argent et le syst\u00e8me n&rsquo;est pas le plus facile \u00e0 g\u00e9rer. Cependant, ils essaient de le rendre meilleur pour les nouvelles entreprises, avec des charges sociales r\u00e9duites pour les premi\u00e8res ann\u00e9es par exemple.<\/p>\n\n\n\n<p>Je conseillerais aux gens d&rsquo;utiliser des professionnels qui connaissent le syst\u00e8me et savent comment le faire fonctionner pour vous et essayez de ne pas trop comparer avec votre pays d&rsquo;origine.<\/p>\n\n\n\n<p>J&rsquo;ai divis\u00e9 par deux mon salaire en venant de Londres \u00e0 Marbella, pour une promotion massive, mais le co\u00fbt de la vie \u00e9tait tellement plus bas que j&rsquo;avais en fait beaucoup plus d&rsquo;argent dans ma poche \u00e0 la fin de chaque mois, donc vous devez changer un peu votre \u00e9tat d&rsquo;esprit .<\/p>\n\n\n\n<p>La plupart des gens tombent amoureux du style de vie ici et trouvent ensuite un moyen de gagner suffisamment d&rsquo;argent pour soutenir ce style de vie.<\/p>\n\n\n\n<p>Il y a des opportunit\u00e9s ici, soit de travailler pour d&rsquo;autres personnes, soit de cr\u00e9er votre propre entreprise, mais vous devez travailler au sein de la bureaucratie et apprendre en cours de route comment tout fonctionne. J&rsquo;ai toujours essay\u00e9 d&rsquo;\u00eatre flexible, de ne pas juger et de profiter de la vie ici et j&rsquo;ai pu construire une entreprise prosp\u00e8re. Ma vie ici ne consiste pas \u00e0 gagner des millions, mais \u00e0 offrir une belle vie pour moi et ma famille et c&rsquo;est ce que nous avons pu faire. Si d&rsquo;autres personnes ressentent la m\u00eame chose, elles l&rsquo;aimeront aussi.<\/p>\n\n\n\n<p>Si vous voulez quelque chose de plus traditionnel, jetez un coup d&rsquo;\u0153il \u00e0 Gibraltar, o\u00f9 les salaires sont beaucoup plus \u00e9lev\u00e9s, puis essayez de vivre sur la Costa del Sol occidentale pour profiter du meilleur des deux mondes.<\/p>\n\n\n\n<p>Le nouveau visa de nomade num\u00e9rique offrira \u00e9galement beaucoup plus d&rsquo;opportunit\u00e9s de travailler pour des entreprises dans d&rsquo;autres parties du monde, tout en vivant dans ce bel endroit et je pense vraiment que ce sera une option attrayante pour beaucoup.<\/p>\n\n\n\n<div style=\"height:44px\" aria-hidden=\"true\" class=\"wp-block-spacer\"><\/div>\n\n\n\n<figure class=\"wp-block-image size-large\"><img decoding=\"async\" width=\"1024\" height=\"683\" src=\"http:\/\/mappingspain.com\/wp-content\/uploads\/2023\/02\/GA-254-1024x683.jpg\" alt=\"\" class=\"wp-image-9166\" srcset=\"https:\/\/mappingspain.com\/wp-content\/uploads\/2023\/02\/GA-254-1024x683.jpg 1024w, https:\/\/mappingspain.com\/wp-content\/uploads\/2023\/02\/GA-254-300x200.jpg 300w, https:\/\/mappingspain.com\/wp-content\/uploads\/2023\/02\/GA-254-768x512.jpg 768w, https:\/\/mappingspain.com\/wp-content\/uploads\/2023\/02\/GA-254-600x400.jpg 600w, https:\/\/mappingspain.com\/wp-content\/uploads\/2023\/02\/GA-254.jpg 1200w\" sizes=\"(max-width: 1024px) 100vw, 1024px\" \/><\/figure>\n\n\n<hr>\n<div class=\"content_hint\">&nbsp;<\/div>\n<hr>\n\n\n<div style=\"height:53px\" aria-hidden=\"true\" class=\"wp-block-spacer\"><\/div>\n\n\n\n<p><strong>Que r\u00e9serve l&rsquo;avenir? Continuez-vous \u00e0 vous voir en Espagne \u00e0 l&rsquo;avenir ? Si oui, pensez-vous que ce sera dans la m\u00eame r\u00e9gion ?<\/strong><\/p>\n\n\n\n<p>L&rsquo;Espagne est ma maison et en fait je pr\u00e9vois de construire une propri\u00e9t\u00e9 pour que mes parents puissent vivre avec nous et que nous puissions profiter ensemble du merveilleux style de vie. Je me sens install\u00e9 et heureux et \u00e9tabli dans mon entreprise et je serai certainement \u00e0 Sotogrande pendant les 8 prochaines ann\u00e9es. Apr\u00e8s qui sait, mais je ne suis pas press\u00e9 d&rsquo;aller ailleurs. L&rsquo;Espagne est un endroit merveilleux pour appeler \u00e0 la maison!<\/p>\n\n\n\n<div style=\"height:50px\" aria-hidden=\"true\" class=\"wp-block-spacer\"><\/div>\n\n\n\n<h3 class=\"wp-block-heading has-text-align-center\"><strong>Merci pour cette interview Georgina !<\/strong><\/h3>\n\n\n\n<div style=\"height:58px\" aria-hidden=\"true\" class=\"wp-block-spacer\"><\/div>\n\n\n\n<h3 class=\"wp-block-heading\"><em><strong>Plus: <a href=\"https:\/\/mappingspain.com\/fr\/benalmadena-almunecar-ou-estepona\/\" target=\"_blank\" rel=\"noreferrer noopener\">Benalm\u00e1dena, Almu\u00f1\u00e9car OU Estepona?<\/a><\/strong><\/em><\/h3>\n\n\n\n<figure class=\"wp-block-image size-large\"><a href=\"https:\/\/mappingspain.com\/fr\/benalmadena-almunecar-ou-estepona\/\" target=\"_blank\" rel=\" noreferrer noopener\"><img decoding=\"async\" width=\"1024\" height=\"641\" src=\"https:\/\/mappingspain.com\/wp-content\/uploads\/2025\/10\/Benalmadena-Almunecar-OR-Estepona-FR-1024x641.jpg\" alt=\"\" class=\"wp-image-27546\" srcset=\"https:\/\/mappingspain.com\/wp-content\/uploads\/2025\/10\/Benalmadena-Almunecar-OR-Estepona-FR-1024x641.jpg 1024w, https:\/\/mappingspain.com\/wp-content\/uploads\/2025\/10\/Benalmadena-Almunecar-OR-Estepona-FR-300x188.jpg 300w, https:\/\/mappingspain.com\/wp-content\/uploads\/2025\/10\/Benalmadena-Almunecar-OR-Estepona-FR-768x481.jpg 768w, https:\/\/mappingspain.com\/wp-content\/uploads\/2025\/10\/Benalmadena-Almunecar-OR-Estepona-FR.jpg 1200w\" sizes=\"(max-width: 1024px) 100vw, 1024px\" \/><\/a><\/figure>\n\n\n\n<div style=\"height:20px\" aria-hidden=\"true\" class=\"wp-block-spacer\"><\/div>\n\n\n\n<h3 class=\"wp-block-heading\"><em><strong>Plus: <\/strong><\/em><strong><em><a href=\"https:\/\/mappingspain.com\/fr\/comment-est-ce-de-vivre-dans-la-ville-de-malaga\/\" target=\"_blank\" rel=\"noreferrer noopener\">Comment est-ce de vivre dans la ville de Malaga ?<\/a><\/em><\/strong><\/h3>\n\n\n\n<figure class=\"wp-block-image size-full\"><a href=\"https:\/\/mappingspain.com\/fr\/comment-est-ce-de-vivre-dans-la-ville-de-malaga\/\" target=\"_blank\" rel=\" noreferrer noopener\"><img decoding=\"async\" width=\"1000\" height=\"718\" src=\"https:\/\/mappingspain.com\/wp-content\/uploads\/2023\/02\/Malaga-living-in-FR.jpg\" alt=\"\" class=\"wp-image-27656\" srcset=\"https:\/\/mappingspain.com\/wp-content\/uploads\/2023\/02\/Malaga-living-in-FR.jpg 1000w, https:\/\/mappingspain.com\/wp-content\/uploads\/2023\/02\/Malaga-living-in-FR-300x215.jpg 300w, https:\/\/mappingspain.com\/wp-content\/uploads\/2023\/02\/Malaga-living-in-FR-768x551.jpg 768w\" sizes=\"(max-width: 1000px) 100vw, 1000px\" \/><\/a><\/figure>\n\n\n\n<div style=\"height:68px\" aria-hidden=\"true\" class=\"wp-block-spacer\"><\/div>\n<div class='ctx-module-container ctx_default_placement ctx-clearfix'><\/div><span class=\"ctx-article-root\"><!-- --><\/span>","protected":false},"excerpt":{"rendered":"<p>Le meilleur de Marbella et ses environs Georgina et sa famille ont v\u00e9cu dans de nombreux endroits de la Costa del Sol occidentale, \u00e0 Marbella, Calahonda, Manilva et Sotogrande. Dans cette interview, elle compare ces diff\u00e9rentes communaut\u00e9s en termes de qualit\u00e9 de vie, de composition d\u00e9mographique et d&rsquo;\u00e9ducation (pour ceux qui ont des enfants). Tr\u00e8s [&hellip;]<\/p>\n","protected":false},"author":2,"featured_media":9152,"comment_status":"open","ping_status":"open","sticky":false,"template":"","format":"standard","meta":{"_genesis_hide_title":false,"_genesis_hide_breadcrumbs":false,"_genesis_hide_singular_image":false,"_genesis_hide_footer_widgets":false,"_genesis_custom_body_class":"","_genesis_custom_post_class":"","_genesis_layout":"","footnotes":""},"categories":[241,221,341],"tags":[],"class_list":{"0":"post-11760","1":"post","2":"type-post","3":"status-publish","4":"format-standard","5":"has-post-thumbnail","7":"category-andalousie-m-z","8":"category-interviews-dexpatries-fr","9":"category-marbella-2","10":"entry"},"yoast_head":"<!-- This site is optimized with the Yoast SEO plugin v27.5 - https:\/\/yoast.com\/product\/yoast-seo-wordpress\/ -->\n<title>Le meilleur de Marbella et ses environs - Mapping Spain<\/title>\n<meta name=\"description\" content=\"Le meilleur de Marbella et ses environs. Georgina et sa famille ont v\u00e9cu dans de nombreux endroits de la Costa del Sol occidentale, \u00e0...\" \/>\n<meta name=\"robots\" content=\"index, follow, max-snippet:-1, max-image-preview:large, max-video-preview:-1\" \/>\n<link rel=\"canonical\" href=\"https:\/\/mappingspain.com\/fr\/le-meilleur-de-marbella-et-ses-environs\/\" \/>\n<meta property=\"og:locale\" content=\"fr_FR\" \/>\n<meta property=\"og:type\" content=\"article\" \/>\n<meta property=\"og:title\" content=\"Le meilleur de Marbella et ses environs - Mapping Spain\" \/>\n<meta property=\"og:description\" content=\"Le meilleur de Marbella et ses environs. Georgina et sa famille ont v\u00e9cu dans de nombreux endroits de la Costa del Sol occidentale, \u00e0...\" \/>\n<meta property=\"og:url\" content=\"https:\/\/mappingspain.com\/fr\/le-meilleur-de-marbella-et-ses-environs\/\" \/>\n<meta property=\"og:site_name\" content=\"Mapping Spain\" \/>\n<meta property=\"article:published_time\" content=\"2023-02-12T16:26:13+00:00\" \/>\n<meta property=\"article:modified_time\" content=\"2025-10-22T15:56:32+00:00\" \/>\n<meta property=\"og:image\" content=\"https:\/\/mappingspain.com\/wp-content\/uploads\/2023\/02\/live-marbella-puerto-banus.jpg\" \/>\n\t<meta property=\"og:image:width\" content=\"1000\" \/>\n\t<meta property=\"og:image:height\" content=\"542\" \/>\n\t<meta property=\"og:image:type\" content=\"image\/jpeg\" \/>\n<meta name=\"author\" content=\"Frank\" \/>\n<meta name=\"twitter:card\" content=\"summary_large_image\" \/>\n<meta name=\"twitter:label1\" content=\"\u00c9crit par\" \/>\n\t<meta name=\"twitter:data1\" content=\"Frank\" \/>\n\t<meta name=\"twitter:label2\" content=\"Dur\u00e9e de lecture estim\u00e9e\" \/>\n\t<meta name=\"twitter:data2\" content=\"14 minutes\" \/>\n<script type=\"application\/ld+json\" class=\"yoast-schema-graph\">{\"@context\":\"https:\\\/\\\/schema.org\",\"@graph\":[{\"@type\":\"Article\",\"@id\":\"https:\\\/\\\/mappingspain.com\\\/fr\\\/le-meilleur-de-marbella-et-ses-environs\\\/#article\",\"isPartOf\":{\"@id\":\"https:\\\/\\\/mappingspain.com\\\/fr\\\/le-meilleur-de-marbella-et-ses-environs\\\/\"},\"author\":{\"name\":\"Frank\",\"@id\":\"https:\\\/\\\/mappingspain.com\\\/fr\\\/#\\\/schema\\\/person\\\/1e3c8dae7a8d66a64591f1b41c8b1101\"},\"headline\":\"Le meilleur de Marbella et ses environs\",\"datePublished\":\"2023-02-12T16:26:13+00:00\",\"dateModified\":\"2025-10-22T15:56:32+00:00\",\"mainEntityOfPage\":{\"@id\":\"https:\\\/\\\/mappingspain.com\\\/fr\\\/le-meilleur-de-marbella-et-ses-environs\\\/\"},\"wordCount\":2884,\"commentCount\":0,\"image\":{\"@id\":\"https:\\\/\\\/mappingspain.com\\\/fr\\\/le-meilleur-de-marbella-et-ses-environs\\\/#primaryimage\"},\"thumbnailUrl\":\"https:\\\/\\\/mappingspain.com\\\/wp-content\\\/uploads\\\/2023\\\/02\\\/live-marbella-puerto-banus.jpg\",\"articleSection\":[\"ANDALOUSIE (M-Z)\",\"Interviews d&#039;expatri\u00e9s\",\"Marbella\"],\"inLanguage\":\"fr-FR\",\"potentialAction\":[{\"@type\":\"CommentAction\",\"name\":\"Comment\",\"target\":[\"https:\\\/\\\/mappingspain.com\\\/fr\\\/le-meilleur-de-marbella-et-ses-environs\\\/#respond\"]}]},{\"@type\":\"WebPage\",\"@id\":\"https:\\\/\\\/mappingspain.com\\\/fr\\\/le-meilleur-de-marbella-et-ses-environs\\\/\",\"url\":\"https:\\\/\\\/mappingspain.com\\\/fr\\\/le-meilleur-de-marbella-et-ses-environs\\\/\",\"name\":\"Le meilleur de Marbella et ses environs - Mapping Spain\",\"isPartOf\":{\"@id\":\"https:\\\/\\\/mappingspain.com\\\/fr\\\/#website\"},\"primaryImageOfPage\":{\"@id\":\"https:\\\/\\\/mappingspain.com\\\/fr\\\/le-meilleur-de-marbella-et-ses-environs\\\/#primaryimage\"},\"image\":{\"@id\":\"https:\\\/\\\/mappingspain.com\\\/fr\\\/le-meilleur-de-marbella-et-ses-environs\\\/#primaryimage\"},\"thumbnailUrl\":\"https:\\\/\\\/mappingspain.com\\\/wp-content\\\/uploads\\\/2023\\\/02\\\/live-marbella-puerto-banus.jpg\",\"datePublished\":\"2023-02-12T16:26:13+00:00\",\"dateModified\":\"2025-10-22T15:56:32+00:00\",\"author\":{\"@id\":\"https:\\\/\\\/mappingspain.com\\\/fr\\\/#\\\/schema\\\/person\\\/1e3c8dae7a8d66a64591f1b41c8b1101\"},\"description\":\"Le meilleur de Marbella et ses environs. Georgina et sa famille ont v\u00e9cu dans de nombreux endroits de la Costa del Sol occidentale, \u00e0...\",\"breadcrumb\":{\"@id\":\"https:\\\/\\\/mappingspain.com\\\/fr\\\/le-meilleur-de-marbella-et-ses-environs\\\/#breadcrumb\"},\"inLanguage\":\"fr-FR\",\"potentialAction\":[{\"@type\":\"ReadAction\",\"target\":[\"https:\\\/\\\/mappingspain.com\\\/fr\\\/le-meilleur-de-marbella-et-ses-environs\\\/\"]}]},{\"@type\":\"ImageObject\",\"inLanguage\":\"fr-FR\",\"@id\":\"https:\\\/\\\/mappingspain.com\\\/fr\\\/le-meilleur-de-marbella-et-ses-environs\\\/#primaryimage\",\"url\":\"https:\\\/\\\/mappingspain.com\\\/wp-content\\\/uploads\\\/2023\\\/02\\\/live-marbella-puerto-banus.jpg\",\"contentUrl\":\"https:\\\/\\\/mappingspain.com\\\/wp-content\\\/uploads\\\/2023\\\/02\\\/live-marbella-puerto-banus.jpg\",\"width\":1000,\"height\":542},{\"@type\":\"BreadcrumbList\",\"@id\":\"https:\\\/\\\/mappingspain.com\\\/fr\\\/le-meilleur-de-marbella-et-ses-environs\\\/#breadcrumb\",\"itemListElement\":[{\"@type\":\"ListItem\",\"position\":1,\"name\":\"Home\",\"item\":\"https:\\\/\\\/mappingspain.com\\\/fr\\\/\"},{\"@type\":\"ListItem\",\"position\":2,\"name\":\"Le meilleur de Marbella et ses environs\"}]},{\"@type\":\"WebSite\",\"@id\":\"https:\\\/\\\/mappingspain.com\\\/fr\\\/#website\",\"url\":\"https:\\\/\\\/mappingspain.com\\\/fr\\\/\",\"name\":\"Mapping Spain\",\"description\":\"Everything Spain!\",\"potentialAction\":[{\"@type\":\"SearchAction\",\"target\":{\"@type\":\"EntryPoint\",\"urlTemplate\":\"https:\\\/\\\/mappingspain.com\\\/fr\\\/?s={search_term_string}\"},\"query-input\":{\"@type\":\"PropertyValueSpecification\",\"valueRequired\":true,\"valueName\":\"search_term_string\"}}],\"inLanguage\":\"fr-FR\"},{\"@type\":\"Person\",\"@id\":\"https:\\\/\\\/mappingspain.com\\\/fr\\\/#\\\/schema\\\/person\\\/1e3c8dae7a8d66a64591f1b41c8b1101\",\"name\":\"Frank\",\"image\":{\"@type\":\"ImageObject\",\"inLanguage\":\"fr-FR\",\"@id\":\"https:\\\/\\\/secure.gravatar.com\\\/avatar\\\/a5454735bd4b74c9d0a1bf1f04caac3dbd7f217c7c7fa65d5b39d98bbeab8b4e?s=96&d=mm&r=g\",\"url\":\"https:\\\/\\\/secure.gravatar.com\\\/avatar\\\/a5454735bd4b74c9d0a1bf1f04caac3dbd7f217c7c7fa65d5b39d98bbeab8b4e?s=96&d=mm&r=g\",\"contentUrl\":\"https:\\\/\\\/secure.gravatar.com\\\/avatar\\\/a5454735bd4b74c9d0a1bf1f04caac3dbd7f217c7c7fa65d5b39d98bbeab8b4e?s=96&d=mm&r=g\",\"caption\":\"Frank\"}}]}<\/script>\n<!-- \/ Yoast SEO plugin. -->","yoast_head_json":{"title":"Le meilleur de Marbella et ses environs - Mapping Spain","description":"Le meilleur de Marbella et ses environs. Georgina et sa famille ont v\u00e9cu dans de nombreux endroits de la Costa del Sol occidentale, \u00e0...","robots":{"index":"index","follow":"follow","max-snippet":"max-snippet:-1","max-image-preview":"max-image-preview:large","max-video-preview":"max-video-preview:-1"},"canonical":"https:\/\/mappingspain.com\/fr\/le-meilleur-de-marbella-et-ses-environs\/","og_locale":"fr_FR","og_type":"article","og_title":"Le meilleur de Marbella et ses environs - Mapping Spain","og_description":"Le meilleur de Marbella et ses environs. Georgina et sa famille ont v\u00e9cu dans de nombreux endroits de la Costa del Sol occidentale, \u00e0...","og_url":"https:\/\/mappingspain.com\/fr\/le-meilleur-de-marbella-et-ses-environs\/","og_site_name":"Mapping Spain","article_published_time":"2023-02-12T16:26:13+00:00","article_modified_time":"2025-10-22T15:56:32+00:00","og_image":[{"width":1000,"height":542,"url":"https:\/\/mappingspain.com\/wp-content\/uploads\/2023\/02\/live-marbella-puerto-banus.jpg","type":"image\/jpeg"}],"author":"Frank","twitter_card":"summary_large_image","twitter_misc":{"\u00c9crit par":"Frank","Dur\u00e9e de lecture estim\u00e9e":"14 minutes"},"schema":{"@context":"https:\/\/schema.org","@graph":[{"@type":"Article","@id":"https:\/\/mappingspain.com\/fr\/le-meilleur-de-marbella-et-ses-environs\/#article","isPartOf":{"@id":"https:\/\/mappingspain.com\/fr\/le-meilleur-de-marbella-et-ses-environs\/"},"author":{"name":"Frank","@id":"https:\/\/mappingspain.com\/fr\/#\/schema\/person\/1e3c8dae7a8d66a64591f1b41c8b1101"},"headline":"Le meilleur de Marbella et ses environs","datePublished":"2023-02-12T16:26:13+00:00","dateModified":"2025-10-22T15:56:32+00:00","mainEntityOfPage":{"@id":"https:\/\/mappingspain.com\/fr\/le-meilleur-de-marbella-et-ses-environs\/"},"wordCount":2884,"commentCount":0,"image":{"@id":"https:\/\/mappingspain.com\/fr\/le-meilleur-de-marbella-et-ses-environs\/#primaryimage"},"thumbnailUrl":"https:\/\/mappingspain.com\/wp-content\/uploads\/2023\/02\/live-marbella-puerto-banus.jpg","articleSection":["ANDALOUSIE (M-Z)","Interviews d&#039;expatri\u00e9s","Marbella"],"inLanguage":"fr-FR","potentialAction":[{"@type":"CommentAction","name":"Comment","target":["https:\/\/mappingspain.com\/fr\/le-meilleur-de-marbella-et-ses-environs\/#respond"]}]},{"@type":"WebPage","@id":"https:\/\/mappingspain.com\/fr\/le-meilleur-de-marbella-et-ses-environs\/","url":"https:\/\/mappingspain.com\/fr\/le-meilleur-de-marbella-et-ses-environs\/","name":"Le meilleur de Marbella et ses environs - Mapping Spain","isPartOf":{"@id":"https:\/\/mappingspain.com\/fr\/#website"},"primaryImageOfPage":{"@id":"https:\/\/mappingspain.com\/fr\/le-meilleur-de-marbella-et-ses-environs\/#primaryimage"},"image":{"@id":"https:\/\/mappingspain.com\/fr\/le-meilleur-de-marbella-et-ses-environs\/#primaryimage"},"thumbnailUrl":"https:\/\/mappingspain.com\/wp-content\/uploads\/2023\/02\/live-marbella-puerto-banus.jpg","datePublished":"2023-02-12T16:26:13+00:00","dateModified":"2025-10-22T15:56:32+00:00","author":{"@id":"https:\/\/mappingspain.com\/fr\/#\/schema\/person\/1e3c8dae7a8d66a64591f1b41c8b1101"},"description":"Le meilleur de Marbella et ses environs. Georgina et sa famille ont v\u00e9cu dans de nombreux endroits de la Costa del Sol occidentale, \u00e0...","breadcrumb":{"@id":"https:\/\/mappingspain.com\/fr\/le-meilleur-de-marbella-et-ses-environs\/#breadcrumb"},"inLanguage":"fr-FR","potentialAction":[{"@type":"ReadAction","target":["https:\/\/mappingspain.com\/fr\/le-meilleur-de-marbella-et-ses-environs\/"]}]},{"@type":"ImageObject","inLanguage":"fr-FR","@id":"https:\/\/mappingspain.com\/fr\/le-meilleur-de-marbella-et-ses-environs\/#primaryimage","url":"https:\/\/mappingspain.com\/wp-content\/uploads\/2023\/02\/live-marbella-puerto-banus.jpg","contentUrl":"https:\/\/mappingspain.com\/wp-content\/uploads\/2023\/02\/live-marbella-puerto-banus.jpg","width":1000,"height":542},{"@type":"BreadcrumbList","@id":"https:\/\/mappingspain.com\/fr\/le-meilleur-de-marbella-et-ses-environs\/#breadcrumb","itemListElement":[{"@type":"ListItem","position":1,"name":"Home","item":"https:\/\/mappingspain.com\/fr\/"},{"@type":"ListItem","position":2,"name":"Le meilleur de Marbella et ses environs"}]},{"@type":"WebSite","@id":"https:\/\/mappingspain.com\/fr\/#website","url":"https:\/\/mappingspain.com\/fr\/","name":"Mapping Spain","description":"Everything Spain!","potentialAction":[{"@type":"SearchAction","target":{"@type":"EntryPoint","urlTemplate":"https:\/\/mappingspain.com\/fr\/?s={search_term_string}"},"query-input":{"@type":"PropertyValueSpecification","valueRequired":true,"valueName":"search_term_string"}}],"inLanguage":"fr-FR"},{"@type":"Person","@id":"https:\/\/mappingspain.com\/fr\/#\/schema\/person\/1e3c8dae7a8d66a64591f1b41c8b1101","name":"Frank","image":{"@type":"ImageObject","inLanguage":"fr-FR","@id":"https:\/\/secure.gravatar.com\/avatar\/a5454735bd4b74c9d0a1bf1f04caac3dbd7f217c7c7fa65d5b39d98bbeab8b4e?s=96&d=mm&r=g","url":"https:\/\/secure.gravatar.com\/avatar\/a5454735bd4b74c9d0a1bf1f04caac3dbd7f217c7c7fa65d5b39d98bbeab8b4e?s=96&d=mm&r=g","contentUrl":"https:\/\/secure.gravatar.com\/avatar\/a5454735bd4b74c9d0a1bf1f04caac3dbd7f217c7c7fa65d5b39d98bbeab8b4e?s=96&d=mm&r=g","caption":"Frank"}}]}},"featured_image_src":"https:\/\/mappingspain.com\/wp-content\/uploads\/2023\/02\/live-marbella-puerto-banus-600x400.jpg","featured_image_src_square":"https:\/\/mappingspain.com\/wp-content\/uploads\/2023\/02\/live-marbella-puerto-banus-600x542.jpg","author_info":{"display_name":"Frank","author_link":"https:\/\/mappingspain.com\/fr\/author\/frank\/"},"_links":{"self":[{"href":"https:\/\/mappingspain.com\/fr\/wp-json\/wp\/v2\/posts\/11760","targetHints":{"allow":["GET"]}}],"collection":[{"href":"https:\/\/mappingspain.com\/fr\/wp-json\/wp\/v2\/posts"}],"about":[{"href":"https:\/\/mappingspain.com\/fr\/wp-json\/wp\/v2\/types\/post"}],"author":[{"embeddable":true,"href":"https:\/\/mappingspain.com\/fr\/wp-json\/wp\/v2\/users\/2"}],"replies":[{"embeddable":true,"href":"https:\/\/mappingspain.com\/fr\/wp-json\/wp\/v2\/comments?post=11760"}],"version-history":[{"count":4,"href":"https:\/\/mappingspain.com\/fr\/wp-json\/wp\/v2\/posts\/11760\/revisions"}],"predecessor-version":[{"id":27663,"href":"https:\/\/mappingspain.com\/fr\/wp-json\/wp\/v2\/posts\/11760\/revisions\/27663"}],"wp:featuredmedia":[{"embeddable":true,"href":"https:\/\/mappingspain.com\/fr\/wp-json\/wp\/v2\/media\/9152"}],"wp:attachment":[{"href":"https:\/\/mappingspain.com\/fr\/wp-json\/wp\/v2\/media?parent=11760"}],"wp:term":[{"taxonomy":"category","embeddable":true,"href":"https:\/\/mappingspain.com\/fr\/wp-json\/wp\/v2\/categories?post=11760"},{"taxonomy":"post_tag","embeddable":true,"href":"https:\/\/mappingspain.com\/fr\/wp-json\/wp\/v2\/tags?post=11760"}],"curies":[{"name":"wp","href":"https:\/\/api.w.org\/{rel}","templated":true}]}}