{"id":13912,"date":"2023-08-17T12:20:56","date_gmt":"2023-08-17T12:20:56","guid":{"rendered":"https:\/\/mappingspain.com\/?p=13912"},"modified":"2023-12-23T12:28:37","modified_gmt":"2023-12-23T12:28:37","slug":"pourquoi-ce-jeune-canadienne-sepanouit-a-rincon-de-la-victoria","status":"publish","type":"post","link":"https:\/\/mappingspain.com\/fr\/pourquoi-ce-jeune-canadienne-sepanouit-a-rincon-de-la-victoria\/","title":{"rendered":"Pourquoi ce jeune Canadienne s&rsquo;\u00e9panouit \u00e0 Rincon de la Victoria"},"content":{"rendered":"\n<p><mark style=\"background-color:rgba(0, 0, 0, 0);color:#ffffff\" class=\"has-inline-color\">Pourquoi ce jeune Canadienne s&rsquo;\u00e9panouit \u00e0 Rincon de la Victoria<\/mark><\/p>\n\n\n\n<p><strong>L\u2019Espagne n\u2019est pas connue comme un endroit o\u00f9 faire carri\u00e8re<\/strong>. Mais entre l&rsquo;enseignement de l&rsquo;anglais et le travail \u00e0 distance pour une entreprise de marketing madril\u00e8ne, Amara, 26 ans, s&rsquo;\u00e9panouit \u00e0 Rincon de la Victoria.<\/p>\n\n\n\n<p>Dans cet article, elle nous raconte ce qui l&rsquo;a amen\u00e9e \u00e0 venir en Espagne, comment elle s&rsquo;est retrouv\u00e9e \u00e0 Rinc\u00f3n de la Victoria, et raconte son exp\u00e9rience d&rsquo;installation et de construction d&rsquo;une carri\u00e8re.<\/p>\n\n\n\n<div style=\"height:28px\" aria-hidden=\"true\" class=\"wp-block-spacer\"><\/div>\n\n\n\n<hr class=\"wp-block-separator has-alpha-channel-opacity is-style-wide\"\/>\n\n\n\n<div class=\"wp-block-media-text alignwide is-stacked-on-mobile\" style=\"grid-template-columns:37% auto\"><figure class=\"wp-block-media-text__media\"><img decoding=\"async\" width=\"466\" height=\"508\" src=\"http:\/\/mappingspain.com\/wp-content\/uploads\/2023\/08\/Amara-in-Rincon.jpg\" alt=\"\" class=\"wp-image-13548 size-full\" srcset=\"https:\/\/mappingspain.com\/wp-content\/uploads\/2023\/08\/Amara-in-Rincon.jpg 466w, https:\/\/mappingspain.com\/wp-content\/uploads\/2023\/08\/Amara-in-Rincon-275x300.jpg 275w\" sizes=\"(max-width: 466px) 100vw, 466px\" \/><\/figure><div class=\"wp-block-media-text__content\">\n<p><strong>Nom:<\/strong>&nbsp; Amara Zammit<br><strong>\u00c2ge:<\/strong>&nbsp;&nbsp;&nbsp; 26<br><strong>Pays d&rsquo;origine:<\/strong>&nbsp; Canada<br><strong>Nombre d&rsquo;ann\u00e9es en Espagne:<\/strong> 3<\/p>\n<\/div><\/div>\n\n\n\n<hr class=\"wp-block-separator has-alpha-channel-opacity\"\/>\n\n\n\n<div style=\"height:72px\" aria-hidden=\"true\" class=\"wp-block-spacer\"><\/div>\n\n\n\n<p><strong>Salut Amara! Vous \u00eates jeune pour vous \u00eatre install\u00e9 \u00e0 l&rsquo;\u00e9tranger \ud83d\ude0a . Pouvez-vous me parler de vous et de la fa\u00e7on dont vous avez fini par d\u00e9m\u00e9nager en Espagne&nbsp;?<br><br><\/strong>Beaucoup de gens disent \u00e7a haha. M\u00eame si j\u2019aime le Canada et que j\u2019ai la chance d\u2019avoir grandi dans un pays aussi incroyable, j\u2019\u00e9tais toujours \u00e0 la recherche de la plage et je voulais d\u00e9couvrir davantage le monde. Tous ceux qui me connaissent savent que j&rsquo;ai besoin de vivre au bord de la mer et que l&rsquo;agitation de Toronto est tout simplement trop forte pour moi. J&rsquo;ai toujours pr\u00e9f\u00e9r\u00e9 l&rsquo;ambiance plus d\u00e9contract\u00e9e de la culture espagnole. Je voulais profiter de ma double nationalit\u00e9 (canadienne et maltaise) alors j&rsquo;ai trouv\u00e9 un emploi pour enseigner l&rsquo;anglais \u00e0 Malaga et je ne suis jamais parti !<\/p>\n\n\n\n<div style=\"height:58px\" aria-hidden=\"true\" class=\"wp-block-spacer\"><\/div>\n\n\n<hr>\n<div class=\"content_hint\">&nbsp;<\/div>\n<hr>\n\n\n<div style=\"height:101px\" aria-hidden=\"true\" class=\"wp-block-spacer\"><\/div>\n\n\n\n<p><strong>Comment avez-vous d\u00e9cid\u00e9 de vivre \u00e0 Rinc\u00f3n de la Victoria ? Pourquoi Rinc\u00f3n de la Victoria ? (et aviez-vous v\u00e9cu ailleurs en Espagne avant de choisir Rincon de la Victoria ?)<br><br><\/strong>J&rsquo;\u00e9tais venu en Espagne une fois avant de d\u00e9m\u00e9nager ici et c&rsquo;\u00e9tait \u00e0 Madrid pour 4 jours lors d&rsquo;un voyage avec ma s\u0153ur &#8211; c&rsquo;est si s\u00fbr de dire que je n&rsquo;avais aucune id\u00e9e dans quoi je m&#8217;embarquais. Le sud de l\u2019Espagne est comme un autre monde et je ne changerais rien. Le placement que j&rsquo;ai re\u00e7u pour mon \u00e9cole \u00e9tait dans les montagnes de Rincon de la Victoria &#8211; alors quand je l&rsquo;ai re\u00e7u j&rsquo;ai regard\u00e9 Rincon sur une carte et j&rsquo;ai vu que c&rsquo;\u00e9tait juste sur la plage alors j&rsquo;ai dit \u00ab fantastique! \u00bb. J&rsquo;ai accept\u00e9 le placement sans rien savoir de l&rsquo;endroit o\u00f9 j&rsquo;allais d\u00e9m\u00e9nager.<\/p>\n\n\n\n<div style=\"height:100px\" aria-hidden=\"true\" class=\"wp-block-spacer\"><\/div>\n\n\n\n<p><strong>Qu\u2019est-ce que vous pr\u00e9f\u00e9rez \u00e0 Rinc\u00f3n de la Victoria ? <\/strong><\/p>\n\n\n\n<p>Ce que je pr\u00e9f\u00e8re \u00e0 Rincon, c&rsquo;est la nature d\u00e9contract\u00e9e et accueillante de tout le monde ici. Je ressens cela dans tout Malaga pour \u00eatre honn\u00eate, mais surtout \u00e0 Rincon car elle est pleine d&rsquo;Espagnols. Rincon diff\u00e8re de Torremolinos, Benalmadena etc. Ici nous avons beaucoup moins de touristes et j&rsquo;ai pu m&rsquo;immerger facilement dans la culture et apprendre la langue plus rapidement que si j&rsquo;\u00e9tais \u00e0 Madrid ou Barcelone par exemple.<\/p>\n\n\n\n<div style=\"height:42px\" aria-hidden=\"true\" class=\"wp-block-spacer\"><\/div>\n\n\n\n<figure class=\"wp-block-image size-full\"><img decoding=\"async\" width=\"1024\" height=\"669\" src=\"http:\/\/mappingspain.com\/wp-content\/uploads\/2023\/08\/Living-in-Rincon-de-la-Victoria.jpg\" alt=\"\" class=\"wp-image-13551\" srcset=\"https:\/\/mappingspain.com\/wp-content\/uploads\/2023\/08\/Living-in-Rincon-de-la-Victoria.jpg 1024w, https:\/\/mappingspain.com\/wp-content\/uploads\/2023\/08\/Living-in-Rincon-de-la-Victoria-300x196.jpg 300w, https:\/\/mappingspain.com\/wp-content\/uploads\/2023\/08\/Living-in-Rincon-de-la-Victoria-768x502.jpg 768w\" sizes=\"(max-width: 1024px) 100vw, 1024px\" \/><\/figure>\n\n\n<hr>\n<div class=\"content_hint\">&nbsp;<\/div>\n<hr>\n\n\n<div style=\"height:56px\" aria-hidden=\"true\" class=\"wp-block-spacer\"><\/div>\n\n\n\n<p><strong>Que faites-vous \u00e0 Rinc\u00f3n de la Victoria Amara? Comment restez-vous occup\u00e9 ? Avez-vous une entreprise\/travaillez-vous?<br><br><\/strong>Je suis venu ici en tant que professeur d&rsquo;anglais, mais je me suis orient\u00e9 vers ce pour quoi je suis all\u00e9 \u00e0 l&rsquo;\u00e9cole, \u00e0 savoir le marketing d&rsquo;entreprise. Je travaille maintenant comme Business Marketing Executive pour une entreprise madril\u00e8ne, o\u00f9 je peux travailler \u00e0 distance &#8211; Dieu merci, car c&rsquo;est la raison pour laquelle je peux vivre au bord de la plage de Rincon. \u00catre de langue maternelle anglaise avec une certaine \u00e9ducation derri\u00e8re vous vous permettra de d\u00e9crocher un emploi assez facilement ici, juste pour information.<\/p>\n\n\n\n<div style=\"height:71px\" aria-hidden=\"true\" class=\"wp-block-spacer\"><\/div>\n\n\n\n<p><strong>Question de suivi&nbsp;:&nbsp;\u00ab\u00a0<em>\u00catre de langue maternelle anglaise avec une certaine formation derri\u00e8re vous vous permettra de d\u00e9crocher un emploi assez facilement ici, juste pour information<\/em>\u00ab\u00a0. Cela m&rsquo;a surpris car j&rsquo;entends toujours dire que l&rsquo;Espagne n&rsquo;a pas de possibilit\u00e9s d&#8217;emploi pour les jeunes. Pouvez-vous d\u00e9velopper?<\/strong><\/p>\n\n\n\n<p>J&rsquo;ai \u00e9t\u00e9 bombard\u00e9 de demandes d&rsquo;enseignement de l&rsquo;anglais. Ici, \u00eatre \u00ab&nbsp;natif&nbsp;\u00bb vous donne tout un avantage. Je n&rsquo;avais jamais enseign\u00e9 auparavant et non seulement j&rsquo;ai trouv\u00e9 un emploi dans une \u00e9cole et une acad\u00e9mie, mais j&rsquo;ai \u00e9galement d\u00fb refuser certains cours particuliers parce que je travaillais trop. Une fois que l&rsquo;on apprendra qu&rsquo;il y a un anglophone natif en ville, votre WhatsApp sera transmis \u00e0 de nombreux parents et vous n&rsquo;aurez plus jamais \u00e0 vous soucier de trouver des enfants \u00e0 enseigner. Ce n&rsquo;\u00e9tait pas ma passion, c&rsquo;est le marketing. Mais je sais que si jamais j&rsquo;avais besoin d&rsquo;un coup de pouce, je pourrais retourner \u00e0 l&rsquo;enseignement de l&rsquo;anglais.<\/p>\n\n\n\n<div style=\"height:43px\" aria-hidden=\"true\" class=\"wp-block-spacer\"><\/div>\n\n\n\n<figure class=\"wp-block-image size-large\"><img decoding=\"async\" width=\"1024\" height=\"533\" src=\"http:\/\/mappingspain.com\/wp-content\/uploads\/2023\/08\/beach-in-Rincon-de-la-Victoria-1024x533.jpg\" alt=\"\" class=\"wp-image-13554\" srcset=\"https:\/\/mappingspain.com\/wp-content\/uploads\/2023\/08\/beach-in-Rincon-de-la-Victoria-1024x533.jpg 1024w, https:\/\/mappingspain.com\/wp-content\/uploads\/2023\/08\/beach-in-Rincon-de-la-Victoria-300x156.jpg 300w, https:\/\/mappingspain.com\/wp-content\/uploads\/2023\/08\/beach-in-Rincon-de-la-Victoria-768x400.jpg 768w, https:\/\/mappingspain.com\/wp-content\/uploads\/2023\/08\/beach-in-Rincon-de-la-Victoria.jpg 1411w\" sizes=\"(max-width: 1024px) 100vw, 1024px\" \/><\/figure>\n\n\n<hr>\n<div class=\"content_hint\">&nbsp;<\/div>\n<hr>\n\n\n<div style=\"height:56px\" aria-hidden=\"true\" class=\"wp-block-spacer\"><\/div>\n\n\n\n<p><strong>H\u00e9bergement. Vous louez ou avez achet\u00e9 Amara ? Comment s\u2019est d\u00e9roul\u00e9 le processus ? Un conseil pour les personnes recherchant un appartement ou une maison dans le quartier ?<br><\/strong><br>Je loue maintenant, j\u2019\u00e9tais sur le point d\u2019acheter mais le march\u00e9 et les taux d\u2019int\u00e9r\u00eat sont incroyablement \u00e9lev\u00e9s en ce moment. J&rsquo;attends qu&rsquo;ils baissent un peu avant de m&rsquo;engager et de m&rsquo;enfermer dans un achat aussi massif. Le processus de location pour moi s\u2019est plut\u00f4t bien d\u00e9roul\u00e9 pour \u00eatre honn\u00eate. Je recommanderais 3 sites Web : fotocasa, id\u00e9alista et milanuncios. N\u2019envoyez JAMAIS d\u2019argent ou de d\u00e9p\u00f4t n\u2019importe o\u00f9 sans avoir d\u2019abord visit\u00e9 l\u2019endroit. J&rsquo;ai entendu parler de certaines arnaques, heureusement je n&rsquo;en ai rencontr\u00e9 aucune. Une autre chose qui est normale ici est que vous devez payer une \u00abfianza \u00bb &#8211; c&rsquo;est un mois de loyer suppl\u00e9mentaire qui sert de caution. Il y a 75 % de chances que le propri\u00e9taire vous la rende \u00e0 la fin de votre bail. \u2026 parfois, ils essaient de s&rsquo;y accrocher et esp\u00e8rent que vous ne voudrez pas les combattre pour le r\u00e9cup\u00e9rer. Cela m&rsquo;est arriv\u00e9 une fois, alors j&rsquo;ai invent\u00e9 une histoire selon laquelle j&rsquo;avais contact\u00e9 mon avocat et la police, et elle m&rsquo;a \u00e9t\u00e9 rendue le lendemain \ud83d\ude09 . De plus, si vous faites appel \u00e0 une agence pour vous aider \u00e0 trouver un logement, attendez-vous \u00e9galement \u00e0 la payer un mois.<\/p>\n\n\n\n<div style=\"height:81px\" aria-hidden=\"true\" class=\"wp-block-spacer\"><\/div>\n\n\n\n<p><strong>Comment s\u2019est pass\u00e9e votre adaptation \u00e0 la vie en Espagne ? Des difficult\u00e9s ou des d\u00e9fis ?<\/strong><\/p>\n\n\n\n<p>D\u00e9m\u00e9nager en Espagne a \u00e9t\u00e9 une aventure folle, mais je ne changerais pas du tout ! Venir ici en sachant seulement \u00ab hola \u00bb et maintenant pouvoir avoir des conversations avec des abuelas \u00e0 l&rsquo;\u00e9picerie m&rsquo;a vraiment rendu fier de moi. J\u2019ai eu un choc culturel en venant ici au d\u00e9but. Tout est ferm\u00e9 le dimanche, les gens portent des chaussures \u00e0 la maison (beurk), l&rsquo;heure de la sieste n&rsquo;est pas une blague, la banque n&rsquo;est ouverte que de 21h \u00e0 14h, alors comment les travailleurs normaux peuvent-ils se rendre \u00e0 la banque ? Je ne suis toujours pas s\u00fbr haha. Dans l\u2019ensemble, tout s\u2019est bien pass\u00e9, mais il a fallu de s\u00e9rieux ajustements, surtout en ce qui concerne les heures de repas. Les Espagnols mangent environ 5 fois par jour et le d\u00eener \u00e0 22 heures ne me convient toujours pas.<\/p>\n\n\n\n<div style=\"height:42px\" aria-hidden=\"true\" class=\"wp-block-spacer\"><\/div>\n\n\n\n<figure class=\"wp-block-image size-large\"><img decoding=\"async\" width=\"1024\" height=\"726\" src=\"http:\/\/mappingspain.com\/wp-content\/uploads\/2023\/08\/sunset-in-Rincon-de-la-Victoria-1024x726.jpg\" alt=\"\" class=\"wp-image-13557\" srcset=\"https:\/\/mappingspain.com\/wp-content\/uploads\/2023\/08\/sunset-in-Rincon-de-la-Victoria-1024x726.jpg 1024w, https:\/\/mappingspain.com\/wp-content\/uploads\/2023\/08\/sunset-in-Rincon-de-la-Victoria-300x213.jpg 300w, https:\/\/mappingspain.com\/wp-content\/uploads\/2023\/08\/sunset-in-Rincon-de-la-Victoria-768x545.jpg 768w, https:\/\/mappingspain.com\/wp-content\/uploads\/2023\/08\/sunset-in-Rincon-de-la-Victoria.jpg 1387w\" sizes=\"(max-width: 1024px) 100vw, 1024px\" \/><\/figure>\n\n\n<hr>\n<div class=\"content_hint\">&nbsp;<\/div>\n<hr>\n\n\n<div style=\"height:55px\" aria-hidden=\"true\" class=\"wp-block-spacer\"><\/div>\n\n\n\n<p><strong>Comment est ton espagnol ? Est-ce que Rinc\u00f3n de la Victoria est un endroit o\u00f9 il faut vraiment un bon niveau d&rsquo;espagnol pour s&rsquo;en sortir ?<\/strong><\/p>\n\n\n\n<p>Maintenant, mon espagnol est bien meilleur, je peux parler avec confiance et parfois, si je reste bloqu\u00e9 sur un mot, je pense simplement \u00e0 le dire diff\u00e9remment. Si vous \u00eates \u00e0 Rincon pour une courte p\u00e9riode, ne vous attendez pas \u00e0 trouver beaucoup d&rsquo;anglais ici, mais si vous \u00eates ici pour une longue p\u00e9riode, c&rsquo;est un endroit formidable pour apprendre l&rsquo;espagnol.<\/p>\n\n\n\n<div style=\"height:74px\" aria-hidden=\"true\" class=\"wp-block-spacer\"><\/div>\n\n\n\n<p><strong>Question compl\u00e9mentaire&nbsp;:&nbsp;Vous avez mentionn\u00e9 que vous \u00eates pass\u00e9 de l&rsquo;absence d&rsquo;espagnol \u00e0 celui d&rsquo;un adepte plut\u00f4t dou\u00e9. Avez-vous suivi des cours ? La mairie de Rinc\u00f3n propose-t-elle des cours gratuits ? (ils l&rsquo;ont fait \u00e0 Nerja o\u00f9 nous vivions). Comment avez-vous fait pour apprendre si vite ?<\/strong><br><br>Je ne sais pas si la mairie de Rincon propose des cours, mais mon entreprise actuelle propose des cours gratuits et travailler \u00e0 l&rsquo;\u00e9cole avec des enfants espagnols m&rsquo;a permis d&rsquo;acqu\u00e9rir rapidement les bases. Il est \u00e9galement essentiel d&rsquo;essayer de se faire des amis bilingues ici. De cette fa\u00e7on, vous pouvez vous entra\u00eener avec eux, mais si vous \u00eates confus, ils peuvent vous expliquer en anglais. Je recommande \u00e9galement d&rsquo;aller aux \u00e9changes linguistiques et au bar mdr. Un peu de vin vous donne la confiance n\u00e9cessaire pour parler!<\/p>\n\n\n\n<div style=\"height:43px\" aria-hidden=\"true\" class=\"wp-block-spacer\"><\/div>\n\n\n\n<figure class=\"wp-block-image size-large\"><img decoding=\"async\" width=\"1024\" height=\"888\" src=\"http:\/\/mappingspain.com\/wp-content\/uploads\/2023\/08\/beach-in-Rincon-de-la-Victoria-Spain-1024x888.jpg\" alt=\"\" class=\"wp-image-13560\" srcset=\"https:\/\/mappingspain.com\/wp-content\/uploads\/2023\/08\/beach-in-Rincon-de-la-Victoria-Spain-1024x888.jpg 1024w, https:\/\/mappingspain.com\/wp-content\/uploads\/2023\/08\/beach-in-Rincon-de-la-Victoria-Spain-300x260.jpg 300w, https:\/\/mappingspain.com\/wp-content\/uploads\/2023\/08\/beach-in-Rincon-de-la-Victoria-Spain-768x666.jpg 768w, https:\/\/mappingspain.com\/wp-content\/uploads\/2023\/08\/beach-in-Rincon-de-la-Victoria-Spain-70x60.jpg 70w, https:\/\/mappingspain.com\/wp-content\/uploads\/2023\/08\/beach-in-Rincon-de-la-Victoria-Spain.jpg 1173w\" sizes=\"(max-width: 1024px) 100vw, 1024px\" \/><\/figure>\n\n\n<hr>\n<div class=\"content_hint\">&nbsp;<\/div>\n<hr>\n\n\n<div style=\"height:56px\" aria-hidden=\"true\" class=\"wp-block-spacer\"><\/div>\n\n\n\n<p><strong>Pouvez-vous r\u00e9sumer votre s\u00e9jour en Espagne Amara ? Points forts, points faibles, d\u00e9fis\u2026 Un aspect du Canada vous manque-t-il ?<\/strong><\/p>\n\n\n\n<p>Cela fait maintenant 3 ans que je suis ici et je r\u00e9sumerais cela comme le meilleur d\u00e9m\u00e9nagement de ma vie. Je travaille maintenant \u00e0 distance pour une grande entreprise et vis sur la plage dans une zone o\u00f9 je me sens \u00e0 l&rsquo;aise et accueillie. Pour \u00eatre honn\u00eate, le Canada ne me manque pas beaucoup, juste mes amis et ma famille que j&rsquo;appelle tr\u00e8s souvent de toute fa\u00e7on ! Ce sont vraiment les gens qui me manquent et non l&rsquo;endroit. Parfois, j&rsquo;ai envie de poutine ou j&rsquo;ai envie de bonne malbouffe canadienne &#8211; pas de chips au ketchup ici !<\/p>\n\n\n\n<div style=\"height:79px\" aria-hidden=\"true\" class=\"wp-block-spacer\"><\/div>\n\n\n\n<p>Le conseil que je donnerais \u00e0 quelqu\u2019un qui d\u00e9m\u00e9nage ici serait de ne pas s\u2019attendre \u00e0 la m\u00eame bureaucratie que celle que nous avons au Canada. Ici, les choses prennent du temps et les gens ne sont pas press\u00e9s (m\u00eame quand ils devraient l\u2019\u00eatre) et une fois que vous aurez compris que c\u2019est la norme dans le Sud, vous vous sentirez beaucoup plus \u00e0 l\u2019aise. J&rsquo;\u00e9tais tellement stress\u00e9 par la paperasse en arrivant ici et en essayant de trouver une location, mais c&rsquo;est vrai que ces choses prennent du temps ici et vous ressentirez le sentiment de calme que d\u00e9gagent les Espagnols. Je me vois en Espagne dans un avenir pr\u00e9visible, j&rsquo;aime vraiment cet endroit et la m\u00e9t\u00e9o bat Toronto facilement. J&rsquo;ai adopt\u00e9 un chien il y a quelques temps et je ne peux pas non plus l&rsquo;amener au froid canadien. Mon objectif est d&rsquo;obtenir mon permis de conduire ici d&rsquo;ici fin 2023 et de continuer ensuite \u00e0 vivre le long de la c\u00f4te de Rinc\u00f3n. C&rsquo;est vraiment une chose merdique&nbsp;: votre permis canadien ne peut pas \u00eatre remplac\u00e9 par un permis espagnol\u2026 ce qui signifie que nous, Canadiens qui conduisons au Canada, devons repasser le test dans l&rsquo;UE.<\/p>\n\n\n\n<p>J&rsquo;esp\u00e8re que vous avez trouv\u00e9 cela utile et si vous avez des questions, vous pouvez commenter ci-dessous. Je vais essayer d&rsquo;aider du mieux que je peux.<\/p>\n\n\n\n<div style=\"height:49px\" aria-hidden=\"true\" class=\"wp-block-spacer\"><\/div>\n\n\n\n<h3 class=\"wp-block-heading has-text-align-center\"><strong>Merci d&rsquo;avoir fait cette interview Amara !<\/strong><\/h3>\n\n\n\n<div style=\"height:57px\" aria-hidden=\"true\" class=\"wp-block-spacer\"><\/div>\n\n\n\n<h3 class=\"wp-block-heading\"><strong><em>Plus: <a href=\"https:\/\/mappingspain.com\/fr\/comment-est-ce-de-vivre-dans-la-ville-de-malaga\/\" target=\"_blank\" rel=\"noreferrer noopener\">Comment est-ce de vivre dans la ville de Malaga ?<\/a><\/em><\/strong><\/h3>\n\n\n\n<figure class=\"wp-block-image size-full\"><a href=\"https:\/\/mappingspain.com\/fr\/comment-est-ce-de-vivre-dans-la-ville-de-malaga\/\" target=\"_blank\" rel=\"noreferrer noopener\"><img decoding=\"async\" width=\"1000\" height=\"718\" src=\"http:\/\/mappingspain.com\/wp-content\/uploads\/2023\/08\/Calle-Larios-Malaga-Spain-FR-1.jpg\" alt=\"\" class=\"wp-image-13913\" srcset=\"https:\/\/mappingspain.com\/wp-content\/uploads\/2023\/08\/Calle-Larios-Malaga-Spain-FR-1.jpg 1000w, https:\/\/mappingspain.com\/wp-content\/uploads\/2023\/08\/Calle-Larios-Malaga-Spain-FR-1-300x215.jpg 300w, https:\/\/mappingspain.com\/wp-content\/uploads\/2023\/08\/Calle-Larios-Malaga-Spain-FR-1-768x551.jpg 768w\" sizes=\"(max-width: 1000px) 100vw, 1000px\" \/><\/a><\/figure>\n\n\n\n<div style=\"height:32px\" aria-hidden=\"true\" class=\"wp-block-spacer\"><\/div>\n\n\n\n<h3 class=\"wp-block-heading\"><strong><em>Plus: <\/em><\/strong><em><strong><a href=\"https:\/\/mappingspain.com\/fr\/pourquoi-cette-famille-a-choisi-de-vivre-a-benalmadena\/\" target=\"_blank\" rel=\"noreferrer noopener\">Pourquoi cette famille a choisi de vivre \u00e0 Benalmadena<\/a><\/strong><\/em><\/h3>\n\n\n\n<figure class=\"wp-block-image size-large\"><a href=\"https:\/\/mappingspain.com\/fr\/pourquoi-cette-famille-a-choisi-de-vivre-a-benalmadena\/\" target=\"_blank\" rel=\"noreferrer noopener\"><img decoding=\"async\" width=\"1024\" height=\"609\" src=\"http:\/\/mappingspain.com\/wp-content\/uploads\/2023\/08\/Benalmadena-in-FR-1-1024x609.jpg\" alt=\"\" class=\"wp-image-13916\" srcset=\"https:\/\/mappingspain.com\/wp-content\/uploads\/2023\/08\/Benalmadena-in-FR-1-1024x609.jpg 1024w, https:\/\/mappingspain.com\/wp-content\/uploads\/2023\/08\/Benalmadena-in-FR-1-300x178.jpg 300w, https:\/\/mappingspain.com\/wp-content\/uploads\/2023\/08\/Benalmadena-in-FR-1-768x456.jpg 768w, https:\/\/mappingspain.com\/wp-content\/uploads\/2023\/08\/Benalmadena-in-FR-1.jpg 1250w\" sizes=\"(max-width: 1024px) 100vw, 1024px\" \/><\/a><\/figure>\n\n\n\n<div style=\"height:30px\" aria-hidden=\"true\" class=\"wp-block-spacer\"><\/div>\n\n\n\n<h3 class=\"wp-block-heading\"><strong><em>Plus: <\/em><\/strong><em><strong><a href=\"https:\/\/mappingspain.com\/fr\/toutes-les-raisons-daimer-grenade-comme-base-en-espagne\/\" target=\"_blank\" rel=\"noreferrer noopener\">Toutes les raisons d\u2019aimer Grenade comme base en Espagne<\/a><\/strong><\/em><\/h3>\n\n\n\n<figure class=\"wp-block-image size-large\"><a href=\"https:\/\/mappingspain.com\/fr\/toutes-les-raisons-daimer-grenade-comme-base-en-espagne\/\" target=\"_blank\" rel=\"noreferrer noopener\"><img decoding=\"async\" width=\"1024\" height=\"598\" src=\"http:\/\/mappingspain.com\/wp-content\/uploads\/2023\/08\/Granada-FR-3-1024x598.jpg\" alt=\"\" class=\"wp-image-13919\" srcset=\"https:\/\/mappingspain.com\/wp-content\/uploads\/2023\/08\/Granada-FR-3-1024x598.jpg 1024w, https:\/\/mappingspain.com\/wp-content\/uploads\/2023\/08\/Granada-FR-3-300x175.jpg 300w, https:\/\/mappingspain.com\/wp-content\/uploads\/2023\/08\/Granada-FR-3-768x449.jpg 768w, https:\/\/mappingspain.com\/wp-content\/uploads\/2023\/08\/Granada-FR-3.jpg 1200w\" sizes=\"(max-width: 1024px) 100vw, 1024px\" \/><\/a><\/figure>\n\n\n\n<div style=\"height:45px\" aria-hidden=\"true\" class=\"wp-block-spacer\"><\/div>\n<div class='ctx-module-container ctx_default_placement ctx-clearfix'><\/div><span class=\"ctx-article-root\"><!-- --><\/span>","protected":false},"excerpt":{"rendered":"<p>Pourquoi ce jeune Canadienne s&rsquo;\u00e9panouit \u00e0 Rincon de la Victoria L\u2019Espagne n\u2019est pas connue comme un endroit o\u00f9 faire carri\u00e8re. Mais entre l&rsquo;enseignement de l&rsquo;anglais et le travail \u00e0 distance pour une entreprise de marketing madril\u00e8ne, Amara, 26 ans, s&rsquo;\u00e9panouit \u00e0 Rincon de la Victoria. Dans cet article, elle nous raconte ce qui l&rsquo;a amen\u00e9e [&hellip;]<\/p>\n","protected":false},"author":2,"featured_media":13558,"comment_status":"open","ping_status":"open","sticky":false,"template":"","format":"standard","meta":{"_genesis_hide_title":false,"_genesis_hide_breadcrumbs":false,"_genesis_hide_singular_image":false,"_genesis_hide_footer_widgets":false,"_genesis_custom_body_class":"","_genesis_custom_post_class":"","_genesis_layout":"","footnotes":""},"categories":[241,221,226],"tags":[],"class_list":{"0":"post-13912","1":"post","2":"type-post","3":"status-publish","4":"format-standard","5":"has-post-thumbnail","7":"category-andalousie-m-z","8":"category-interviews-dexpatries-fr","9":"category-rincon-de-la-victoria-2","10":"entry"},"yoast_head":"<!-- This site is optimized with the Yoast SEO plugin v27.4 - https:\/\/yoast.com\/product\/yoast-seo-wordpress\/ -->\n<title>Pourquoi ce jeune Canadienne s&#039;\u00e9panouit \u00e0 Rincon de la Victoria - Mapping Spain<\/title>\n<meta name=\"description\" content=\"Pourquoi ce jeune Canadienne s&#039;\u00e9panouit \u00e0 Rincon de la Victoria. L\u2019Espagne n\u2019est pas connue comme un endroit o\u00f9 faire carri\u00e8re. Mais entre\" \/>\n<meta name=\"robots\" content=\"index, follow, max-snippet:-1, max-image-preview:large, max-video-preview:-1\" \/>\n<link rel=\"canonical\" href=\"https:\/\/mappingspain.com\/fr\/pourquoi-ce-jeune-canadienne-sepanouit-a-rincon-de-la-victoria\/\" \/>\n<meta property=\"og:locale\" content=\"fr_FR\" \/>\n<meta property=\"og:type\" content=\"article\" \/>\n<meta property=\"og:title\" content=\"Pourquoi ce jeune Canadienne s&#039;\u00e9panouit \u00e0 Rincon de la Victoria - Mapping Spain\" \/>\n<meta property=\"og:description\" content=\"Pourquoi ce jeune Canadienne s&#039;\u00e9panouit \u00e0 Rincon de la Victoria. L\u2019Espagne n\u2019est pas connue comme un endroit o\u00f9 faire carri\u00e8re. Mais entre\" \/>\n<meta property=\"og:url\" content=\"https:\/\/mappingspain.com\/fr\/pourquoi-ce-jeune-canadienne-sepanouit-a-rincon-de-la-victoria\/\" \/>\n<meta property=\"og:site_name\" content=\"Mapping Spain\" \/>\n<meta property=\"article:published_time\" content=\"2023-08-17T12:20:56+00:00\" \/>\n<meta property=\"article:modified_time\" content=\"2023-12-23T12:28:37+00:00\" \/>\n<meta property=\"og:image\" content=\"https:\/\/mappingspain.com\/wp-content\/uploads\/2023\/08\/sunset-in-Rincon-de-la-Victoria.jpg\" \/>\n\t<meta property=\"og:image:width\" content=\"1387\" \/>\n\t<meta property=\"og:image:height\" content=\"984\" \/>\n\t<meta property=\"og:image:type\" content=\"image\/jpeg\" \/>\n<meta name=\"author\" content=\"Frank\" \/>\n<meta name=\"twitter:card\" content=\"summary_large_image\" \/>\n<meta name=\"twitter:label1\" content=\"\u00c9crit par\" \/>\n\t<meta name=\"twitter:data1\" content=\"Frank\" \/>\n\t<meta name=\"twitter:label2\" content=\"Dur\u00e9e de lecture estim\u00e9e\" \/>\n\t<meta name=\"twitter:data2\" content=\"10 minutes\" \/>\n<script type=\"application\/ld+json\" class=\"yoast-schema-graph\">{\"@context\":\"https:\\\/\\\/schema.org\",\"@graph\":[{\"@type\":\"Article\",\"@id\":\"https:\\\/\\\/mappingspain.com\\\/fr\\\/pourquoi-ce-jeune-canadienne-sepanouit-a-rincon-de-la-victoria\\\/#article\",\"isPartOf\":{\"@id\":\"https:\\\/\\\/mappingspain.com\\\/fr\\\/pourquoi-ce-jeune-canadienne-sepanouit-a-rincon-de-la-victoria\\\/\"},\"author\":{\"name\":\"Frank\",\"@id\":\"https:\\\/\\\/mappingspain.com\\\/fr\\\/#\\\/schema\\\/person\\\/1e3c8dae7a8d66a64591f1b41c8b1101\"},\"headline\":\"Pourquoi ce jeune Canadienne s&rsquo;\u00e9panouit \u00e0 Rincon de la Victoria\",\"datePublished\":\"2023-08-17T12:20:56+00:00\",\"dateModified\":\"2023-12-23T12:28:37+00:00\",\"mainEntityOfPage\":{\"@id\":\"https:\\\/\\\/mappingspain.com\\\/fr\\\/pourquoi-ce-jeune-canadienne-sepanouit-a-rincon-de-la-victoria\\\/\"},\"wordCount\":1874,\"commentCount\":0,\"image\":{\"@id\":\"https:\\\/\\\/mappingspain.com\\\/fr\\\/pourquoi-ce-jeune-canadienne-sepanouit-a-rincon-de-la-victoria\\\/#primaryimage\"},\"thumbnailUrl\":\"https:\\\/\\\/mappingspain.com\\\/wp-content\\\/uploads\\\/2023\\\/08\\\/sunset-in-Rincon-de-la-Victoria.jpg\",\"articleSection\":[\"ANDALOUSIE (M-Z)\",\"Interviews d&#039;expatri\u00e9s\",\"Rincon de la Victoria\"],\"inLanguage\":\"fr-FR\",\"potentialAction\":[{\"@type\":\"CommentAction\",\"name\":\"Comment\",\"target\":[\"https:\\\/\\\/mappingspain.com\\\/fr\\\/pourquoi-ce-jeune-canadienne-sepanouit-a-rincon-de-la-victoria\\\/#respond\"]}]},{\"@type\":\"WebPage\",\"@id\":\"https:\\\/\\\/mappingspain.com\\\/fr\\\/pourquoi-ce-jeune-canadienne-sepanouit-a-rincon-de-la-victoria\\\/\",\"url\":\"https:\\\/\\\/mappingspain.com\\\/fr\\\/pourquoi-ce-jeune-canadienne-sepanouit-a-rincon-de-la-victoria\\\/\",\"name\":\"Pourquoi ce jeune Canadienne s'\u00e9panouit \u00e0 Rincon de la Victoria - Mapping Spain\",\"isPartOf\":{\"@id\":\"https:\\\/\\\/mappingspain.com\\\/fr\\\/#website\"},\"primaryImageOfPage\":{\"@id\":\"https:\\\/\\\/mappingspain.com\\\/fr\\\/pourquoi-ce-jeune-canadienne-sepanouit-a-rincon-de-la-victoria\\\/#primaryimage\"},\"image\":{\"@id\":\"https:\\\/\\\/mappingspain.com\\\/fr\\\/pourquoi-ce-jeune-canadienne-sepanouit-a-rincon-de-la-victoria\\\/#primaryimage\"},\"thumbnailUrl\":\"https:\\\/\\\/mappingspain.com\\\/wp-content\\\/uploads\\\/2023\\\/08\\\/sunset-in-Rincon-de-la-Victoria.jpg\",\"datePublished\":\"2023-08-17T12:20:56+00:00\",\"dateModified\":\"2023-12-23T12:28:37+00:00\",\"author\":{\"@id\":\"https:\\\/\\\/mappingspain.com\\\/fr\\\/#\\\/schema\\\/person\\\/1e3c8dae7a8d66a64591f1b41c8b1101\"},\"description\":\"Pourquoi ce jeune Canadienne s'\u00e9panouit \u00e0 Rincon de la Victoria. L\u2019Espagne n\u2019est pas connue comme un endroit o\u00f9 faire carri\u00e8re. Mais entre\",\"breadcrumb\":{\"@id\":\"https:\\\/\\\/mappingspain.com\\\/fr\\\/pourquoi-ce-jeune-canadienne-sepanouit-a-rincon-de-la-victoria\\\/#breadcrumb\"},\"inLanguage\":\"fr-FR\",\"potentialAction\":[{\"@type\":\"ReadAction\",\"target\":[\"https:\\\/\\\/mappingspain.com\\\/fr\\\/pourquoi-ce-jeune-canadienne-sepanouit-a-rincon-de-la-victoria\\\/\"]}]},{\"@type\":\"ImageObject\",\"inLanguage\":\"fr-FR\",\"@id\":\"https:\\\/\\\/mappingspain.com\\\/fr\\\/pourquoi-ce-jeune-canadienne-sepanouit-a-rincon-de-la-victoria\\\/#primaryimage\",\"url\":\"https:\\\/\\\/mappingspain.com\\\/wp-content\\\/uploads\\\/2023\\\/08\\\/sunset-in-Rincon-de-la-Victoria.jpg\",\"contentUrl\":\"https:\\\/\\\/mappingspain.com\\\/wp-content\\\/uploads\\\/2023\\\/08\\\/sunset-in-Rincon-de-la-Victoria.jpg\",\"width\":1387,\"height\":984},{\"@type\":\"BreadcrumbList\",\"@id\":\"https:\\\/\\\/mappingspain.com\\\/fr\\\/pourquoi-ce-jeune-canadienne-sepanouit-a-rincon-de-la-victoria\\\/#breadcrumb\",\"itemListElement\":[{\"@type\":\"ListItem\",\"position\":1,\"name\":\"Home\",\"item\":\"https:\\\/\\\/mappingspain.com\\\/fr\\\/\"},{\"@type\":\"ListItem\",\"position\":2,\"name\":\"Pourquoi ce jeune Canadienne s&#8217;\u00e9panouit \u00e0 Rincon de la Victoria\"}]},{\"@type\":\"WebSite\",\"@id\":\"https:\\\/\\\/mappingspain.com\\\/fr\\\/#website\",\"url\":\"https:\\\/\\\/mappingspain.com\\\/fr\\\/\",\"name\":\"Mapping Spain\",\"description\":\"Everything Spain!\",\"potentialAction\":[{\"@type\":\"SearchAction\",\"target\":{\"@type\":\"EntryPoint\",\"urlTemplate\":\"https:\\\/\\\/mappingspain.com\\\/fr\\\/?s={search_term_string}\"},\"query-input\":{\"@type\":\"PropertyValueSpecification\",\"valueRequired\":true,\"valueName\":\"search_term_string\"}}],\"inLanguage\":\"fr-FR\"},{\"@type\":\"Person\",\"@id\":\"https:\\\/\\\/mappingspain.com\\\/fr\\\/#\\\/schema\\\/person\\\/1e3c8dae7a8d66a64591f1b41c8b1101\",\"name\":\"Frank\",\"image\":{\"@type\":\"ImageObject\",\"inLanguage\":\"fr-FR\",\"@id\":\"https:\\\/\\\/secure.gravatar.com\\\/avatar\\\/a5454735bd4b74c9d0a1bf1f04caac3dbd7f217c7c7fa65d5b39d98bbeab8b4e?s=96&d=mm&r=g\",\"url\":\"https:\\\/\\\/secure.gravatar.com\\\/avatar\\\/a5454735bd4b74c9d0a1bf1f04caac3dbd7f217c7c7fa65d5b39d98bbeab8b4e?s=96&d=mm&r=g\",\"contentUrl\":\"https:\\\/\\\/secure.gravatar.com\\\/avatar\\\/a5454735bd4b74c9d0a1bf1f04caac3dbd7f217c7c7fa65d5b39d98bbeab8b4e?s=96&d=mm&r=g\",\"caption\":\"Frank\"}}]}<\/script>\n<!-- \/ Yoast SEO plugin. -->","yoast_head_json":{"title":"Pourquoi ce jeune Canadienne s'\u00e9panouit \u00e0 Rincon de la Victoria - Mapping Spain","description":"Pourquoi ce jeune Canadienne s'\u00e9panouit \u00e0 Rincon de la Victoria. L\u2019Espagne n\u2019est pas connue comme un endroit o\u00f9 faire carri\u00e8re. Mais entre","robots":{"index":"index","follow":"follow","max-snippet":"max-snippet:-1","max-image-preview":"max-image-preview:large","max-video-preview":"max-video-preview:-1"},"canonical":"https:\/\/mappingspain.com\/fr\/pourquoi-ce-jeune-canadienne-sepanouit-a-rincon-de-la-victoria\/","og_locale":"fr_FR","og_type":"article","og_title":"Pourquoi ce jeune Canadienne s'\u00e9panouit \u00e0 Rincon de la Victoria - Mapping Spain","og_description":"Pourquoi ce jeune Canadienne s'\u00e9panouit \u00e0 Rincon de la Victoria. L\u2019Espagne n\u2019est pas connue comme un endroit o\u00f9 faire carri\u00e8re. Mais entre","og_url":"https:\/\/mappingspain.com\/fr\/pourquoi-ce-jeune-canadienne-sepanouit-a-rincon-de-la-victoria\/","og_site_name":"Mapping Spain","article_published_time":"2023-08-17T12:20:56+00:00","article_modified_time":"2023-12-23T12:28:37+00:00","og_image":[{"width":1387,"height":984,"url":"https:\/\/mappingspain.com\/wp-content\/uploads\/2023\/08\/sunset-in-Rincon-de-la-Victoria.jpg","type":"image\/jpeg"}],"author":"Frank","twitter_card":"summary_large_image","twitter_misc":{"\u00c9crit par":"Frank","Dur\u00e9e de lecture estim\u00e9e":"10 minutes"},"schema":{"@context":"https:\/\/schema.org","@graph":[{"@type":"Article","@id":"https:\/\/mappingspain.com\/fr\/pourquoi-ce-jeune-canadienne-sepanouit-a-rincon-de-la-victoria\/#article","isPartOf":{"@id":"https:\/\/mappingspain.com\/fr\/pourquoi-ce-jeune-canadienne-sepanouit-a-rincon-de-la-victoria\/"},"author":{"name":"Frank","@id":"https:\/\/mappingspain.com\/fr\/#\/schema\/person\/1e3c8dae7a8d66a64591f1b41c8b1101"},"headline":"Pourquoi ce jeune Canadienne s&rsquo;\u00e9panouit \u00e0 Rincon de la Victoria","datePublished":"2023-08-17T12:20:56+00:00","dateModified":"2023-12-23T12:28:37+00:00","mainEntityOfPage":{"@id":"https:\/\/mappingspain.com\/fr\/pourquoi-ce-jeune-canadienne-sepanouit-a-rincon-de-la-victoria\/"},"wordCount":1874,"commentCount":0,"image":{"@id":"https:\/\/mappingspain.com\/fr\/pourquoi-ce-jeune-canadienne-sepanouit-a-rincon-de-la-victoria\/#primaryimage"},"thumbnailUrl":"https:\/\/mappingspain.com\/wp-content\/uploads\/2023\/08\/sunset-in-Rincon-de-la-Victoria.jpg","articleSection":["ANDALOUSIE (M-Z)","Interviews d&#039;expatri\u00e9s","Rincon de la Victoria"],"inLanguage":"fr-FR","potentialAction":[{"@type":"CommentAction","name":"Comment","target":["https:\/\/mappingspain.com\/fr\/pourquoi-ce-jeune-canadienne-sepanouit-a-rincon-de-la-victoria\/#respond"]}]},{"@type":"WebPage","@id":"https:\/\/mappingspain.com\/fr\/pourquoi-ce-jeune-canadienne-sepanouit-a-rincon-de-la-victoria\/","url":"https:\/\/mappingspain.com\/fr\/pourquoi-ce-jeune-canadienne-sepanouit-a-rincon-de-la-victoria\/","name":"Pourquoi ce jeune Canadienne s'\u00e9panouit \u00e0 Rincon de la Victoria - Mapping Spain","isPartOf":{"@id":"https:\/\/mappingspain.com\/fr\/#website"},"primaryImageOfPage":{"@id":"https:\/\/mappingspain.com\/fr\/pourquoi-ce-jeune-canadienne-sepanouit-a-rincon-de-la-victoria\/#primaryimage"},"image":{"@id":"https:\/\/mappingspain.com\/fr\/pourquoi-ce-jeune-canadienne-sepanouit-a-rincon-de-la-victoria\/#primaryimage"},"thumbnailUrl":"https:\/\/mappingspain.com\/wp-content\/uploads\/2023\/08\/sunset-in-Rincon-de-la-Victoria.jpg","datePublished":"2023-08-17T12:20:56+00:00","dateModified":"2023-12-23T12:28:37+00:00","author":{"@id":"https:\/\/mappingspain.com\/fr\/#\/schema\/person\/1e3c8dae7a8d66a64591f1b41c8b1101"},"description":"Pourquoi ce jeune Canadienne s'\u00e9panouit \u00e0 Rincon de la Victoria. L\u2019Espagne n\u2019est pas connue comme un endroit o\u00f9 faire carri\u00e8re. Mais entre","breadcrumb":{"@id":"https:\/\/mappingspain.com\/fr\/pourquoi-ce-jeune-canadienne-sepanouit-a-rincon-de-la-victoria\/#breadcrumb"},"inLanguage":"fr-FR","potentialAction":[{"@type":"ReadAction","target":["https:\/\/mappingspain.com\/fr\/pourquoi-ce-jeune-canadienne-sepanouit-a-rincon-de-la-victoria\/"]}]},{"@type":"ImageObject","inLanguage":"fr-FR","@id":"https:\/\/mappingspain.com\/fr\/pourquoi-ce-jeune-canadienne-sepanouit-a-rincon-de-la-victoria\/#primaryimage","url":"https:\/\/mappingspain.com\/wp-content\/uploads\/2023\/08\/sunset-in-Rincon-de-la-Victoria.jpg","contentUrl":"https:\/\/mappingspain.com\/wp-content\/uploads\/2023\/08\/sunset-in-Rincon-de-la-Victoria.jpg","width":1387,"height":984},{"@type":"BreadcrumbList","@id":"https:\/\/mappingspain.com\/fr\/pourquoi-ce-jeune-canadienne-sepanouit-a-rincon-de-la-victoria\/#breadcrumb","itemListElement":[{"@type":"ListItem","position":1,"name":"Home","item":"https:\/\/mappingspain.com\/fr\/"},{"@type":"ListItem","position":2,"name":"Pourquoi ce jeune Canadienne s&#8217;\u00e9panouit \u00e0 Rincon de la Victoria"}]},{"@type":"WebSite","@id":"https:\/\/mappingspain.com\/fr\/#website","url":"https:\/\/mappingspain.com\/fr\/","name":"Mapping Spain","description":"Everything Spain!","potentialAction":[{"@type":"SearchAction","target":{"@type":"EntryPoint","urlTemplate":"https:\/\/mappingspain.com\/fr\/?s={search_term_string}"},"query-input":{"@type":"PropertyValueSpecification","valueRequired":true,"valueName":"search_term_string"}}],"inLanguage":"fr-FR"},{"@type":"Person","@id":"https:\/\/mappingspain.com\/fr\/#\/schema\/person\/1e3c8dae7a8d66a64591f1b41c8b1101","name":"Frank","image":{"@type":"ImageObject","inLanguage":"fr-FR","@id":"https:\/\/secure.gravatar.com\/avatar\/a5454735bd4b74c9d0a1bf1f04caac3dbd7f217c7c7fa65d5b39d98bbeab8b4e?s=96&d=mm&r=g","url":"https:\/\/secure.gravatar.com\/avatar\/a5454735bd4b74c9d0a1bf1f04caac3dbd7f217c7c7fa65d5b39d98bbeab8b4e?s=96&d=mm&r=g","contentUrl":"https:\/\/secure.gravatar.com\/avatar\/a5454735bd4b74c9d0a1bf1f04caac3dbd7f217c7c7fa65d5b39d98bbeab8b4e?s=96&d=mm&r=g","caption":"Frank"}}]}},"featured_image_src":"https:\/\/mappingspain.com\/wp-content\/uploads\/2023\/08\/sunset-in-Rincon-de-la-Victoria-600x400.jpg","featured_image_src_square":"https:\/\/mappingspain.com\/wp-content\/uploads\/2023\/08\/sunset-in-Rincon-de-la-Victoria-600x600.jpg","author_info":{"display_name":"Frank","author_link":"https:\/\/mappingspain.com\/fr\/author\/frank\/"},"_links":{"self":[{"href":"https:\/\/mappingspain.com\/fr\/wp-json\/wp\/v2\/posts\/13912","targetHints":{"allow":["GET"]}}],"collection":[{"href":"https:\/\/mappingspain.com\/fr\/wp-json\/wp\/v2\/posts"}],"about":[{"href":"https:\/\/mappingspain.com\/fr\/wp-json\/wp\/v2\/types\/post"}],"author":[{"embeddable":true,"href":"https:\/\/mappingspain.com\/fr\/wp-json\/wp\/v2\/users\/2"}],"replies":[{"embeddable":true,"href":"https:\/\/mappingspain.com\/fr\/wp-json\/wp\/v2\/comments?post=13912"}],"version-history":[{"count":2,"href":"https:\/\/mappingspain.com\/fr\/wp-json\/wp\/v2\/posts\/13912\/revisions"}],"predecessor-version":[{"id":15579,"href":"https:\/\/mappingspain.com\/fr\/wp-json\/wp\/v2\/posts\/13912\/revisions\/15579"}],"wp:featuredmedia":[{"embeddable":true,"href":"https:\/\/mappingspain.com\/fr\/wp-json\/wp\/v2\/media\/13558"}],"wp:attachment":[{"href":"https:\/\/mappingspain.com\/fr\/wp-json\/wp\/v2\/media?parent=13912"}],"wp:term":[{"taxonomy":"category","embeddable":true,"href":"https:\/\/mappingspain.com\/fr\/wp-json\/wp\/v2\/categories?post=13912"},{"taxonomy":"post_tag","embeddable":true,"href":"https:\/\/mappingspain.com\/fr\/wp-json\/wp\/v2\/tags?post=13912"}],"curies":[{"name":"wp","href":"https:\/\/api.w.org\/{rel}","templated":true}]}}