{"id":15252,"date":"2023-12-19T13:07:00","date_gmt":"2023-12-19T13:07:00","guid":{"rendered":"https:\/\/mappingspain.com\/?p=15252"},"modified":"2023-12-23T12:10:29","modified_gmt":"2023-12-23T12:10:29","slug":"nerja-est-elle-surevaluee","status":"publish","type":"post","link":"https:\/\/mappingspain.com\/fr\/nerja-est-elle-surevaluee\/","title":{"rendered":"Nerja est-elle Sur\u00e9valu\u00e9e?"},"content":{"rendered":"\n<p><mark style=\"background-color:rgba(0, 0, 0, 0);color:#ffffff\" class=\"has-inline-color\">Nerja est-elle sur\u00e9valu\u00e9e<\/mark><\/p>\n\n\n\n<p>I<strong>l ne se passe pas une semaine sans que je re\u00e7oive un email de quelqu&rsquo;un qui envisage de s&rsquo;installer \u00e0 Nerja<\/strong>. Ils me demandent comment \u00e7a se passe et si nous pouvons nous retrouver pour prendre un verre afin qu&rsquo;ils puissent poser quelques questions. Malheureusement, je dois toujours leur dire que nous ne vivons plus \u00e0 Nerja. Nous avons d\u00e9m\u00e9nag\u00e9 \u00e0 Antequera plus t\u00f4t cette ann\u00e9e.<\/p>\n\n\n\n<p>Ce qui m&rsquo;am\u00e8ne \u00e0 ce post. Nerja est-elle sur\u00e9valu\u00e9e? Il y a beaucoup de choses que nous avons aim\u00e9es \u00e0 Nerja, mais il y a aussi des choses que nous n\u2019avons pas aim\u00e9es. Cela fait 7 mois que nous sommes partis donc je vais y r\u00e9fl\u00e9chir.<\/p>\n\n\n\n<p>Je me demande aussi si toute l\u2019attention port\u00e9e \u00e0 Nerja est justifi\u00e9e. Nerja est sympa, mais il y a d&rsquo;autres villes baln\u00e9aires dans la r\u00e9gion qui sont \u00e9galement int\u00e9ressantes, tant comme lieu de vie que comme lieu de visite. Si c\u2019\u00e9tait \u00e0 refaire en sachant ce que nous savons maintenant, je ne suis pas s\u00fbr que Nerja aurait \u00e9t\u00e9 l\u2019endroit que nous aurions choisi.<\/p>\n\n\n\n<p>Quelques r\u00e9flexions sur tout cela ci-dessous.<\/p>\n\n\n\n<div style=\"height:31px\" aria-hidden=\"true\" class=\"wp-block-spacer\"><\/div>\n\n\n\n<figure class=\"wp-block-image size-large\"><img decoding=\"async\" width=\"1024\" height=\"768\" src=\"http:\/\/mappingspain.com\/wp-content\/uploads\/2023\/12\/Balcon-de-Europa-Nerja-1024x768.jpg\" alt=\"\" class=\"wp-image-15181\" srcset=\"https:\/\/mappingspain.com\/wp-content\/uploads\/2023\/12\/Balcon-de-Europa-Nerja-1024x768.jpg 1024w, https:\/\/mappingspain.com\/wp-content\/uploads\/2023\/12\/Balcon-de-Europa-Nerja-300x225.jpg 300w, https:\/\/mappingspain.com\/wp-content\/uploads\/2023\/12\/Balcon-de-Europa-Nerja-768x576.jpg 768w, https:\/\/mappingspain.com\/wp-content\/uploads\/2023\/12\/Balcon-de-Europa-Nerja.jpg 1200w\" sizes=\"(max-width: 1024px) 100vw, 1024px\" \/><\/figure>\n\n\n<hr>\n<div class=\"content_hint\">&nbsp;<\/div>\n<hr>\n\n\n<div style=\"height:77px\" aria-hidden=\"true\" class=\"wp-block-spacer\"><\/div>\n\n\n\n<h2 class=\"wp-block-heading\"><strong>Ce que nous avons aim\u00e9 \u00e0 Nerja<\/strong><\/h2>\n\n\n\n<p>Il y avait beaucoup de choses que nous aimions \u00e0 Nerja lorsque nous y avons emm\u00e9nag\u00e9 fin 2020. C&rsquo;\u00e9tait une village jolie et calme avec beaucoup de saveurs locales. Les gens \u00e9taient sympathiques et la g\u00e9ographie fantastique. J&rsquo;aime faire de la randonn\u00e9e, donc les montagnes derri\u00e8re la ville ont certainement \u00e9t\u00e9 un facteur dans le choix de Nerja.<\/p>\n\n\n\n<p>Nous avons aim\u00e9 le fait que m\u00eame si Nerja \u00e9tait une village, elle avait tout ce dont vous aviez besoin d&rsquo;une ville. Nous avions une quincaillerie locale, un magasin de lampes, un magasin de lits o\u00f9 nous pouvions acheter un nouveau lit. En fait, il n\u2019y avait vraiment rien d\u2019essentiel que nous ne pouvions pas trouver \u00e0 Nerja\u2026 elle avait tous les attributs d\u2019une petite ville mais avec toutes les commodit\u00e9s dont nous avions besoin d\u2019une grande ville.<\/p>\n\n\n\n<p>Nous avons aim\u00e9 que les \u00e9difices \u00e0 Nerja soit traditionnel avec des b\u00e2timents bas. Contrairement \u00e0 de nombreux endroits le long de la c\u00f4te, Nerja est un endroit attrayant et ne se compose pas seulement d&rsquo;un groupe de grands b\u00e2timents (souvent laids) bordant une route principale.<\/p>\n\n\n\n<p>Nous avons aim\u00e9 la vari\u00e9t\u00e9 des restaurants. \u00c0 Nerja, vous pouvez trouver presque tous les types de cuisine, y compris de nombreux restaurants indiens. La qualit\u00e9 \u00e9tait souvent tr\u00e8s bonne. C\u2019est une ville anim\u00e9e et nous avons aim\u00e9 manger des tapas et simplement profiter de l\u2019ambiance d\u2019un bar anim\u00e9. Si vous aimez manger et boire, Nerja est un endroit amusant.<\/p>\n\n\n\n<p>Enfin, si vous aimez rencontrer d\u2019autres personnes, il existe de nombreuses opportunit\u00e9s de le faire \u00e0 Nerja. Ils ont le Club International de Nerja o\u00f9 vous pourrez rencontrer des gens et participer \u00e0 diverses activit\u00e9s qu&rsquo;ils organisent. Si vous \u00eates nouveau \u00e0 Nerja et que vous souhaitez rencontrer d\u2019autres personnes, vous avez une multitude de choix. Pour les personnes qui d\u00e9m\u00e9nagent dans un nouveau pays, c\u2019est une bonne chose.<\/p>\n\n\n\n<div style=\"height:39px\" aria-hidden=\"true\" class=\"wp-block-spacer\"><\/div>\n\n\n\n<figure class=\"wp-block-image size-large\"><img decoding=\"async\" width=\"1024\" height=\"737\" src=\"http:\/\/mappingspain.com\/wp-content\/uploads\/2023\/12\/calle-pintada-Nerja-1024x737.jpg\" alt=\"\" class=\"wp-image-15184\" srcset=\"https:\/\/mappingspain.com\/wp-content\/uploads\/2023\/12\/calle-pintada-Nerja-1024x737.jpg 1024w, https:\/\/mappingspain.com\/wp-content\/uploads\/2023\/12\/calle-pintada-Nerja-300x216.jpg 300w, https:\/\/mappingspain.com\/wp-content\/uploads\/2023\/12\/calle-pintada-Nerja-768x553.jpg 768w, https:\/\/mappingspain.com\/wp-content\/uploads\/2023\/12\/calle-pintada-Nerja.jpg 1200w\" sizes=\"(max-width: 1024px) 100vw, 1024px\" \/><\/figure>\n\n\n<hr>\n<div class=\"content_hint\">&nbsp;<\/div>\n<hr>\n\n\n<div style=\"height:77px\" aria-hidden=\"true\" class=\"wp-block-spacer\"><\/div>\n\n\n\n<h2 class=\"wp-block-heading\"><strong>Pourquoi nous avons quitt\u00e9 Nerja<\/strong><\/h2>\n\n\n\n<p>Il y a plusieurs raisons pour lesquelles nous avons choisi de quitter Nerja :<span style=\"text-decoration: underline;\"> certaines li\u00e9es \u00e0 Nerja en particulier<\/span>, <span style=\"text-decoration: underline;\">d&rsquo;autres li\u00e9es au logement<\/span>,<span style=\"text-decoration: underline;\"> d&rsquo;autres li\u00e9es \u00e0 nos propres style de vie<\/span>.<\/p>\n\n\n\n<p><strong>Nerja sp\u00e9cifiquement. <\/strong>Nous avons vraiment aim\u00e9 les 18 premiers mois \u00e0 Nerja. On \u00e9tait encore \u00e0 l\u2019\u00e9poque avec des s\u00e9quelles du Covid : la ville \u00e9tait calme, propre, il y avait peu de touristes. Oui, il y avait des expatri\u00e9s, mais dans l\u2019ensemble, cela ressemblait beaucoup \u00e0 une ville espagnole traditionnelle. Nous avons profit\u00e9 de la nature en faisant des promenades le long de la c\u00f4te vers des endroits comme Maro et Torrox. J&rsquo;ai fait de la randonn\u00e9e avec Jon Keo et j&rsquo;ai rencontr\u00e9 des expatri\u00e9s int\u00e9ressants. Nerja \u00e9tait ce que nous pensions \u00eatre.<\/p>\n\n\n\n<p>C\u2019est au printemps 2022 que tout a chang\u00e9. Soudain, Nerja \u00e9tait pleine d&rsquo;\u00e9trangers, de touristes et d&rsquo;expatri\u00e9s. Les rues du centre \u00e9taient bond\u00e9es, des boutiques de souvenirs surgissaient de nulle part. Les week-ends \u00e9taient fous. Toutes les festivit\u00e9s auxquelles nous allions seraient bond\u00e9es et nous serions \u00e0 10 derri\u00e8re une foule d\u2019autres \u00e9trangers essayant de voir ce qui se passait.<\/p>\n\n\n\n<p>Je suppose que c\u2019\u00e9tait Nerja \u00ab normale \u00bb, celle que nous n\u2019avions pas vue \u00e0 cause du Covid (rappelez-vous, nous \u00e9tions arriv\u00e9s en novembre 2020). Nous n\u2019avons pas aim\u00e9 \u00e7a.<\/p>\n\n\n\n<div style=\"height:36px\" aria-hidden=\"true\" class=\"wp-block-spacer\"><\/div>\n\n\n\n<figure class=\"wp-block-image size-large\"><img decoding=\"async\" width=\"1024\" height=\"683\" src=\"http:\/\/mappingspain.com\/wp-content\/uploads\/2023\/12\/Nerja-4-1024x683.jpg\" alt=\"\" class=\"wp-image-15187\" srcset=\"https:\/\/mappingspain.com\/wp-content\/uploads\/2023\/12\/Nerja-4-1024x683.jpg 1024w, https:\/\/mappingspain.com\/wp-content\/uploads\/2023\/12\/Nerja-4-300x200.jpg 300w, https:\/\/mappingspain.com\/wp-content\/uploads\/2023\/12\/Nerja-4-768x512.jpg 768w, https:\/\/mappingspain.com\/wp-content\/uploads\/2023\/12\/Nerja-4-600x400.jpg 600w, https:\/\/mappingspain.com\/wp-content\/uploads\/2023\/12\/Nerja-4.jpg 1200w\" sizes=\"(max-width: 1024px) 100vw, 1024px\" \/><\/figure>\n\n\n<hr>\n<div class=\"content_hint\">&nbsp;<\/div>\n<hr>\n\n\n<div style=\"height:57px\" aria-hidden=\"true\" class=\"wp-block-spacer\"><\/div>\n\n\n\n<p><strong>Logement<\/strong>. Et puis il y avait notre appartement. Gr\u00e2ce au Covid, nous n&rsquo;avons eu aucun probl\u00e8me \u00e0 trouver ce qui semblait (en apparence) l&rsquo;appartement parfait. Nous avons eu beaucoup de visites (l&rsquo;offre a d\u00e9pass\u00e9 la demande) et trouver l&rsquo;appartement a pris 10 jours : Un appartement de 3 chambres avec un immense jardin, le tout pour 800 euros\/mois. Apr\u00e8s 6 ans de voyage \u00e0 plein temps, nous avons imagin\u00e9 avoir une maison et un jardin.<\/p>\n\n\n\n<p>Tout comme nos premiers sentiments \u00e0 propos de Nerja, nos sentiments envers notre maison et notre jardin se sont d\u00e9grad\u00e9s au cours de notre deuxi\u00e8me ann\u00e9e. Nous avons eu des infestations de fourmis, de cafards et l&rsquo;appartement avait toutes sortes de probl\u00e8mes de plomberie, d&rsquo;\u00e9lectricit\u00e9 et d&rsquo;isolation (c&rsquo;\u00e9tait un beau b\u00e2timent mais il y avait beaucoup de probl\u00e8mes sous la surface). Au cours de notre premi\u00e8re ann\u00e9e, nous avons aim\u00e9 jardiner \u2013 la deuxi\u00e8me ann\u00e9e, nous avons parl\u00e9 de cochenilles, de moustiques, d&rsquo;araign\u00e9es recluses et de calima. Nous ne jouissions plus de notre propri\u00e9t\u00e9, tout \u00e9tait une corv\u00e9e.<\/p>\n\n\n\n<p>Nous avons bri\u00e8vement envisag\u00e9 de changer d&rsquo;appartement pour un appartement plus petit dans un immeuble de grande hauteur, mais le march\u00e9 avait alors chang\u00e9. \u00c0 la mi-2022, la demande d\u00e9passait l&rsquo;offre \u00e0 Nerja et les prix \u00e9taient plus \u00e9lev\u00e9s (notre propre loyer est pass\u00e9 de 800 euros \u00e0 850 euros)*.<\/p>\n\n\n\n<p><em>*Nous avons re\u00e7u de nombreuses demandes de personnes concernant la location d&rsquo;un appartement \u00e0 Nerja. Nous avons transmis toutes ces demandes \u00e0 notre amie immobili\u00e8re Diane \u2013 mais entre le manque d\u2019offre, les prix \u00e9lev\u00e9s et la r\u00e9\u00e9mergence des appartements de vacances, elle ne pouvait pas faire grand-chose pour aider la plupart d\u2019entre eux. Nerja est devenu un endroit tr\u00e8s difficile pour trouver un appartement \u00e0 long terme.<\/em><\/p>\n\n\n\n<div style=\"height:35px\" aria-hidden=\"true\" class=\"wp-block-spacer\"><\/div>\n\n\n\n<figure class=\"wp-block-image size-large\"><img decoding=\"async\" width=\"1024\" height=\"768\" src=\"http:\/\/mappingspain.com\/wp-content\/uploads\/2023\/12\/Nerja-apartment-yard-1024x768.jpg\" alt=\"\" class=\"wp-image-15190\" srcset=\"https:\/\/mappingspain.com\/wp-content\/uploads\/2023\/12\/Nerja-apartment-yard-1024x768.jpg 1024w, https:\/\/mappingspain.com\/wp-content\/uploads\/2023\/12\/Nerja-apartment-yard-300x225.jpg 300w, https:\/\/mappingspain.com\/wp-content\/uploads\/2023\/12\/Nerja-apartment-yard-768x576.jpg 768w, https:\/\/mappingspain.com\/wp-content\/uploads\/2023\/12\/Nerja-apartment-yard.jpg 1200w\" sizes=\"(max-width: 1024px) 100vw, 1024px\" \/><\/figure>\n\n\n<hr>\n<div class=\"content_hint\">&nbsp;<\/div>\n<hr>\n\n\n<div style=\"height:55px\" aria-hidden=\"true\" class=\"wp-block-spacer\"><\/div>\n\n\n\n<p><strong>Style de vie.<\/strong> Fin 2022, nous nous demandions vraiment ce que nous voulions. Comme je l&rsquo;ai mentionn\u00e9, nous avions voyag\u00e9 \u00e0 temps plein pendant 6 ans avant de nous installer \u00e0 Nerja et pensions pouvoir passer \u00e0 un mode de vie plus \u00ab normal \u00bb. Mais nous avons r\u00e9alis\u00e9 qu\u2019avoir une maison et g\u00e9rer tout ce qui allait avec n\u2019\u00e9tait tout simplement pas pour nous. Nous nous ennuyions. Nous voulions continuer \u00e0 maintenir une base en Espagne, mais nous voulions un endroit plus petit que nous pourrions simplement verrouiller et voyager pendant des mois.<\/p>\n\n\n\n<p>Nous avons envisag\u00e9 un appartement plus petit \u00e0 Nerja, mais avons rapidement d\u00e9cid\u00e9 que c&rsquo;\u00e9tait hors de question en raison du co\u00fbt et de la disponibilit\u00e9 (que je mentionne ci-dessus). Nous savions que nous pourrions obtenir un meilleur rapport qualit\u00e9-prix ailleurs.<\/p>\n\n\n\n<p>Mais le plus gros probl\u00e8me \u00e9tait \u00ab Nerja est-elle l\u2019endroit o\u00f9 nous voulons \u00eatre ? \u00bb. Et la r\u00e9ponse \u00e9tait non.<\/p>\n\n\n\n<p>Premi\u00e8rement, Nerja n\u2019est pas une base tr\u00e8s pratique si vous n\u2019avez pas de voiture. Nous en avions assez de ce trajet d&rsquo;une heure et demie en bus jusqu&rsquo;\u00e0 Malaga. Nous avons d\u00e9test\u00e9 \u00e7a.<\/p>\n\n\n\n<p>Deuxi\u00e8mement, je peux comprendre l&rsquo;attrait de Nerja pour les gens : les plages, les restaurants et les bars, la facilit\u00e9 de se faire des amis. Mais ce n\u2019est pas qui nous sommes : nous ne sommes pas des gens de la plage et nous restons pour la plupart seuls (je devais sans cesse m\u2019excuser et trouver des excuses \u00e0 tous ces gens qui voulaient nous rencontrer \u00e0 Nerja). Il y a donc des aspects de Nerja que nous savions que nous ne manquerions pas.<\/p>\n\n\n\n<p>Troisi\u00e8mement, le facteur primordial : <span style=\"text-decoration: underline;\">notre vision de l\u2019Espagne ne consistait pas \u00e0 vivre parmi des \u00e9trangers<\/span>. Si nous devions vivre en Espagne, nous voulions vivre dans la \u00ab vraie Espagne \u00bb. Nerja, n&rsquo;est-ce pas.<\/p>\n\n\n\n<p>Ce sont les raisons pour lesquelles nous avons quitt\u00e9 Nerja pour Antequera.<\/p>\n\n\n\n<div style=\"height:37px\" aria-hidden=\"true\" class=\"wp-block-spacer\"><\/div>\n\n\n\n<figure class=\"wp-block-image size-large\"><img decoding=\"async\" width=\"1024\" height=\"768\" src=\"http:\/\/mappingspain.com\/wp-content\/uploads\/2023\/12\/Nerja-3-1024x768.jpg\" alt=\"\" class=\"wp-image-15193\" srcset=\"https:\/\/mappingspain.com\/wp-content\/uploads\/2023\/12\/Nerja-3-1024x768.jpg 1024w, https:\/\/mappingspain.com\/wp-content\/uploads\/2023\/12\/Nerja-3-300x225.jpg 300w, https:\/\/mappingspain.com\/wp-content\/uploads\/2023\/12\/Nerja-3-768x576.jpg 768w, https:\/\/mappingspain.com\/wp-content\/uploads\/2023\/12\/Nerja-3.jpg 1200w\" sizes=\"(max-width: 1024px) 100vw, 1024px\" \/><\/figure>\n\n\n<hr>\n<div class=\"content_hint\">&nbsp;<\/div>\n<hr>\n\n\n<div style=\"height:77px\" aria-hidden=\"true\" class=\"wp-block-spacer\"><\/div>\n\n\n\n<p><strong>Dans l\u2019ensemble, nous sommes tr\u00e8s satisfaits de notre d\u00e9m\u00e9nagement \u00e0 Antequera<\/strong><\/p>\n\n\n\n<ul class=\"wp-block-list\">\n<li>Nous avons un appartement moderne de 2 chambres pour lequel nous payons 650 euros (200 de moins que ce que nous avons pay\u00e9 \u00e0 Nerja).<\/li>\n<\/ul>\n\n\n\n<ul class=\"wp-block-list\">\n<li>Nous pouvons simplement fermer \u00e0 cl\u00e9 et partir&nbsp;; nous revenons tout juste d&rsquo;un voyage de 2 mois au Mexique. Nous n\u2019aurions pas pu faire \u00e7a \u00e0 Nerja.<\/li>\n<\/ul>\n\n\n\n<ul class=\"wp-block-list\">\n<li>Antequera est une ville belle et culturelle et repr\u00e9sente vraiment la \u00ab vraie Espagne \u00bb (avec tous les avantages et les inconv\u00e9nients qui y sont associ\u00e9s).<\/li>\n<\/ul>\n\n\n\n<ul class=\"wp-block-list\">\n<li>Antequera se trouve \u00e0 25 minutes en train de Malaga. Nous aimons \u00e7a. Alternativement, c&rsquo;est 1 heure en bus.<\/li>\n<\/ul>\n\n\n\n<p>Je ne dis pas qu\u2019Antequera est meilleure que Nerja. C\u2019est juste mieux adapt\u00e9 \u00e0 ce que nous recherchions.<\/p>\n\n\n\n<div style=\"height:52px\" aria-hidden=\"true\" class=\"wp-block-spacer\"><\/div>\n\n\n\n<figure class=\"wp-block-image size-large\"><img decoding=\"async\" width=\"1024\" height=\"683\" src=\"http:\/\/mappingspain.com\/wp-content\/uploads\/2023\/12\/Photos-of-Antequera-24-1024x683.jpg\" alt=\"\" class=\"wp-image-15196\" srcset=\"https:\/\/mappingspain.com\/wp-content\/uploads\/2023\/12\/Photos-of-Antequera-24-1024x683.jpg 1024w, https:\/\/mappingspain.com\/wp-content\/uploads\/2023\/12\/Photos-of-Antequera-24-300x200.jpg 300w, https:\/\/mappingspain.com\/wp-content\/uploads\/2023\/12\/Photos-of-Antequera-24-768x512.jpg 768w, https:\/\/mappingspain.com\/wp-content\/uploads\/2023\/12\/Photos-of-Antequera-24-600x400.jpg 600w, https:\/\/mappingspain.com\/wp-content\/uploads\/2023\/12\/Photos-of-Antequera-24.jpg 1200w\" sizes=\"(max-width: 1024px) 100vw, 1024px\" \/><figcaption class=\"wp-element-caption\">Antequera<\/figcaption><\/figure>\n\n\n\n<div style=\"height:68px\" aria-hidden=\"true\" class=\"wp-block-spacer\"><\/div>\n\n\n\n<h3 class=\"wp-block-heading\"><strong>Nerja nous manque ?<\/strong><\/h3>\n\n\n\n<p>Je mentirais si je disais qu\u2019il n\u2019y a aucun aspect de Nerja qui ne nous manque pas. Il y a. Nous manquons d&rsquo;aller \u00e0 notre bar \u00e0 tapas pr\u00e9f\u00e9r\u00e9 un vendredi soir. Il y a des bars \u00e0 tapas \u00e0 Antequera mais ce n\u2019est pas la m\u00eame \u00e9nergie. La vari\u00e9t\u00e9 de la cuisine nous manque, notamment les restaurants indiens. Antequera est plus grande que Nerja mais il n\u2019y a pas de restaurant indien. En fait, \u00e0 part un restaurant chinois et quelques kebabs, il n\u2019y a pas beaucoup de vari\u00e9t\u00e9. Les randonn\u00e9es organis\u00e9es me manquent\u2026 Je n&rsquo;ai rien trouv\u00e9 de similaire \u00e0 Antequera.<\/p>\n\n\n\n<p>Il y a en fait pas mal d\u2019avantages et d\u2019inconv\u00e9nients \u00e0 notre d\u00e9m\u00e9nagement, nous n\u2019avions pas r\u00e9alis\u00e9 \u00e0 quel point la vie \u00e9tait diff\u00e9rente entre la c\u00f4te et l\u2019int\u00e9rieur. M\u00eame les gens sont diff\u00e9rents (\u00e0 un moment donn\u00e9, j&rsquo;\u00e9crirai un article comparant la vie \u00e0 Nerja et la vie \u00e0 Antequera, y compris une comparaison des co\u00fbts).<\/p>\n\n\n\n<p>Ce n\u2019est pas parfait mais dans l\u2019ensemble nous sommes tr\u00e8s satisfaits de notre d\u00e9marche.<\/p>\n\n\n\n<div style=\"height:40px\" aria-hidden=\"true\" class=\"wp-block-spacer\"><\/div>\n\n\n\n<figure class=\"wp-block-image size-large\"><img decoding=\"async\" width=\"1024\" height=\"768\" src=\"http:\/\/mappingspain.com\/wp-content\/uploads\/2023\/12\/Views-in-Nerja-1024x768.jpg\" alt=\"\" class=\"wp-image-15199\" srcset=\"https:\/\/mappingspain.com\/wp-content\/uploads\/2023\/12\/Views-in-Nerja-1024x768.jpg 1024w, https:\/\/mappingspain.com\/wp-content\/uploads\/2023\/12\/Views-in-Nerja-300x225.jpg 300w, https:\/\/mappingspain.com\/wp-content\/uploads\/2023\/12\/Views-in-Nerja-768x576.jpg 768w, https:\/\/mappingspain.com\/wp-content\/uploads\/2023\/12\/Views-in-Nerja.jpg 1200w\" sizes=\"(max-width: 1024px) 100vw, 1024px\" \/><figcaption class=\"wp-element-caption\">Nerja<\/figcaption><\/figure>\n\n\n<hr>\n<div class=\"content_hint\">&nbsp;<\/div>\n<hr>\n\n\n<div style=\"height:77px\" aria-hidden=\"true\" class=\"wp-block-spacer\"><\/div>\n\n\n\n<h2 class=\"wp-block-heading\"><strong><span style=\"text-decoration: underline;\">Comparer Nerja \u00e0 d\u2019autres villes baln\u00e9aires<\/span><\/strong><\/h2>\n\n\n\n<p>Nous avons opt\u00e9 pour le contraire, quittant la c\u00f4te pour vivre \u00e0 l&rsquo;int\u00e9rieur. Mais il y avait d\u2019autres options plus proches.<\/p>\n\n\n\n<p>J&rsquo;ai mentionn\u00e9 en haut que, sachant ce que je sais maintenant, je ne suis pas s\u00fbr que nous aurions choisi Nerja comme premi\u00e8re base en Espagne. Il y a d&rsquo;autres villes baln\u00e9aires de la r\u00e9gion que nous avons explor\u00e9es lors de notre s\u00e9jour sur la c\u00f4te et qui auraient pu mieux nous convenir.<\/p>\n\n\n\n<div style=\"height:22px\" aria-hidden=\"true\" class=\"wp-block-spacer\"><\/div>\n\n\n\n<p><strong>Almu\u00f1\u00e9car.<\/strong> La ville elle-m\u00eame n&rsquo;est pas aussi jolie que Nerja. Il y a beaucoup de ces gratte-ciel laids qui dominent la c\u00f4te espagnole. Mais c&rsquo;est une ville avec des sites historiques int\u00e9ressants et la g\u00e9ographie autour de la ville est ph\u00e9nom\u00e9nale. Elle conserve une ambiance locale tr\u00e8s forte, donc si vous voulez vivre dans un endroit \u00ab espagnol \u00bb, vous en ferez l\u2019exp\u00e9rience davantage ici qu\u2019\u00e0 Nerja ou dans certaines des autres villes que je mentionnerai ci-dessous. En revanche, vous \u00eates encore plus loin de Malaga que de Nerja. <a href=\"https:\/\/mappingspain.com\/fr\/que-voir-a-almunecar-et-impressions\/\" target=\"_blank\" rel=\"noreferrer noopener\">Plus d\u2019impressions d\u2019Almu\u00f1\u00e9car ici<\/a>.<\/p>\n\n\n\n<div style=\"height:31px\" aria-hidden=\"true\" class=\"wp-block-spacer\"><\/div>\n\n\n\n<figure class=\"wp-block-image size-large\"><img decoding=\"async\" width=\"1024\" height=\"567\" src=\"http:\/\/mappingspain.com\/wp-content\/uploads\/2023\/12\/Almunecar-35-1-1024x567.jpg\" alt=\"\" class=\"wp-image-15203\" srcset=\"https:\/\/mappingspain.com\/wp-content\/uploads\/2023\/12\/Almunecar-35-1-1024x567.jpg 1024w, https:\/\/mappingspain.com\/wp-content\/uploads\/2023\/12\/Almunecar-35-1-300x166.jpg 300w, https:\/\/mappingspain.com\/wp-content\/uploads\/2023\/12\/Almunecar-35-1-768x425.jpg 768w, https:\/\/mappingspain.com\/wp-content\/uploads\/2023\/12\/Almunecar-35-1.jpg 1176w\" sizes=\"(max-width: 1024px) 100vw, 1024px\" \/><\/figure>\n\n\n<hr>\n<div class=\"content_hint\">&nbsp;<\/div>\n<hr>\n\n\n<div style=\"height:56px\" aria-hidden=\"true\" class=\"wp-block-spacer\"><\/div>\n\n\n\n<p><strong>Torrox Costa<\/strong>. \u00c0 premi\u00e8re vue, Torrox n\u2019a pas grand-chose de sp\u00e9cial. C\u2019est essentiellement une ville moderne construite le long d\u2019une route c\u00f4ti\u00e8re. Cela a l\u2019air rustique et on pourrait m\u00eame dire sale. Mais apr\u00e8s quelques visites, nous avons appr\u00e9ci\u00e9 Torrox. Il y a une longue promenade le long de la plage o\u00f9 vous pouvez vous promener, de nombreux restaurants, dont de nombreux restaurants allemands (Torrox poss\u00e8de la plus grande communaut\u00e9 allemande d&rsquo;Espagne). Il y a une ambiance tr\u00e8s diff\u00e9rente et tr\u00e8s d\u00e9contract\u00e9e par rapport \u00e0 Nerja et nous avons aim\u00e9 venir ici et manger dans certains des petits restaurants qui bordent la c\u00f4te. Bien qu\u2019il y ait une forte population d\u2019expatri\u00e9s, peu de touristes viennent ici. <a href=\"https:\/\/mappingspain.com\/fr\/visiter-torrox\/\" target=\"_blank\" rel=\"noreferrer noopener\">En savoir plus sur Torrox<\/a>.<\/p>\n\n\n\n<div style=\"height:40px\" aria-hidden=\"true\" class=\"wp-block-spacer\"><\/div>\n\n\n\n<figure class=\"wp-block-image size-large\"><img decoding=\"async\" width=\"1024\" height=\"683\" src=\"http:\/\/mappingspain.com\/wp-content\/uploads\/2023\/12\/Torrox-Costa-1-1-1024x683.jpg\" alt=\"\" class=\"wp-image-15206\" srcset=\"https:\/\/mappingspain.com\/wp-content\/uploads\/2023\/12\/Torrox-Costa-1-1-1024x683.jpg 1024w, https:\/\/mappingspain.com\/wp-content\/uploads\/2023\/12\/Torrox-Costa-1-1-300x200.jpg 300w, https:\/\/mappingspain.com\/wp-content\/uploads\/2023\/12\/Torrox-Costa-1-1-768x512.jpg 768w, https:\/\/mappingspain.com\/wp-content\/uploads\/2023\/12\/Torrox-Costa-1-1-600x400.jpg 600w, https:\/\/mappingspain.com\/wp-content\/uploads\/2023\/12\/Torrox-Costa-1-1.jpg 1200w\" sizes=\"(max-width: 1024px) 100vw, 1024px\" \/><\/figure>\n\n\n\n<div style=\"height:41px\" aria-hidden=\"true\" class=\"wp-block-spacer\"><\/div>\n\n\n\n<p><strong>Torre del Mar.<\/strong> Une ville moderne avec la meilleure plage de toutes les villes que nous visiterions \u00e0 l\u2019est de Malaga. Torre del Mar a une grande et belle plage, une longue et large promenade, une piste cyclable, des terrains de tennis et de basket-ball\u2026 nous avons \u00e9t\u00e9 \u00e9poustoufl\u00e9s par les installations et par la propret\u00e9 de tout. Il n\u2019a pas \u00e9t\u00e9 envahi par les expatri\u00e9s et les touristes. Et Nerja se trouve \u00e0 moiti\u00e9 distance de Malaga (presque tous les bus allant \u00e0 Nerja s\u2019arr\u00eatent \u00e0 Torre del Mar, c\u2019est \u00e0 environ 45 minutes de Malaga). Pour ceux qui cherchent \u00e0 s\u2019installer ici, il est proche d\u2019un grand h\u00f4pital et est adapt\u00e9 \u00e0 la mobilit\u00e9 : plat, avec beaucoup de rampes (\u00e0 l\u2019oppos\u00e9 de Nerja). <a href=\"https:\/\/mappingspain.com\/fr\/torre-del-mar-la-plus-belle-plage-de-la-costa-del-sol\/\" target=\"_blank\" rel=\"noreferrer noopener\">En savoir plus sur Torre del Mar<\/a>.<\/p>\n\n\n\n<div style=\"height:40px\" aria-hidden=\"true\" class=\"wp-block-spacer\"><\/div>\n\n\n\n<figure class=\"wp-block-image size-large\"><img decoding=\"async\" width=\"1024\" height=\"640\" src=\"http:\/\/mappingspain.com\/wp-content\/uploads\/2023\/12\/promenade-torre-del-mar-1024x640.jpg\" alt=\"\" class=\"wp-image-15209\" srcset=\"https:\/\/mappingspain.com\/wp-content\/uploads\/2023\/12\/promenade-torre-del-mar-1024x640.jpg 1024w, https:\/\/mappingspain.com\/wp-content\/uploads\/2023\/12\/promenade-torre-del-mar-300x188.jpg 300w, https:\/\/mappingspain.com\/wp-content\/uploads\/2023\/12\/promenade-torre-del-mar-768x480.jpg 768w, https:\/\/mappingspain.com\/wp-content\/uploads\/2023\/12\/promenade-torre-del-mar.jpg 1200w\" sizes=\"(max-width: 1024px) 100vw, 1024px\" \/><\/figure>\n\n\n\n<div style=\"height:63px\" aria-hidden=\"true\" class=\"wp-block-spacer\"><\/div>\n\n\n\n<p><strong><em>Remarque:<\/em><\/strong> Trouver un logement dans les villes que j\u2019ai \u00e9num\u00e9r\u00e9es ci-dessus est \u00e0 la fois plus facile et moins cher.<\/p>\n\n\n\n<div style=\"height:42px\" aria-hidden=\"true\" class=\"wp-block-spacer\"><\/div>\n\n\n<hr>\n<div class=\"content_hint\">&nbsp;<\/div>\n<hr>\n\n\n<div style=\"height:70px\" aria-hidden=\"true\" class=\"wp-block-spacer\"><\/div>\n\n\n\n<p><strong><em>Quel est le meilleur ?<\/em><\/strong> C\u2019est vraiment difficile, je pense que tous ont des caract\u00e9ristiques qui plairont \u00e0 diff\u00e9rentes personnes. J&rsquo;ai interrog\u00e9 Lissette en \u00e9crivant ceci, lui demandant lequel elle aurait choisi si elle avait su ce qu&rsquo;elle sait maintenant. Sa r\u00e9ponse a \u00e9t\u00e9 \u00ab Torre del Mar \u00bb. Je pense que je pourrais \u00eatre d&rsquo;accord avec elle.<\/p>\n\n\n\n<p>Mais tous ont leurs avantages et leurs inconv\u00e9nients et cela d\u00e9pend de ce qui est important pour vous. <strong>Nerja<\/strong> est sans aucun doute la ville la plus internationale et la plus dynamique. Elle poss\u00e8de \u00e9galement de loin la plus jolie vieille ville. Il n\u2019est pas \u00e9tonnant qu\u2019il soit populaire aupr\u00e8s des touristes. <strong>Torre del Mar<\/strong> poss\u00e8de la meilleure plage, l&#8217;emplacement le plus pratique et, m\u00eame si elle compte une population d&rsquo;expatri\u00e9s, tout cela donne toujours l&rsquo;impression d&rsquo;\u00eatre authentiquement espagnol. <strong>Torrox<\/strong> est plus petite et tr\u00e8s d\u00e9contract\u00e9e, tandis qu&rsquo;<strong>Almu\u00f1\u00e9car<\/strong> poss\u00e8de des sites historiques int\u00e9ressants, une g\u00e9ographie magnifique et reste tr\u00e8s espagnole.<\/p>\n\n\n\n<p><strong><em>Je ne dis pas qu\u2019aucune des villes ci-dessus n\u2019est meilleure que Nerja, je recommanderais simplement aux personnes qui envisagent de s\u2019installer \u00e0 Nerja de visiter les autres villes et de comparer. Ne pr\u00e9sumez pas, sur la base des recommandations d\u2019autres personnes, que Nerja est le seul choix sur la c\u00f4te \u00e0 l\u2019est de Malaga.<\/em><\/strong><\/p>\n\n\n\n<div style=\"height:34px\" aria-hidden=\"true\" class=\"wp-block-spacer\"><\/div>\n\n\n\n<figure class=\"wp-block-image size-large\"><img decoding=\"async\" width=\"1024\" height=\"768\" src=\"http:\/\/mappingspain.com\/wp-content\/uploads\/2023\/12\/DSCN3589-1024x768.jpg\" alt=\"\" class=\"wp-image-15212\" srcset=\"https:\/\/mappingspain.com\/wp-content\/uploads\/2023\/12\/DSCN3589-1024x768.jpg 1024w, https:\/\/mappingspain.com\/wp-content\/uploads\/2023\/12\/DSCN3589-300x225.jpg 300w, https:\/\/mappingspain.com\/wp-content\/uploads\/2023\/12\/DSCN3589-768x576.jpg 768w, https:\/\/mappingspain.com\/wp-content\/uploads\/2023\/12\/DSCN3589-1536x1152.jpg 1536w, https:\/\/mappingspain.com\/wp-content\/uploads\/2023\/12\/DSCN3589-2048x1536.jpg 2048w\" sizes=\"(max-width: 1024px) 100vw, 1024px\" \/><\/figure>\n\n\n<hr>\n<div class=\"content_hint\">&nbsp;<\/div>\n<hr>\n\n\n<div style=\"height:75px\" aria-hidden=\"true\" class=\"wp-block-spacer\"><\/div>\n\n\n\n<h2 class=\"wp-block-heading\"><strong><strong>Alors Nerja est-elle sur\u00e9valu\u00e9e?<\/strong><\/strong><\/h2>\n\n\n\n<p><span style=\"text-decoration: underline;\">En tant que lieu \u00e0 visiter<\/span>, je ne pense pas que Nerja soit sur\u00e9valu\u00e9e. Je pense que c&rsquo;est la plus jolie ville c\u00f4ti\u00e8re \u00e0 l&rsquo;est de Malaga. Il propose d&rsquo;excellentes options de restauration et constitue un endroit amusant si vous aimez la vie nocturne. Les grottes de Nerja sont l\u2019une des merveilles g\u00e9ologiques d\u2019Espagne. Si j\u2019avais 3 jours \u00e0 passer sur cette partie de la c\u00f4te, ce serait \u00e0 Nerja. <\/p>\n\n\n\n<p>En ce qui concerne le fait d&rsquo;\u00eatre surestim\u00e9 en tant que <span style=\"text-decoration: underline;\">lieu de vie<\/span>, cela d\u00e9pend de votre point de vue. Comme je l\u2019ai dit, c\u2019est une jolie ville, avec de belles plages et des vues panoramiques. Si vous souhaitez vous m\u00ealer \u00e0 d\u2019autres expatri\u00e9s, vous ne pouvez pas battre Nerja. Elle accueille les \u00e9trangers et dispose de toutes les ressources n\u00e9cessaires pour se sentir chez soi en Espagne. Les points n\u00e9gatifs sont dus \u00e0 sa popularit\u00e9 : principalement trop de touristes et d&rsquo;expatri\u00e9s, des prix \u00e9lev\u00e9s et une crise du logement. Pour certains, ce ne sont que des d\u00e9sagr\u00e9ments li\u00e9s \u00e0 la vie au paradis. D\u2019autres, comme nous, ne ressentent peut-\u00eatre pas la m\u00eame chose. Cela d\u00e9pend vraiment de votre point de vue.<\/p>\n\n\n\n<div style=\"height:37px\" aria-hidden=\"true\" class=\"wp-block-spacer\"><\/div>\n\n\n\n<h2 class=\"wp-block-heading has-text-align-center\"><strong>Qu&rsquo;en penses-tu? Nerja est-elle <strong><strong>sur\u00e9valu\u00e9e<\/strong><\/strong>?<\/strong><\/h2>\n\n\n\n<div style=\"height:67px\" aria-hidden=\"true\" class=\"wp-block-spacer\"><\/div>\n\n\n\n<h3 class=\"wp-block-heading\"><em><strong>Plus: <a href=\"https:\/\/mappingspain.com\/fr\/notre-cout-de-la-vie-a-nerja-espagne\/\" target=\"_blank\" rel=\"noreferrer noopener\">Notre co\u00fbt de la vie \u00e0 Nerja<\/a><\/strong><\/em><\/h3>\n\n\n\n<figure class=\"wp-block-image size-full\"><a href=\"https:\/\/mappingspain.com\/fr\/notre-cout-de-la-vie-a-nerja-espagne\/\" target=\"_blank\" rel=\"noreferrer noopener\"><img decoding=\"async\" width=\"1000\" height=\"701\" src=\"http:\/\/mappingspain.com\/wp-content\/uploads\/2023\/12\/cost-of-living-in-Spain-FR.jpg\" alt=\"\" class=\"wp-image-15253\" srcset=\"https:\/\/mappingspain.com\/wp-content\/uploads\/2023\/12\/cost-of-living-in-Spain-FR.jpg 1000w, https:\/\/mappingspain.com\/wp-content\/uploads\/2023\/12\/cost-of-living-in-Spain-FR-300x210.jpg 300w, https:\/\/mappingspain.com\/wp-content\/uploads\/2023\/12\/cost-of-living-in-Spain-FR-768x538.jpg 768w\" sizes=\"(max-width: 1000px) 100vw, 1000px\" \/><\/a><\/figure>\n\n\n\n<div style=\"height:36px\" aria-hidden=\"true\" class=\"wp-block-spacer\"><\/div>\n\n\n\n<h2 class=\"wp-block-heading\"><strong><em>Plus: <a href=\"https:\/\/mappingspain.com\/fr\/ou-vivre-sur-la-costa-del-sol\/\" target=\"_blank\" rel=\"noreferrer noopener\">O\u00f9 vivre sur la Costa Del Sol?<\/a><\/em><\/strong><\/h2>\n\n\n\n<figure class=\"wp-block-image size-full\"><a href=\"https:\/\/mappingspain.com\/fr\/ou-vivre-sur-la-costa-del-sol\/\" target=\"_blank\" rel=\"noreferrer noopener\"><img decoding=\"async\" width=\"1000\" height=\"619\" src=\"http:\/\/mappingspain.com\/wp-content\/uploads\/2023\/12\/Balcon-de-Europa-Nerja-FR-1.jpg\" alt=\"\" class=\"wp-image-15256\" srcset=\"https:\/\/mappingspain.com\/wp-content\/uploads\/2023\/12\/Balcon-de-Europa-Nerja-FR-1.jpg 1000w, https:\/\/mappingspain.com\/wp-content\/uploads\/2023\/12\/Balcon-de-Europa-Nerja-FR-1-300x186.jpg 300w, https:\/\/mappingspain.com\/wp-content\/uploads\/2023\/12\/Balcon-de-Europa-Nerja-FR-1-768x475.jpg 768w\" sizes=\"(max-width: 1000px) 100vw, 1000px\" \/><\/a><\/figure>\n\n\n\n<div style=\"height:37px\" aria-hidden=\"true\" class=\"wp-block-spacer\"><\/div>\n<div class='ctx-module-container ctx_default_placement ctx-clearfix'><\/div><span class=\"ctx-article-root\"><!-- --><\/span>","protected":false},"excerpt":{"rendered":"<p>Nerja est-elle sur\u00e9valu\u00e9e Il ne se passe pas une semaine sans que je re\u00e7oive un email de quelqu&rsquo;un qui envisage de s&rsquo;installer \u00e0 Nerja. Ils me demandent comment \u00e7a se passe et si nous pouvons nous retrouver pour prendre un verre afin qu&rsquo;ils puissent poser quelques questions. Malheureusement, je dois toujours leur dire que nous [&hellip;]<\/p>\n","protected":false},"author":2,"featured_media":15179,"comment_status":"open","ping_status":"open","sticky":false,"template":"","format":"standard","meta":{"_genesis_hide_title":false,"_genesis_hide_breadcrumbs":false,"_genesis_hide_singular_image":false,"_genesis_hide_footer_widgets":false,"_genesis_custom_body_class":"","_genesis_custom_post_class":"","_genesis_layout":"","footnotes":""},"categories":[241,199],"tags":[],"class_list":{"0":"post-15252","1":"post","2":"type-post","3":"status-publish","4":"format-standard","5":"has-post-thumbnail","7":"category-andalousie-m-z","8":"category-nerja-3","9":"entry"},"yoast_head":"<!-- This site is optimized with the Yoast SEO plugin v27.4 - https:\/\/yoast.com\/product\/yoast-seo-wordpress\/ -->\n<title>Nerja est-elle Sur\u00e9valu\u00e9e? - Mapping Spain<\/title>\n<meta name=\"description\" content=\"Nerja est-elle sur\u00e9valu\u00e9er? Il ne se passe pas une semaine sans que je re\u00e7oive un email de quelqu&#039;un qui envisage de s&#039;installer \u00e0 Nerja.\" \/>\n<meta name=\"robots\" content=\"index, follow, max-snippet:-1, max-image-preview:large, max-video-preview:-1\" \/>\n<link rel=\"canonical\" href=\"https:\/\/mappingspain.com\/fr\/nerja-est-elle-surevaluee\/\" \/>\n<meta property=\"og:locale\" content=\"fr_FR\" \/>\n<meta property=\"og:type\" content=\"article\" \/>\n<meta property=\"og:title\" content=\"Nerja est-elle Sur\u00e9valu\u00e9e? - Mapping Spain\" \/>\n<meta property=\"og:description\" content=\"Nerja est-elle sur\u00e9valu\u00e9er? Il ne se passe pas une semaine sans que je re\u00e7oive un email de quelqu&#039;un qui envisage de s&#039;installer \u00e0 Nerja.\" \/>\n<meta property=\"og:url\" content=\"https:\/\/mappingspain.com\/fr\/nerja-est-elle-surevaluee\/\" \/>\n<meta property=\"og:site_name\" content=\"Mapping Spain\" \/>\n<meta property=\"article:published_time\" content=\"2023-12-19T13:07:00+00:00\" \/>\n<meta property=\"article:modified_time\" content=\"2023-12-23T12:10:29+00:00\" \/>\n<meta property=\"og:image\" content=\"https:\/\/mappingspain.com\/wp-content\/uploads\/2023\/12\/Nerja-views.jpg\" \/>\n\t<meta property=\"og:image:width\" content=\"1200\" \/>\n\t<meta property=\"og:image:height\" content=\"800\" \/>\n\t<meta property=\"og:image:type\" content=\"image\/jpeg\" \/>\n<meta name=\"author\" content=\"Frank\" \/>\n<meta name=\"twitter:card\" content=\"summary_large_image\" \/>\n<meta name=\"twitter:label1\" content=\"\u00c9crit par\" \/>\n\t<meta name=\"twitter:data1\" content=\"Frank\" \/>\n\t<meta name=\"twitter:label2\" content=\"Dur\u00e9e de lecture estim\u00e9e\" \/>\n\t<meta name=\"twitter:data2\" content=\"14 minutes\" \/>\n<script type=\"application\/ld+json\" class=\"yoast-schema-graph\">{\"@context\":\"https:\\\/\\\/schema.org\",\"@graph\":[{\"@type\":\"Article\",\"@id\":\"https:\\\/\\\/mappingspain.com\\\/fr\\\/nerja-est-elle-surevaluee\\\/#article\",\"isPartOf\":{\"@id\":\"https:\\\/\\\/mappingspain.com\\\/fr\\\/nerja-est-elle-surevaluee\\\/\"},\"author\":{\"name\":\"Frank\",\"@id\":\"https:\\\/\\\/mappingspain.com\\\/fr\\\/#\\\/schema\\\/person\\\/1e3c8dae7a8d66a64591f1b41c8b1101\"},\"headline\":\"Nerja est-elle Sur\u00e9valu\u00e9e?\",\"datePublished\":\"2023-12-19T13:07:00+00:00\",\"dateModified\":\"2023-12-23T12:10:29+00:00\",\"mainEntityOfPage\":{\"@id\":\"https:\\\/\\\/mappingspain.com\\\/fr\\\/nerja-est-elle-surevaluee\\\/\"},\"wordCount\":2744,\"commentCount\":4,\"image\":{\"@id\":\"https:\\\/\\\/mappingspain.com\\\/fr\\\/nerja-est-elle-surevaluee\\\/#primaryimage\"},\"thumbnailUrl\":\"https:\\\/\\\/mappingspain.com\\\/wp-content\\\/uploads\\\/2023\\\/12\\\/Nerja-views.jpg\",\"articleSection\":[\"ANDALOUSIE (M-Z)\",\"Nerja\"],\"inLanguage\":\"fr-FR\",\"potentialAction\":[{\"@type\":\"CommentAction\",\"name\":\"Comment\",\"target\":[\"https:\\\/\\\/mappingspain.com\\\/fr\\\/nerja-est-elle-surevaluee\\\/#respond\"]}]},{\"@type\":\"WebPage\",\"@id\":\"https:\\\/\\\/mappingspain.com\\\/fr\\\/nerja-est-elle-surevaluee\\\/\",\"url\":\"https:\\\/\\\/mappingspain.com\\\/fr\\\/nerja-est-elle-surevaluee\\\/\",\"name\":\"Nerja est-elle Sur\u00e9valu\u00e9e? - Mapping Spain\",\"isPartOf\":{\"@id\":\"https:\\\/\\\/mappingspain.com\\\/fr\\\/#website\"},\"primaryImageOfPage\":{\"@id\":\"https:\\\/\\\/mappingspain.com\\\/fr\\\/nerja-est-elle-surevaluee\\\/#primaryimage\"},\"image\":{\"@id\":\"https:\\\/\\\/mappingspain.com\\\/fr\\\/nerja-est-elle-surevaluee\\\/#primaryimage\"},\"thumbnailUrl\":\"https:\\\/\\\/mappingspain.com\\\/wp-content\\\/uploads\\\/2023\\\/12\\\/Nerja-views.jpg\",\"datePublished\":\"2023-12-19T13:07:00+00:00\",\"dateModified\":\"2023-12-23T12:10:29+00:00\",\"author\":{\"@id\":\"https:\\\/\\\/mappingspain.com\\\/fr\\\/#\\\/schema\\\/person\\\/1e3c8dae7a8d66a64591f1b41c8b1101\"},\"description\":\"Nerja est-elle sur\u00e9valu\u00e9er? Il ne se passe pas une semaine sans que je re\u00e7oive un email de quelqu'un qui envisage de s'installer \u00e0 Nerja.\",\"breadcrumb\":{\"@id\":\"https:\\\/\\\/mappingspain.com\\\/fr\\\/nerja-est-elle-surevaluee\\\/#breadcrumb\"},\"inLanguage\":\"fr-FR\",\"potentialAction\":[{\"@type\":\"ReadAction\",\"target\":[\"https:\\\/\\\/mappingspain.com\\\/fr\\\/nerja-est-elle-surevaluee\\\/\"]}]},{\"@type\":\"ImageObject\",\"inLanguage\":\"fr-FR\",\"@id\":\"https:\\\/\\\/mappingspain.com\\\/fr\\\/nerja-est-elle-surevaluee\\\/#primaryimage\",\"url\":\"https:\\\/\\\/mappingspain.com\\\/wp-content\\\/uploads\\\/2023\\\/12\\\/Nerja-views.jpg\",\"contentUrl\":\"https:\\\/\\\/mappingspain.com\\\/wp-content\\\/uploads\\\/2023\\\/12\\\/Nerja-views.jpg\",\"width\":1200,\"height\":800},{\"@type\":\"BreadcrumbList\",\"@id\":\"https:\\\/\\\/mappingspain.com\\\/fr\\\/nerja-est-elle-surevaluee\\\/#breadcrumb\",\"itemListElement\":[{\"@type\":\"ListItem\",\"position\":1,\"name\":\"Home\",\"item\":\"https:\\\/\\\/mappingspain.com\\\/fr\\\/\"},{\"@type\":\"ListItem\",\"position\":2,\"name\":\"Nerja est-elle Sur\u00e9valu\u00e9e?\"}]},{\"@type\":\"WebSite\",\"@id\":\"https:\\\/\\\/mappingspain.com\\\/fr\\\/#website\",\"url\":\"https:\\\/\\\/mappingspain.com\\\/fr\\\/\",\"name\":\"Mapping Spain\",\"description\":\"Everything Spain!\",\"potentialAction\":[{\"@type\":\"SearchAction\",\"target\":{\"@type\":\"EntryPoint\",\"urlTemplate\":\"https:\\\/\\\/mappingspain.com\\\/fr\\\/?s={search_term_string}\"},\"query-input\":{\"@type\":\"PropertyValueSpecification\",\"valueRequired\":true,\"valueName\":\"search_term_string\"}}],\"inLanguage\":\"fr-FR\"},{\"@type\":\"Person\",\"@id\":\"https:\\\/\\\/mappingspain.com\\\/fr\\\/#\\\/schema\\\/person\\\/1e3c8dae7a8d66a64591f1b41c8b1101\",\"name\":\"Frank\",\"image\":{\"@type\":\"ImageObject\",\"inLanguage\":\"fr-FR\",\"@id\":\"https:\\\/\\\/secure.gravatar.com\\\/avatar\\\/a5454735bd4b74c9d0a1bf1f04caac3dbd7f217c7c7fa65d5b39d98bbeab8b4e?s=96&d=mm&r=g\",\"url\":\"https:\\\/\\\/secure.gravatar.com\\\/avatar\\\/a5454735bd4b74c9d0a1bf1f04caac3dbd7f217c7c7fa65d5b39d98bbeab8b4e?s=96&d=mm&r=g\",\"contentUrl\":\"https:\\\/\\\/secure.gravatar.com\\\/avatar\\\/a5454735bd4b74c9d0a1bf1f04caac3dbd7f217c7c7fa65d5b39d98bbeab8b4e?s=96&d=mm&r=g\",\"caption\":\"Frank\"}}]}<\/script>\n<!-- \/ Yoast SEO plugin. -->","yoast_head_json":{"title":"Nerja est-elle Sur\u00e9valu\u00e9e? - Mapping Spain","description":"Nerja est-elle sur\u00e9valu\u00e9er? Il ne se passe pas une semaine sans que je re\u00e7oive un email de quelqu'un qui envisage de s'installer \u00e0 Nerja.","robots":{"index":"index","follow":"follow","max-snippet":"max-snippet:-1","max-image-preview":"max-image-preview:large","max-video-preview":"max-video-preview:-1"},"canonical":"https:\/\/mappingspain.com\/fr\/nerja-est-elle-surevaluee\/","og_locale":"fr_FR","og_type":"article","og_title":"Nerja est-elle Sur\u00e9valu\u00e9e? - Mapping Spain","og_description":"Nerja est-elle sur\u00e9valu\u00e9er? Il ne se passe pas une semaine sans que je re\u00e7oive un email de quelqu'un qui envisage de s'installer \u00e0 Nerja.","og_url":"https:\/\/mappingspain.com\/fr\/nerja-est-elle-surevaluee\/","og_site_name":"Mapping Spain","article_published_time":"2023-12-19T13:07:00+00:00","article_modified_time":"2023-12-23T12:10:29+00:00","og_image":[{"width":1200,"height":800,"url":"https:\/\/mappingspain.com\/wp-content\/uploads\/2023\/12\/Nerja-views.jpg","type":"image\/jpeg"}],"author":"Frank","twitter_card":"summary_large_image","twitter_misc":{"\u00c9crit par":"Frank","Dur\u00e9e de lecture estim\u00e9e":"14 minutes"},"schema":{"@context":"https:\/\/schema.org","@graph":[{"@type":"Article","@id":"https:\/\/mappingspain.com\/fr\/nerja-est-elle-surevaluee\/#article","isPartOf":{"@id":"https:\/\/mappingspain.com\/fr\/nerja-est-elle-surevaluee\/"},"author":{"name":"Frank","@id":"https:\/\/mappingspain.com\/fr\/#\/schema\/person\/1e3c8dae7a8d66a64591f1b41c8b1101"},"headline":"Nerja est-elle Sur\u00e9valu\u00e9e?","datePublished":"2023-12-19T13:07:00+00:00","dateModified":"2023-12-23T12:10:29+00:00","mainEntityOfPage":{"@id":"https:\/\/mappingspain.com\/fr\/nerja-est-elle-surevaluee\/"},"wordCount":2744,"commentCount":4,"image":{"@id":"https:\/\/mappingspain.com\/fr\/nerja-est-elle-surevaluee\/#primaryimage"},"thumbnailUrl":"https:\/\/mappingspain.com\/wp-content\/uploads\/2023\/12\/Nerja-views.jpg","articleSection":["ANDALOUSIE (M-Z)","Nerja"],"inLanguage":"fr-FR","potentialAction":[{"@type":"CommentAction","name":"Comment","target":["https:\/\/mappingspain.com\/fr\/nerja-est-elle-surevaluee\/#respond"]}]},{"@type":"WebPage","@id":"https:\/\/mappingspain.com\/fr\/nerja-est-elle-surevaluee\/","url":"https:\/\/mappingspain.com\/fr\/nerja-est-elle-surevaluee\/","name":"Nerja est-elle Sur\u00e9valu\u00e9e? - Mapping Spain","isPartOf":{"@id":"https:\/\/mappingspain.com\/fr\/#website"},"primaryImageOfPage":{"@id":"https:\/\/mappingspain.com\/fr\/nerja-est-elle-surevaluee\/#primaryimage"},"image":{"@id":"https:\/\/mappingspain.com\/fr\/nerja-est-elle-surevaluee\/#primaryimage"},"thumbnailUrl":"https:\/\/mappingspain.com\/wp-content\/uploads\/2023\/12\/Nerja-views.jpg","datePublished":"2023-12-19T13:07:00+00:00","dateModified":"2023-12-23T12:10:29+00:00","author":{"@id":"https:\/\/mappingspain.com\/fr\/#\/schema\/person\/1e3c8dae7a8d66a64591f1b41c8b1101"},"description":"Nerja est-elle sur\u00e9valu\u00e9er? Il ne se passe pas une semaine sans que je re\u00e7oive un email de quelqu'un qui envisage de s'installer \u00e0 Nerja.","breadcrumb":{"@id":"https:\/\/mappingspain.com\/fr\/nerja-est-elle-surevaluee\/#breadcrumb"},"inLanguage":"fr-FR","potentialAction":[{"@type":"ReadAction","target":["https:\/\/mappingspain.com\/fr\/nerja-est-elle-surevaluee\/"]}]},{"@type":"ImageObject","inLanguage":"fr-FR","@id":"https:\/\/mappingspain.com\/fr\/nerja-est-elle-surevaluee\/#primaryimage","url":"https:\/\/mappingspain.com\/wp-content\/uploads\/2023\/12\/Nerja-views.jpg","contentUrl":"https:\/\/mappingspain.com\/wp-content\/uploads\/2023\/12\/Nerja-views.jpg","width":1200,"height":800},{"@type":"BreadcrumbList","@id":"https:\/\/mappingspain.com\/fr\/nerja-est-elle-surevaluee\/#breadcrumb","itemListElement":[{"@type":"ListItem","position":1,"name":"Home","item":"https:\/\/mappingspain.com\/fr\/"},{"@type":"ListItem","position":2,"name":"Nerja est-elle Sur\u00e9valu\u00e9e?"}]},{"@type":"WebSite","@id":"https:\/\/mappingspain.com\/fr\/#website","url":"https:\/\/mappingspain.com\/fr\/","name":"Mapping Spain","description":"Everything Spain!","potentialAction":[{"@type":"SearchAction","target":{"@type":"EntryPoint","urlTemplate":"https:\/\/mappingspain.com\/fr\/?s={search_term_string}"},"query-input":{"@type":"PropertyValueSpecification","valueRequired":true,"valueName":"search_term_string"}}],"inLanguage":"fr-FR"},{"@type":"Person","@id":"https:\/\/mappingspain.com\/fr\/#\/schema\/person\/1e3c8dae7a8d66a64591f1b41c8b1101","name":"Frank","image":{"@type":"ImageObject","inLanguage":"fr-FR","@id":"https:\/\/secure.gravatar.com\/avatar\/a5454735bd4b74c9d0a1bf1f04caac3dbd7f217c7c7fa65d5b39d98bbeab8b4e?s=96&d=mm&r=g","url":"https:\/\/secure.gravatar.com\/avatar\/a5454735bd4b74c9d0a1bf1f04caac3dbd7f217c7c7fa65d5b39d98bbeab8b4e?s=96&d=mm&r=g","contentUrl":"https:\/\/secure.gravatar.com\/avatar\/a5454735bd4b74c9d0a1bf1f04caac3dbd7f217c7c7fa65d5b39d98bbeab8b4e?s=96&d=mm&r=g","caption":"Frank"}}]}},"featured_image_src":"https:\/\/mappingspain.com\/wp-content\/uploads\/2023\/12\/Nerja-views-600x400.jpg","featured_image_src_square":"https:\/\/mappingspain.com\/wp-content\/uploads\/2023\/12\/Nerja-views-600x600.jpg","author_info":{"display_name":"Frank","author_link":"https:\/\/mappingspain.com\/fr\/author\/frank\/"},"_links":{"self":[{"href":"https:\/\/mappingspain.com\/fr\/wp-json\/wp\/v2\/posts\/15252","targetHints":{"allow":["GET"]}}],"collection":[{"href":"https:\/\/mappingspain.com\/fr\/wp-json\/wp\/v2\/posts"}],"about":[{"href":"https:\/\/mappingspain.com\/fr\/wp-json\/wp\/v2\/types\/post"}],"author":[{"embeddable":true,"href":"https:\/\/mappingspain.com\/fr\/wp-json\/wp\/v2\/users\/2"}],"replies":[{"embeddable":true,"href":"https:\/\/mappingspain.com\/fr\/wp-json\/wp\/v2\/comments?post=15252"}],"version-history":[{"count":8,"href":"https:\/\/mappingspain.com\/fr\/wp-json\/wp\/v2\/posts\/15252\/revisions"}],"predecessor-version":[{"id":15563,"href":"https:\/\/mappingspain.com\/fr\/wp-json\/wp\/v2\/posts\/15252\/revisions\/15563"}],"wp:featuredmedia":[{"embeddable":true,"href":"https:\/\/mappingspain.com\/fr\/wp-json\/wp\/v2\/media\/15179"}],"wp:attachment":[{"href":"https:\/\/mappingspain.com\/fr\/wp-json\/wp\/v2\/media?parent=15252"}],"wp:term":[{"taxonomy":"category","embeddable":true,"href":"https:\/\/mappingspain.com\/fr\/wp-json\/wp\/v2\/categories?post=15252"},{"taxonomy":"post_tag","embeddable":true,"href":"https:\/\/mappingspain.com\/fr\/wp-json\/wp\/v2\/tags?post=15252"}],"curies":[{"name":"wp","href":"https:\/\/api.w.org\/{rel}","templated":true}]}}