{"id":17015,"date":"2024-02-20T17:25:37","date_gmt":"2024-02-20T17:25:37","guid":{"rendered":"https:\/\/mappingspain.com\/?p=17015"},"modified":"2024-02-22T20:55:29","modified_gmt":"2024-02-22T20:55:29","slug":"comment-est-benalmadena","status":"publish","type":"post","link":"https:\/\/mappingspain.com\/fr\/comment-est-benalmadena\/","title":{"rendered":"Comment est Benalm\u00e1dena?"},"content":{"rendered":"\n<p><mark style=\"background-color:rgba(0, 0, 0, 0);color:#ffffff\" class=\"has-inline-color\">Comment est Benalm\u00e1dena?<\/mark><\/p>\n\n\n\n<p><strong>Nous avons pass\u00e9 5 jours \u00e0 Benalm\u00e1dena<\/strong>, l&rsquo;utilisant comme base pour explorer la r\u00e9gion (c&rsquo;est un endroit parfait pour explorer d&rsquo;autres villes comme Torremolinos, Fuengirola et Mijas).<\/p>\n\n\n\n<p>Alors, \u00e0 quoi ressemble Benalm\u00e1dena ? Est-ce que \u00e7a vaut le d\u00e9tour? \u00c0 quoi \u00e7a ressemble comme lieu de vie?<\/p>\n\n\n\n<p>Nos r\u00e9flexions honn\u00eates sur Benalm\u00e1dena ci-dessous.<\/p>\n\n\n\n<div style=\"height:30px\" aria-hidden=\"true\" class=\"wp-block-spacer\"><\/div>\n\n\n\n<figure class=\"wp-block-image size-large\"><img decoding=\"async\" width=\"1024\" height=\"541\" src=\"http:\/\/mappingspain.com\/wp-content\/uploads\/2024\/02\/Benalmadena-views-1024x541.jpg\" alt=\"\" class=\"wp-image-16949\" srcset=\"https:\/\/mappingspain.com\/wp-content\/uploads\/2024\/02\/Benalmadena-views-1024x541.jpg 1024w, https:\/\/mappingspain.com\/wp-content\/uploads\/2024\/02\/Benalmadena-views-300x159.jpg 300w, https:\/\/mappingspain.com\/wp-content\/uploads\/2024\/02\/Benalmadena-views-768x406.jpg 768w, https:\/\/mappingspain.com\/wp-content\/uploads\/2024\/02\/Benalmadena-views.jpg 1200w\" sizes=\"(max-width: 1024px) 100vw, 1024px\" \/><\/figure>\n\n\n\n<div style=\"height:61px\" aria-hidden=\"true\" class=\"wp-block-spacer\"><\/div>\n\n\n\n<h2 class=\"wp-block-heading\"><strong><span style=\"text-decoration: underline;\">Les deux c\u00f4t\u00e9s de Benalm\u00e1dena<\/span><\/strong><\/h2>\n\n\n\n<p>Premi\u00e8rement, Benalm\u00e1dena est divis\u00e9e en deux zones principales: <strong>Arroyo de la Miel<\/strong> et <strong>Benalmadena Pueblo<\/strong>.<\/p>\n\n\n\n<div style=\"height:29px\" aria-hidden=\"true\" class=\"wp-block-spacer\"><\/div>\n\n\n\n<h3 class=\"wp-block-heading\"><strong>Arroyo de la Miel<\/strong><\/h3>\n\n\n\n<p>Arroyo de la Miel est la partie c\u00f4ti\u00e8re de Benalm\u00e1dena et c&rsquo;est ce \u00e0 quoi la plupart des gens pensent quand on dit \u00ab Benalm\u00e1dena \u00bb. De nombreux expatri\u00e9s vivent au c\u0153ur d\u2019Arroyo de la Miel. Mais Arroyo de la Miel attire aussi beaucoup de touristes attir\u00e9s par les plages, la marina (\u00ab la meilleure marina du monde \u00bb selon les dirigeants de Benalm\u00e1dena) et certaines attractions familiales comme SEA LIFE, Selwo Marina et le t\u00e9l\u00e9ph\u00e9rique de Benalmadena (qui monte jusqu&rsquo;au sommet de la montagne Calamorro).<\/p>\n\n\n\n<div style=\"height:21px\" aria-hidden=\"true\" class=\"wp-block-spacer\"><\/div>\n\n\n\n<figure class=\"wp-block-image size-large\"><img decoding=\"async\" width=\"1024\" height=\"643\" src=\"http:\/\/mappingspain.com\/wp-content\/uploads\/2024\/02\/Benalmadena-7-1-1024x643.jpg\" alt=\"\" class=\"wp-image-16975\" srcset=\"https:\/\/mappingspain.com\/wp-content\/uploads\/2024\/02\/Benalmadena-7-1-1024x643.jpg 1024w, https:\/\/mappingspain.com\/wp-content\/uploads\/2024\/02\/Benalmadena-7-1-300x189.jpg 300w, https:\/\/mappingspain.com\/wp-content\/uploads\/2024\/02\/Benalmadena-7-1-768x483.jpg 768w, https:\/\/mappingspain.com\/wp-content\/uploads\/2024\/02\/Benalmadena-7-1.jpg 1200w\" sizes=\"(max-width: 1024px) 100vw, 1024px\" \/><\/figure>\n\n\n\n<div style=\"height:42px\" aria-hidden=\"true\" class=\"wp-block-spacer\"><\/div>\n\n\n\n<p>Arroyo de la Miel est en fait assez grand. <strong>Le centre<\/strong>, autour de la gare de Benalm\u00e1dena\/Arroyo de Miel, en constitue une petite partie. C&rsquo;est ce que j&rsquo;appelle \u00ab l&rsquo;ancien moderne \u00bb \u2013 construit dans un style andalou traditionnel mais \u00e0 une \u00e9poque r\u00e9cente (la jolie Plaza de Espa\u00f1a, par exemple, a \u00e9t\u00e9 construite en 1968). C&rsquo;est un quartier anim\u00e9 regorgeant de magasins traditionnels, de restaurants et de bars \u00e0 tapas. Autour du \u00ab c\u0153ur \u00bb du centre, vous trouverez des immeubles (comme celui dans lequel nous avons s\u00e9journ\u00e9 pendant notre s\u00e9jour) habit\u00e9s par un m\u00e9lange de personnes: espagnols, expatri\u00e9s, immigr\u00e9s.<\/p>\n\n\n\n<div style=\"height:23px\" aria-hidden=\"true\" class=\"wp-block-spacer\"><\/div>\n\n\n\n<figure class=\"wp-block-image size-large\"><img decoding=\"async\" width=\"1024\" height=\"683\" src=\"http:\/\/mappingspain.com\/wp-content\/uploads\/2024\/02\/Arroyo-de-la-Miel-4-1024x683.jpg\" alt=\"\" class=\"wp-image-16832\" srcset=\"https:\/\/mappingspain.com\/wp-content\/uploads\/2024\/02\/Arroyo-de-la-Miel-4-1024x683.jpg 1024w, https:\/\/mappingspain.com\/wp-content\/uploads\/2024\/02\/Arroyo-de-la-Miel-4-300x200.jpg 300w, https:\/\/mappingspain.com\/wp-content\/uploads\/2024\/02\/Arroyo-de-la-Miel-4-768x512.jpg 768w, https:\/\/mappingspain.com\/wp-content\/uploads\/2024\/02\/Arroyo-de-la-Miel-4-600x400.jpg 600w, https:\/\/mappingspain.com\/wp-content\/uploads\/2024\/02\/Arroyo-de-la-Miel-4.jpg 1200w\" sizes=\"(max-width: 1024px) 100vw, 1024px\" \/><\/figure>\n\n\n\n<figure class=\"wp-block-image size-large\"><img decoding=\"async\" width=\"1024\" height=\"654\" src=\"http:\/\/mappingspain.com\/wp-content\/uploads\/2024\/02\/Arroyo-de-la-Miel-1-1024x654.jpg\" alt=\"\" class=\"wp-image-16835\" srcset=\"https:\/\/mappingspain.com\/wp-content\/uploads\/2024\/02\/Arroyo-de-la-Miel-1-1024x654.jpg 1024w, https:\/\/mappingspain.com\/wp-content\/uploads\/2024\/02\/Arroyo-de-la-Miel-1-300x192.jpg 300w, https:\/\/mappingspain.com\/wp-content\/uploads\/2024\/02\/Arroyo-de-la-Miel-1-768x490.jpg 768w, https:\/\/mappingspain.com\/wp-content\/uploads\/2024\/02\/Arroyo-de-la-Miel-1.jpg 1200w\" sizes=\"(max-width: 1024px) 100vw, 1024px\" \/><\/figure>\n\n\n\n<figure class=\"wp-block-image size-large\"><img decoding=\"async\" width=\"1024\" height=\"683\" src=\"http:\/\/mappingspain.com\/wp-content\/uploads\/2024\/02\/Arroyo-de-la-Miel-2-1024x683.jpg\" alt=\"\" class=\"wp-image-16838\" srcset=\"https:\/\/mappingspain.com\/wp-content\/uploads\/2024\/02\/Arroyo-de-la-Miel-2-1024x683.jpg 1024w, https:\/\/mappingspain.com\/wp-content\/uploads\/2024\/02\/Arroyo-de-la-Miel-2-300x200.jpg 300w, https:\/\/mappingspain.com\/wp-content\/uploads\/2024\/02\/Arroyo-de-la-Miel-2-768x512.jpg 768w, https:\/\/mappingspain.com\/wp-content\/uploads\/2024\/02\/Arroyo-de-la-Miel-2-600x400.jpg 600w, https:\/\/mappingspain.com\/wp-content\/uploads\/2024\/02\/Arroyo-de-la-Miel-2.jpg 1200w\" sizes=\"(max-width: 1024px) 100vw, 1024px\" \/><\/figure>\n\n\n\n<figure class=\"wp-block-image size-large\"><img decoding=\"async\" width=\"1024\" height=\"617\" src=\"http:\/\/mappingspain.com\/wp-content\/uploads\/2024\/02\/Arroyo-de-la-Miel-1024x617.jpg\" alt=\"\" class=\"wp-image-16841\" srcset=\"https:\/\/mappingspain.com\/wp-content\/uploads\/2024\/02\/Arroyo-de-la-Miel-1024x617.jpg 1024w, https:\/\/mappingspain.com\/wp-content\/uploads\/2024\/02\/Arroyo-de-la-Miel-300x181.jpg 300w, https:\/\/mappingspain.com\/wp-content\/uploads\/2024\/02\/Arroyo-de-la-Miel-768x463.jpg 768w, https:\/\/mappingspain.com\/wp-content\/uploads\/2024\/02\/Arroyo-de-la-Miel.jpg 1200w\" sizes=\"(max-width: 1024px) 100vw, 1024px\" \/><\/figure>\n\n\n<hr>\n<div class=\"content_hint\">&nbsp;<\/div>\n<hr>\n\n\n<div style=\"height:40px\" aria-hidden=\"true\" class=\"wp-block-spacer\"><\/div>\n\n\n\n<p>En bas de la colline du centre se trouve un magnifique parc, le <strong>Parque de la Paloma<\/strong>. Un magnifique parc avec un jardin botanique, une biblioth\u00e8que publique, un lac et plusieurs caf\u00e9s. C\u2019est vraiment l\u2019un des plus beaux parcs que nous ayons vus sur la Costa del Sol.<\/p>\n\n\n\n<div style=\"height:20px\" aria-hidden=\"true\" class=\"wp-block-spacer\"><\/div>\n\n\n\n<figure class=\"wp-block-image size-large\"><img decoding=\"async\" width=\"1024\" height=\"683\" src=\"http:\/\/mappingspain.com\/wp-content\/uploads\/2024\/02\/Parque-de-la-Paloma-1-1024x683.jpg\" alt=\"\" class=\"wp-image-16844\" srcset=\"https:\/\/mappingspain.com\/wp-content\/uploads\/2024\/02\/Parque-de-la-Paloma-1-1024x683.jpg 1024w, https:\/\/mappingspain.com\/wp-content\/uploads\/2024\/02\/Parque-de-la-Paloma-1-300x200.jpg 300w, https:\/\/mappingspain.com\/wp-content\/uploads\/2024\/02\/Parque-de-la-Paloma-1-768x512.jpg 768w, https:\/\/mappingspain.com\/wp-content\/uploads\/2024\/02\/Parque-de-la-Paloma-1-600x400.jpg 600w, https:\/\/mappingspain.com\/wp-content\/uploads\/2024\/02\/Parque-de-la-Paloma-1.jpg 1200w\" sizes=\"(max-width: 1024px) 100vw, 1024px\" \/><\/figure>\n\n\n\n<figure class=\"wp-block-image size-large\"><img decoding=\"async\" width=\"1024\" height=\"671\" src=\"http:\/\/mappingspain.com\/wp-content\/uploads\/2024\/02\/Parque-de-la-Paloma-2-1024x671.jpg\" alt=\"\" class=\"wp-image-16847\" srcset=\"https:\/\/mappingspain.com\/wp-content\/uploads\/2024\/02\/Parque-de-la-Paloma-2-1024x671.jpg 1024w, https:\/\/mappingspain.com\/wp-content\/uploads\/2024\/02\/Parque-de-la-Paloma-2-300x197.jpg 300w, https:\/\/mappingspain.com\/wp-content\/uploads\/2024\/02\/Parque-de-la-Paloma-2-768x503.jpg 768w, https:\/\/mappingspain.com\/wp-content\/uploads\/2024\/02\/Parque-de-la-Paloma-2.jpg 1200w\" sizes=\"(max-width: 1024px) 100vw, 1024px\" \/><\/figure>\n\n\n\n<figure class=\"wp-block-image size-large\"><img decoding=\"async\" width=\"1024\" height=\"683\" src=\"http:\/\/mappingspain.com\/wp-content\/uploads\/2024\/02\/Parque-de-la-Paloma-3-1024x683.jpg\" alt=\"\" class=\"wp-image-16850\" srcset=\"https:\/\/mappingspain.com\/wp-content\/uploads\/2024\/02\/Parque-de-la-Paloma-3-1024x683.jpg 1024w, https:\/\/mappingspain.com\/wp-content\/uploads\/2024\/02\/Parque-de-la-Paloma-3-300x200.jpg 300w, https:\/\/mappingspain.com\/wp-content\/uploads\/2024\/02\/Parque-de-la-Paloma-3-768x512.jpg 768w, https:\/\/mappingspain.com\/wp-content\/uploads\/2024\/02\/Parque-de-la-Paloma-3-600x400.jpg 600w, https:\/\/mappingspain.com\/wp-content\/uploads\/2024\/02\/Parque-de-la-Paloma-3.jpg 1200w\" sizes=\"(max-width: 1024px) 100vw, 1024px\" \/><\/figure>\n\n\n\n<figure class=\"wp-block-image size-large\"><img decoding=\"async\" width=\"1024\" height=\"683\" src=\"http:\/\/mappingspain.com\/wp-content\/uploads\/2024\/02\/Parque-de-la-Paloma-4-1024x683.jpg\" alt=\"\" class=\"wp-image-16853\" srcset=\"https:\/\/mappingspain.com\/wp-content\/uploads\/2024\/02\/Parque-de-la-Paloma-4-1024x683.jpg 1024w, https:\/\/mappingspain.com\/wp-content\/uploads\/2024\/02\/Parque-de-la-Paloma-4-300x200.jpg 300w, https:\/\/mappingspain.com\/wp-content\/uploads\/2024\/02\/Parque-de-la-Paloma-4-768x512.jpg 768w, https:\/\/mappingspain.com\/wp-content\/uploads\/2024\/02\/Parque-de-la-Paloma-4-600x400.jpg 600w, https:\/\/mappingspain.com\/wp-content\/uploads\/2024\/02\/Parque-de-la-Paloma-4.jpg 1200w\" sizes=\"(max-width: 1024px) 100vw, 1024px\" \/><\/figure>\n\n\n\n<figure class=\"wp-block-image size-large\"><img decoding=\"async\" width=\"1024\" height=\"683\" src=\"http:\/\/mappingspain.com\/wp-content\/uploads\/2024\/02\/Parque-de-la-Paloma-5-1024x683.jpg\" alt=\"\" class=\"wp-image-16856\" srcset=\"https:\/\/mappingspain.com\/wp-content\/uploads\/2024\/02\/Parque-de-la-Paloma-5-1024x683.jpg 1024w, https:\/\/mappingspain.com\/wp-content\/uploads\/2024\/02\/Parque-de-la-Paloma-5-300x200.jpg 300w, https:\/\/mappingspain.com\/wp-content\/uploads\/2024\/02\/Parque-de-la-Paloma-5-768x512.jpg 768w, https:\/\/mappingspain.com\/wp-content\/uploads\/2024\/02\/Parque-de-la-Paloma-5-600x400.jpg 600w, https:\/\/mappingspain.com\/wp-content\/uploads\/2024\/02\/Parque-de-la-Paloma-5.jpg 1200w\" sizes=\"(max-width: 1024px) 100vw, 1024px\" \/><\/figure>\n\n\n\n<figure class=\"wp-block-image size-large\"><img decoding=\"async\" width=\"1024\" height=\"637\" src=\"http:\/\/mappingspain.com\/wp-content\/uploads\/2024\/02\/Parque-de-la-Paloma-6-1024x637.jpg\" alt=\"\" class=\"wp-image-16859\" srcset=\"https:\/\/mappingspain.com\/wp-content\/uploads\/2024\/02\/Parque-de-la-Paloma-6-1024x637.jpg 1024w, https:\/\/mappingspain.com\/wp-content\/uploads\/2024\/02\/Parque-de-la-Paloma-6-300x187.jpg 300w, https:\/\/mappingspain.com\/wp-content\/uploads\/2024\/02\/Parque-de-la-Paloma-6-768x477.jpg 768w, https:\/\/mappingspain.com\/wp-content\/uploads\/2024\/02\/Parque-de-la-Paloma-6.jpg 1200w\" sizes=\"(max-width: 1024px) 100vw, 1024px\" \/><\/figure>\n\n\n\n<div style=\"height:42px\" aria-hidden=\"true\" class=\"wp-block-spacer\"><\/div>\n\n\n\n<p>En continuant plus bas depuis le parc, vous arrivez \u00e0 la promenade du bord de mer et aux plages. Vous verrez le <span style=\"text-decoration: underline;\">ch\u00e2teau de Bil Bil<\/span> (construit en 1927) qui abrite l&rsquo;office de tourisme de Benalm\u00e1dena. \u00c0 quelques pas, la promenade descend jusqu&rsquo;\u00e0 la plage, ce qui en fait un quartier populaire pour se promener, faire du jogging et prendre un verre dans un bar en bord de mer. Ce tron\u00e7on est cependant beaucoup plus calme que <a href=\"https:\/\/mappingspain.com\/fr\/impressions-de-torremolinos\/\" target=\"_blank\" rel=\"noreferrer noopener\">la promenade du bord de mer de Torremolinos<\/a>, son activit\u00e9 n\u2019est tout simplement pas comparable.<\/p>\n\n\n\n<div style=\"height:20px\" aria-hidden=\"true\" class=\"wp-block-spacer\"><\/div>\n\n\n\n<figure class=\"wp-block-image size-large\"><img decoding=\"async\" width=\"1024\" height=\"637\" src=\"http:\/\/mappingspain.com\/wp-content\/uploads\/2024\/02\/Benalmadena-coast-1-1024x637.jpg\" alt=\"\" class=\"wp-image-16862\" srcset=\"https:\/\/mappingspain.com\/wp-content\/uploads\/2024\/02\/Benalmadena-coast-1-1024x637.jpg 1024w, https:\/\/mappingspain.com\/wp-content\/uploads\/2024\/02\/Benalmadena-coast-1-300x187.jpg 300w, https:\/\/mappingspain.com\/wp-content\/uploads\/2024\/02\/Benalmadena-coast-1-768x477.jpg 768w, https:\/\/mappingspain.com\/wp-content\/uploads\/2024\/02\/Benalmadena-coast-1.jpg 1200w\" sizes=\"(max-width: 1024px) 100vw, 1024px\" \/><\/figure>\n\n\n\n<figure class=\"wp-block-image size-large\"><img decoding=\"async\" width=\"1024\" height=\"621\" src=\"http:\/\/mappingspain.com\/wp-content\/uploads\/2024\/02\/Benalmadena-Bil-Bil-1-1024x621.jpg\" alt=\"\" class=\"wp-image-16868\" srcset=\"https:\/\/mappingspain.com\/wp-content\/uploads\/2024\/02\/Benalmadena-Bil-Bil-1-1024x621.jpg 1024w, https:\/\/mappingspain.com\/wp-content\/uploads\/2024\/02\/Benalmadena-Bil-Bil-1-300x182.jpg 300w, https:\/\/mappingspain.com\/wp-content\/uploads\/2024\/02\/Benalmadena-Bil-Bil-1-768x466.jpg 768w, https:\/\/mappingspain.com\/wp-content\/uploads\/2024\/02\/Benalmadena-Bil-Bil-1.jpg 1200w\" sizes=\"(max-width: 1024px) 100vw, 1024px\" \/><\/figure>\n\n\n\n<figure class=\"wp-block-image size-large\"><img decoding=\"async\" width=\"1024\" height=\"683\" src=\"http:\/\/mappingspain.com\/wp-content\/uploads\/2024\/02\/Benalmadena-Bil-Bil-2-1024x683.jpg\" alt=\"\" class=\"wp-image-16865\" srcset=\"https:\/\/mappingspain.com\/wp-content\/uploads\/2024\/02\/Benalmadena-Bil-Bil-2-1024x683.jpg 1024w, https:\/\/mappingspain.com\/wp-content\/uploads\/2024\/02\/Benalmadena-Bil-Bil-2-300x200.jpg 300w, https:\/\/mappingspain.com\/wp-content\/uploads\/2024\/02\/Benalmadena-Bil-Bil-2-768x512.jpg 768w, https:\/\/mappingspain.com\/wp-content\/uploads\/2024\/02\/Benalmadena-Bil-Bil-2-600x400.jpg 600w, https:\/\/mappingspain.com\/wp-content\/uploads\/2024\/02\/Benalmadena-Bil-Bil-2.jpg 1200w\" sizes=\"(max-width: 1024px) 100vw, 1024px\" \/><\/figure>\n\n\n\n<figure class=\"wp-block-image size-large\"><img decoding=\"async\" width=\"1024\" height=\"659\" src=\"http:\/\/mappingspain.com\/wp-content\/uploads\/2024\/02\/Benalmadena-Bil-Bil-3-1024x659.jpg\" alt=\"\" class=\"wp-image-16871\" srcset=\"https:\/\/mappingspain.com\/wp-content\/uploads\/2024\/02\/Benalmadena-Bil-Bil-3-1024x659.jpg 1024w, https:\/\/mappingspain.com\/wp-content\/uploads\/2024\/02\/Benalmadena-Bil-Bil-3-300x193.jpg 300w, https:\/\/mappingspain.com\/wp-content\/uploads\/2024\/02\/Benalmadena-Bil-Bil-3-768x494.jpg 768w, https:\/\/mappingspain.com\/wp-content\/uploads\/2024\/02\/Benalmadena-Bil-Bil-3.jpg 1200w\" sizes=\"(max-width: 1024px) 100vw, 1024px\" \/><\/figure>\n\n\n<hr>\n<div class=\"content_hint\">&nbsp;<\/div>\n<hr>\n\n\n<figure class=\"wp-block-image size-large\"><img decoding=\"async\" width=\"1024\" height=\"683\" src=\"http:\/\/mappingspain.com\/wp-content\/uploads\/2024\/02\/Benalmadena-2-1024x683.jpg\" alt=\"\" class=\"wp-image-16874\" srcset=\"https:\/\/mappingspain.com\/wp-content\/uploads\/2024\/02\/Benalmadena-2-1024x683.jpg 1024w, https:\/\/mappingspain.com\/wp-content\/uploads\/2024\/02\/Benalmadena-2-300x200.jpg 300w, https:\/\/mappingspain.com\/wp-content\/uploads\/2024\/02\/Benalmadena-2-768x512.jpg 768w, https:\/\/mappingspain.com\/wp-content\/uploads\/2024\/02\/Benalmadena-2-600x400.jpg 600w, https:\/\/mappingspain.com\/wp-content\/uploads\/2024\/02\/Benalmadena-2.jpg 1200w\" sizes=\"(max-width: 1024px) 100vw, 1024px\" \/><\/figure>\n\n\n\n<figure class=\"wp-block-image size-large\"><img decoding=\"async\" width=\"1024\" height=\"683\" src=\"http:\/\/mappingspain.com\/wp-content\/uploads\/2024\/02\/Benalmadena-3-1024x683.jpg\" alt=\"\" class=\"wp-image-16877\" srcset=\"https:\/\/mappingspain.com\/wp-content\/uploads\/2024\/02\/Benalmadena-3-1024x683.jpg 1024w, https:\/\/mappingspain.com\/wp-content\/uploads\/2024\/02\/Benalmadena-3-300x200.jpg 300w, https:\/\/mappingspain.com\/wp-content\/uploads\/2024\/02\/Benalmadena-3-768x512.jpg 768w, https:\/\/mappingspain.com\/wp-content\/uploads\/2024\/02\/Benalmadena-3-600x400.jpg 600w, https:\/\/mappingspain.com\/wp-content\/uploads\/2024\/02\/Benalmadena-3.jpg 1200w\" sizes=\"(max-width: 1024px) 100vw, 1024px\" \/><\/figure>\n\n\n\n<figure class=\"wp-block-image size-large\"><img decoding=\"async\" width=\"1024\" height=\"631\" src=\"http:\/\/mappingspain.com\/wp-content\/uploads\/2024\/02\/Benalmadena-4-1024x631.jpg\" alt=\"\" class=\"wp-image-16880\" srcset=\"https:\/\/mappingspain.com\/wp-content\/uploads\/2024\/02\/Benalmadena-4-1024x631.jpg 1024w, https:\/\/mappingspain.com\/wp-content\/uploads\/2024\/02\/Benalmadena-4-300x185.jpg 300w, https:\/\/mappingspain.com\/wp-content\/uploads\/2024\/02\/Benalmadena-4-768x474.jpg 768w, https:\/\/mappingspain.com\/wp-content\/uploads\/2024\/02\/Benalmadena-4.jpg 1200w\" sizes=\"(max-width: 1024px) 100vw, 1024px\" \/><\/figure>\n\n\n\n<figure class=\"wp-block-image size-large\"><img decoding=\"async\" width=\"1024\" height=\"645\" src=\"http:\/\/mappingspain.com\/wp-content\/uploads\/2024\/02\/Benalmadena-1-1024x645.jpg\" alt=\"\" class=\"wp-image-16883\" srcset=\"https:\/\/mappingspain.com\/wp-content\/uploads\/2024\/02\/Benalmadena-1-1024x645.jpg 1024w, https:\/\/mappingspain.com\/wp-content\/uploads\/2024\/02\/Benalmadena-1-300x189.jpg 300w, https:\/\/mappingspain.com\/wp-content\/uploads\/2024\/02\/Benalmadena-1-768x484.jpg 768w, https:\/\/mappingspain.com\/wp-content\/uploads\/2024\/02\/Benalmadena-1.jpg 1200w\" sizes=\"(max-width: 1024px) 100vw, 1024px\" \/><\/figure>\n\n\n\n<figure class=\"wp-block-image size-large\"><img decoding=\"async\" width=\"1024\" height=\"683\" src=\"http:\/\/mappingspain.com\/wp-content\/uploads\/2024\/02\/Benalmadena-6-1024x683.jpg\" alt=\"\" class=\"wp-image-16886\" srcset=\"https:\/\/mappingspain.com\/wp-content\/uploads\/2024\/02\/Benalmadena-6-1024x683.jpg 1024w, https:\/\/mappingspain.com\/wp-content\/uploads\/2024\/02\/Benalmadena-6-300x200.jpg 300w, https:\/\/mappingspain.com\/wp-content\/uploads\/2024\/02\/Benalmadena-6-768x512.jpg 768w, https:\/\/mappingspain.com\/wp-content\/uploads\/2024\/02\/Benalmadena-6-600x400.jpg 600w, https:\/\/mappingspain.com\/wp-content\/uploads\/2024\/02\/Benalmadena-6.jpg 1200w\" sizes=\"(max-width: 1024px) 100vw, 1024px\" \/><\/figure>\n\n\n\n<figure class=\"wp-block-image size-large\"><img decoding=\"async\" width=\"1024\" height=\"646\" src=\"http:\/\/mappingspain.com\/wp-content\/uploads\/2024\/02\/Benalmadena-7-1024x646.jpg\" alt=\"\" class=\"wp-image-16892\" srcset=\"https:\/\/mappingspain.com\/wp-content\/uploads\/2024\/02\/Benalmadena-7-1024x646.jpg 1024w, https:\/\/mappingspain.com\/wp-content\/uploads\/2024\/02\/Benalmadena-7-300x189.jpg 300w, https:\/\/mappingspain.com\/wp-content\/uploads\/2024\/02\/Benalmadena-7-768x484.jpg 768w, https:\/\/mappingspain.com\/wp-content\/uploads\/2024\/02\/Benalmadena-7.jpg 1200w\" sizes=\"(max-width: 1024px) 100vw, 1024px\" \/><\/figure>\n\n\n\n<figure class=\"wp-block-image size-large\"><img decoding=\"async\" width=\"1024\" height=\"596\" src=\"http:\/\/mappingspain.com\/wp-content\/uploads\/2024\/02\/Benalmadena-8-1024x596.jpg\" alt=\"\" class=\"wp-image-16895\" srcset=\"https:\/\/mappingspain.com\/wp-content\/uploads\/2024\/02\/Benalmadena-8-1024x596.jpg 1024w, https:\/\/mappingspain.com\/wp-content\/uploads\/2024\/02\/Benalmadena-8-300x175.jpg 300w, https:\/\/mappingspain.com\/wp-content\/uploads\/2024\/02\/Benalmadena-8-768x447.jpg 768w, https:\/\/mappingspain.com\/wp-content\/uploads\/2024\/02\/Benalmadena-8.jpg 1200w\" sizes=\"(max-width: 1024px) 100vw, 1024px\" \/><\/figure>\n\n\n<hr>\n<div class=\"content_hint\">&nbsp;<\/div>\n<hr>\n\n\n<div style=\"height:66px\" aria-hidden=\"true\" class=\"wp-block-spacer\"><\/div>\n\n\n\n<p>En dehors de cette partie de la promenade, je n\u2019ai en r\u00e9alit\u00e9 pas \u00e9t\u00e9 impressionn\u00e9 par le littoral de Benalm\u00e1dena. La majeure partie de la promenade \u00e0 l\u2019ouest de ce que je d\u00e9cris ci-dessus longe une route tr\u00e8s fr\u00e9quent\u00e9e. La route est \u00e9clips\u00e9e par des immeubles d\u2019habitation et des h\u00f4tels g\u00e9ants. Cela n&rsquo;a pas beaucoup de charme.<\/p>\n\n\n\n<div style=\"height:21px\" aria-hidden=\"true\" class=\"wp-block-spacer\"><\/div>\n\n\n\n<figure class=\"wp-block-image size-large\"><img decoding=\"async\" width=\"1024\" height=\"638\" src=\"http:\/\/mappingspain.com\/wp-content\/uploads\/2024\/02\/Benalmadena-coast-1024x638.jpg\" alt=\"\" class=\"wp-image-16898\" srcset=\"https:\/\/mappingspain.com\/wp-content\/uploads\/2024\/02\/Benalmadena-coast-1024x638.jpg 1024w, https:\/\/mappingspain.com\/wp-content\/uploads\/2024\/02\/Benalmadena-coast-300x187.jpg 300w, https:\/\/mappingspain.com\/wp-content\/uploads\/2024\/02\/Benalmadena-coast-768x479.jpg 768w, https:\/\/mappingspain.com\/wp-content\/uploads\/2024\/02\/Benalmadena-coast.jpg 1200w\" sizes=\"(max-width: 1024px) 100vw, 1024px\" \/><\/figure>\n\n\n\n<figure class=\"wp-block-image size-large\"><img decoding=\"async\" width=\"1024\" height=\"683\" src=\"http:\/\/mappingspain.com\/wp-content\/uploads\/2024\/02\/Benalmadena-1024x683.jpg\" alt=\"\" class=\"wp-image-16901\" srcset=\"https:\/\/mappingspain.com\/wp-content\/uploads\/2024\/02\/Benalmadena-1024x683.jpg 1024w, https:\/\/mappingspain.com\/wp-content\/uploads\/2024\/02\/Benalmadena-300x200.jpg 300w, https:\/\/mappingspain.com\/wp-content\/uploads\/2024\/02\/Benalmadena-768x512.jpg 768w, https:\/\/mappingspain.com\/wp-content\/uploads\/2024\/02\/Benalmadena-600x400.jpg 600w, https:\/\/mappingspain.com\/wp-content\/uploads\/2024\/02\/Benalmadena.jpg 1200w\" sizes=\"(max-width: 1024px) 100vw, 1024px\" \/><\/figure>\n\n\n\n<div style=\"height:39px\" aria-hidden=\"true\" class=\"wp-block-spacer\"><\/div>\n\n\n\n<p>Si cela ne suffit pas, la marina, \u00ab la meilleure marina du monde \u00bb, doit \u00eatre l\u2019une des choses les plus ringardes que j\u2019ai jamais vues. Plein de restaurants, de magasins haut de gamme, de vendeurs ambulants proposant des excursions en bateau (et abritant l&rsquo;aquarium SEA LIFE), il a une apparence digne du Taj Mahal avec ses arches, ses balcons et ses tourelles.<\/p>\n\n\n\n<div style=\"height:20px\" aria-hidden=\"true\" class=\"wp-block-spacer\"><\/div>\n\n\n\n<figure class=\"wp-block-image size-large\"><img decoding=\"async\" width=\"1024\" height=\"683\" src=\"http:\/\/mappingspain.com\/wp-content\/uploads\/2024\/02\/Benalmadena-Marina-1024x683.jpg\" alt=\"\" class=\"wp-image-16904\" srcset=\"https:\/\/mappingspain.com\/wp-content\/uploads\/2024\/02\/Benalmadena-Marina-1024x683.jpg 1024w, https:\/\/mappingspain.com\/wp-content\/uploads\/2024\/02\/Benalmadena-Marina-300x200.jpg 300w, https:\/\/mappingspain.com\/wp-content\/uploads\/2024\/02\/Benalmadena-Marina-768x512.jpg 768w, https:\/\/mappingspain.com\/wp-content\/uploads\/2024\/02\/Benalmadena-Marina-600x400.jpg 600w, https:\/\/mappingspain.com\/wp-content\/uploads\/2024\/02\/Benalmadena-Marina.jpg 1200w\" sizes=\"(max-width: 1024px) 100vw, 1024px\" \/><\/figure>\n\n\n\n<figure class=\"wp-block-image size-large\"><img decoding=\"async\" width=\"1024\" height=\"645\" src=\"http:\/\/mappingspain.com\/wp-content\/uploads\/2024\/02\/Marina-Benalmadena-1-1024x645.jpg\" alt=\"\" class=\"wp-image-16978\" srcset=\"https:\/\/mappingspain.com\/wp-content\/uploads\/2024\/02\/Marina-Benalmadena-1-1024x645.jpg 1024w, https:\/\/mappingspain.com\/wp-content\/uploads\/2024\/02\/Marina-Benalmadena-1-300x189.jpg 300w, https:\/\/mappingspain.com\/wp-content\/uploads\/2024\/02\/Marina-Benalmadena-1-768x484.jpg 768w, https:\/\/mappingspain.com\/wp-content\/uploads\/2024\/02\/Marina-Benalmadena-1.jpg 1200w\" sizes=\"(max-width: 1024px) 100vw, 1024px\" \/><\/figure>\n\n\n\n<figure class=\"wp-block-image size-large\"><img decoding=\"async\" width=\"1024\" height=\"620\" src=\"http:\/\/mappingspain.com\/wp-content\/uploads\/2024\/02\/Marina-Benalmadena-2-1024x620.jpg\" alt=\"\" class=\"wp-image-16981\" srcset=\"https:\/\/mappingspain.com\/wp-content\/uploads\/2024\/02\/Marina-Benalmadena-2-1024x620.jpg 1024w, https:\/\/mappingspain.com\/wp-content\/uploads\/2024\/02\/Marina-Benalmadena-2-300x182.jpg 300w, https:\/\/mappingspain.com\/wp-content\/uploads\/2024\/02\/Marina-Benalmadena-2-768x465.jpg 768w, https:\/\/mappingspain.com\/wp-content\/uploads\/2024\/02\/Marina-Benalmadena-2.jpg 1200w\" sizes=\"(max-width: 1024px) 100vw, 1024px\" \/><\/figure>\n\n\n<hr>\n<div class=\"content_hint\">&nbsp;<\/div>\n<hr>\n\n\n<div style=\"height:100px\" aria-hidden=\"true\" class=\"wp-block-spacer\"><\/div>\n\n\n\n<h3 class=\"wp-block-heading\"><strong>Benalm\u00e1dena Pueblo<\/strong><\/h3>\n\n\n\n<p>Benalm\u00e1dena Pueblo se trouve dans les montagnes plus \u00e0 l&rsquo;int\u00e9rieur des terres (\u00e0 environ 10 km, soit 20 minutes en bus). Il s&rsquo;agit du vieux centre historique de Benalm\u00e1dena et vous y trouverez une jolie (mais petite) vieille ville, de superbes vues sur la c\u00f4te et quelques sites touristiques int\u00e9ressants, le Castillo de Colomares \u00e9tant le plus int\u00e9ressant d&rsquo;entre eux.<\/p>\n\n\n\n<div style=\"height:16px\" aria-hidden=\"true\" class=\"wp-block-spacer\"><\/div>\n\n\n\n<figure class=\"wp-block-image size-large\"><img decoding=\"async\" width=\"1024\" height=\"683\" src=\"http:\/\/mappingspain.com\/wp-content\/uploads\/2024\/02\/Benalmadena-Pueblo-1-1024x683.jpg\" alt=\"\" class=\"wp-image-16907\" srcset=\"https:\/\/mappingspain.com\/wp-content\/uploads\/2024\/02\/Benalmadena-Pueblo-1-1024x683.jpg 1024w, https:\/\/mappingspain.com\/wp-content\/uploads\/2024\/02\/Benalmadena-Pueblo-1-300x200.jpg 300w, https:\/\/mappingspain.com\/wp-content\/uploads\/2024\/02\/Benalmadena-Pueblo-1-768x512.jpg 768w, https:\/\/mappingspain.com\/wp-content\/uploads\/2024\/02\/Benalmadena-Pueblo-1-600x400.jpg 600w, https:\/\/mappingspain.com\/wp-content\/uploads\/2024\/02\/Benalmadena-Pueblo-1.jpg 1200w\" sizes=\"(max-width: 1024px) 100vw, 1024px\" \/><\/figure>\n\n\n\n<figure class=\"wp-block-image size-large\"><img decoding=\"async\" width=\"1024\" height=\"623\" src=\"http:\/\/mappingspain.com\/wp-content\/uploads\/2024\/02\/Benalmadena-6-1-1024x623.jpg\" alt=\"\" class=\"wp-image-16984\" srcset=\"https:\/\/mappingspain.com\/wp-content\/uploads\/2024\/02\/Benalmadena-6-1-1024x623.jpg 1024w, https:\/\/mappingspain.com\/wp-content\/uploads\/2024\/02\/Benalmadena-6-1-300x183.jpg 300w, https:\/\/mappingspain.com\/wp-content\/uploads\/2024\/02\/Benalmadena-6-1-768x467.jpg 768w, https:\/\/mappingspain.com\/wp-content\/uploads\/2024\/02\/Benalmadena-6-1.jpg 1200w\" sizes=\"(max-width: 1024px) 100vw, 1024px\" \/><\/figure>\n\n\n\n<figure class=\"wp-block-image size-large\"><img decoding=\"async\" width=\"1024\" height=\"683\" src=\"http:\/\/mappingspain.com\/wp-content\/uploads\/2024\/02\/Benalmadena-Pueblo-1024x683.jpg\" alt=\"\" class=\"wp-image-16913\" srcset=\"https:\/\/mappingspain.com\/wp-content\/uploads\/2024\/02\/Benalmadena-Pueblo-1024x683.jpg 1024w, https:\/\/mappingspain.com\/wp-content\/uploads\/2024\/02\/Benalmadena-Pueblo-300x200.jpg 300w, https:\/\/mappingspain.com\/wp-content\/uploads\/2024\/02\/Benalmadena-Pueblo-768x512.jpg 768w, https:\/\/mappingspain.com\/wp-content\/uploads\/2024\/02\/Benalmadena-Pueblo-600x400.jpg 600w, https:\/\/mappingspain.com\/wp-content\/uploads\/2024\/02\/Benalmadena-Pueblo.jpg 1200w\" sizes=\"(max-width: 1024px) 100vw, 1024px\" \/><\/figure>\n\n\n\n<div style=\"height:76px\" aria-hidden=\"true\" class=\"wp-block-spacer\"><\/div>\n\n\n\n<p>Le point culminant pour nous a \u00e9t\u00e9 une promenade \u00e0 travers la ville, en passant par la <span style=\"text-decoration: underline;\">Plaza de Espa\u00f1a<\/span> et en continuant vers <span style=\"text-decoration: underline;\">Jardines del Muro<\/span>. Vous y trouverez un escarpement sur\u00e9lev\u00e9 avec des jardins, une \u00e9glise et une vue fantastique sur la c\u00f4te au loin (vous verrez \u00e9galement le ch\u00e2teau de Colomares en contrebas. Vous pouvez prendre l&rsquo;ascenseur pour descendre des jardins, puis marcher environ 10 minutes. descente pour y arriver).<\/p>\n\n\n\n<div style=\"height:23px\" aria-hidden=\"true\" class=\"wp-block-spacer\"><\/div>\n\n\n\n<figure class=\"wp-block-image size-large\"><img decoding=\"async\" width=\"1024\" height=\"637\" src=\"http:\/\/mappingspain.com\/wp-content\/uploads\/2024\/02\/Jardines-del-Muro-Benalmadena-Pueblo-6-1024x637.jpg\" alt=\"\" class=\"wp-image-16919\" srcset=\"https:\/\/mappingspain.com\/wp-content\/uploads\/2024\/02\/Jardines-del-Muro-Benalmadena-Pueblo-6-1024x637.jpg 1024w, https:\/\/mappingspain.com\/wp-content\/uploads\/2024\/02\/Jardines-del-Muro-Benalmadena-Pueblo-6-300x187.jpg 300w, https:\/\/mappingspain.com\/wp-content\/uploads\/2024\/02\/Jardines-del-Muro-Benalmadena-Pueblo-6-768x477.jpg 768w, https:\/\/mappingspain.com\/wp-content\/uploads\/2024\/02\/Jardines-del-Muro-Benalmadena-Pueblo-6.jpg 1200w\" sizes=\"(max-width: 1024px) 100vw, 1024px\" \/><\/figure>\n\n\n\n<figure class=\"wp-block-image size-large\"><img decoding=\"async\" width=\"1024\" height=\"643\" src=\"http:\/\/mappingspain.com\/wp-content\/uploads\/2024\/02\/Jardines-del-Muro-Benalmadena-Pueblo-4-1024x643.jpg\" alt=\"\" class=\"wp-image-16916\" srcset=\"https:\/\/mappingspain.com\/wp-content\/uploads\/2024\/02\/Jardines-del-Muro-Benalmadena-Pueblo-4-1024x643.jpg 1024w, https:\/\/mappingspain.com\/wp-content\/uploads\/2024\/02\/Jardines-del-Muro-Benalmadena-Pueblo-4-300x188.jpg 300w, https:\/\/mappingspain.com\/wp-content\/uploads\/2024\/02\/Jardines-del-Muro-Benalmadena-Pueblo-4-768x482.jpg 768w, https:\/\/mappingspain.com\/wp-content\/uploads\/2024\/02\/Jardines-del-Muro-Benalmadena-Pueblo-4.jpg 1200w\" sizes=\"(max-width: 1024px) 100vw, 1024px\" \/><\/figure>\n\n\n\n<figure class=\"wp-block-image size-large\"><img decoding=\"async\" width=\"1024\" height=\"648\" src=\"http:\/\/mappingspain.com\/wp-content\/uploads\/2024\/02\/Benalmadena-2-1-1024x648.jpg\" alt=\"\" class=\"wp-image-16987\" srcset=\"https:\/\/mappingspain.com\/wp-content\/uploads\/2024\/02\/Benalmadena-2-1-1024x648.jpg 1024w, https:\/\/mappingspain.com\/wp-content\/uploads\/2024\/02\/Benalmadena-2-1-300x190.jpg 300w, https:\/\/mappingspain.com\/wp-content\/uploads\/2024\/02\/Benalmadena-2-1-768x486.jpg 768w, https:\/\/mappingspain.com\/wp-content\/uploads\/2024\/02\/Benalmadena-2-1.jpg 1200w\" sizes=\"(max-width: 1024px) 100vw, 1024px\" \/><\/figure>\n\n\n\n<figure class=\"wp-block-image size-large\"><img decoding=\"async\" width=\"1024\" height=\"683\" src=\"http:\/\/mappingspain.com\/wp-content\/uploads\/2024\/02\/Jardines-del-Muro-Benalmadena-Pueblo-5-1024x683.jpg\" alt=\"\" class=\"wp-image-16922\" srcset=\"https:\/\/mappingspain.com\/wp-content\/uploads\/2024\/02\/Jardines-del-Muro-Benalmadena-Pueblo-5-1024x683.jpg 1024w, https:\/\/mappingspain.com\/wp-content\/uploads\/2024\/02\/Jardines-del-Muro-Benalmadena-Pueblo-5-300x200.jpg 300w, https:\/\/mappingspain.com\/wp-content\/uploads\/2024\/02\/Jardines-del-Muro-Benalmadena-Pueblo-5-768x512.jpg 768w, https:\/\/mappingspain.com\/wp-content\/uploads\/2024\/02\/Jardines-del-Muro-Benalmadena-Pueblo-5-600x400.jpg 600w, https:\/\/mappingspain.com\/wp-content\/uploads\/2024\/02\/Jardines-del-Muro-Benalmadena-Pueblo-5.jpg 1200w\" sizes=\"(max-width: 1024px) 100vw, 1024px\" \/><\/figure>\n\n\n\n<figure class=\"wp-block-image size-large\"><img decoding=\"async\" width=\"1024\" height=\"662\" src=\"http:\/\/mappingspain.com\/wp-content\/uploads\/2024\/02\/Jardines-del-Muro-Benalmadena-Pueblo-3-1024x662.jpg\" alt=\"\" class=\"wp-image-16925\" srcset=\"https:\/\/mappingspain.com\/wp-content\/uploads\/2024\/02\/Jardines-del-Muro-Benalmadena-Pueblo-3-1024x662.jpg 1024w, https:\/\/mappingspain.com\/wp-content\/uploads\/2024\/02\/Jardines-del-Muro-Benalmadena-Pueblo-3-300x194.jpg 300w, https:\/\/mappingspain.com\/wp-content\/uploads\/2024\/02\/Jardines-del-Muro-Benalmadena-Pueblo-3-768x497.jpg 768w, https:\/\/mappingspain.com\/wp-content\/uploads\/2024\/02\/Jardines-del-Muro-Benalmadena-Pueblo-3.jpg 1200w\" sizes=\"(max-width: 1024px) 100vw, 1024px\" \/><\/figure>\n\n\n\n<figure class=\"wp-block-image size-large\"><img decoding=\"async\" width=\"1024\" height=\"683\" src=\"http:\/\/mappingspain.com\/wp-content\/uploads\/2024\/02\/Jardines-del-Muro-Benalmadena-Pueblo-1-1024x683.jpg\" alt=\"\" class=\"wp-image-16931\" srcset=\"https:\/\/mappingspain.com\/wp-content\/uploads\/2024\/02\/Jardines-del-Muro-Benalmadena-Pueblo-1-1024x683.jpg 1024w, https:\/\/mappingspain.com\/wp-content\/uploads\/2024\/02\/Jardines-del-Muro-Benalmadena-Pueblo-1-300x200.jpg 300w, https:\/\/mappingspain.com\/wp-content\/uploads\/2024\/02\/Jardines-del-Muro-Benalmadena-Pueblo-1-768x512.jpg 768w, https:\/\/mappingspain.com\/wp-content\/uploads\/2024\/02\/Jardines-del-Muro-Benalmadena-Pueblo-1-600x400.jpg 600w, https:\/\/mappingspain.com\/wp-content\/uploads\/2024\/02\/Jardines-del-Muro-Benalmadena-Pueblo-1.jpg 1200w\" sizes=\"(max-width: 1024px) 100vw, 1024px\" \/><\/figure>\n\n\n\n<figure class=\"wp-block-image size-large\"><img decoding=\"async\" width=\"1024\" height=\"620\" src=\"http:\/\/mappingspain.com\/wp-content\/uploads\/2024\/02\/Castillo-de-Colomares-1-1024x620.jpg\" alt=\"\" class=\"wp-image-16928\" srcset=\"https:\/\/mappingspain.com\/wp-content\/uploads\/2024\/02\/Castillo-de-Colomares-1-1024x620.jpg 1024w, https:\/\/mappingspain.com\/wp-content\/uploads\/2024\/02\/Castillo-de-Colomares-1-300x182.jpg 300w, https:\/\/mappingspain.com\/wp-content\/uploads\/2024\/02\/Castillo-de-Colomares-1-768x465.jpg 768w, https:\/\/mappingspain.com\/wp-content\/uploads\/2024\/02\/Castillo-de-Colomares-1.jpg 1200w\" sizes=\"(max-width: 1024px) 100vw, 1024px\" \/><\/figure>\n\n\n<hr>\n<div class=\"content_hint\">&nbsp;<\/div>\n<hr>\n\n\n<div style=\"height:44px\" aria-hidden=\"true\" class=\"wp-block-spacer\"><\/div>\n\n\n\n<p><span style=\"text-decoration: underline;\">Le Castillo de Colomares <\/span>a \u00e9t\u00e9 l&rsquo;inspiration du Dr Esteban Martin y Martin, un Espagnol qui a d\u00e9m\u00e9nag\u00e9 aux \u00c9tats-Unis en 1950. \u00c0 son retour en Espagne dans les ann\u00e9es 70, il a achet\u00e9 ce terrain et a d\u00e9cid\u00e9 de construire ce ch\u00e2teau (en forme de un bateau) comm\u00e9morant Christophe Colomb. Il a \u00e9t\u00e9 achev\u00e9 en 1994. Il est diff\u00e9rent de tous les ch\u00e2teaux que vous verrez jamais et c&rsquo;est l&rsquo;une des attractions les plus visit\u00e9es de Benalm\u00e1dena.<\/p>\n\n\n\n<div style=\"height:23px\" aria-hidden=\"true\" class=\"wp-block-spacer\"><\/div>\n\n\n\n<figure class=\"wp-block-image size-large\"><img decoding=\"async\" width=\"1024\" height=\"656\" src=\"http:\/\/mappingspain.com\/wp-content\/uploads\/2024\/02\/Castillo-de-Colomares-3-1024x656.jpg\" alt=\"\" class=\"wp-image-16934\" srcset=\"https:\/\/mappingspain.com\/wp-content\/uploads\/2024\/02\/Castillo-de-Colomares-3-1024x656.jpg 1024w, https:\/\/mappingspain.com\/wp-content\/uploads\/2024\/02\/Castillo-de-Colomares-3-300x192.jpg 300w, https:\/\/mappingspain.com\/wp-content\/uploads\/2024\/02\/Castillo-de-Colomares-3-768x492.jpg 768w, https:\/\/mappingspain.com\/wp-content\/uploads\/2024\/02\/Castillo-de-Colomares-3.jpg 1200w\" sizes=\"(max-width: 1024px) 100vw, 1024px\" \/><\/figure>\n\n\n\n<figure class=\"wp-block-image size-large\"><img decoding=\"async\" width=\"1024\" height=\"683\" src=\"http:\/\/mappingspain.com\/wp-content\/uploads\/2024\/02\/Castillo-de-Colomares-4-1024x683.jpg\" alt=\"\" class=\"wp-image-16937\" srcset=\"https:\/\/mappingspain.com\/wp-content\/uploads\/2024\/02\/Castillo-de-Colomares-4-1024x683.jpg 1024w, https:\/\/mappingspain.com\/wp-content\/uploads\/2024\/02\/Castillo-de-Colomares-4-300x200.jpg 300w, https:\/\/mappingspain.com\/wp-content\/uploads\/2024\/02\/Castillo-de-Colomares-4-768x512.jpg 768w, https:\/\/mappingspain.com\/wp-content\/uploads\/2024\/02\/Castillo-de-Colomares-4-600x400.jpg 600w, https:\/\/mappingspain.com\/wp-content\/uploads\/2024\/02\/Castillo-de-Colomares-4.jpg 1200w\" sizes=\"(max-width: 1024px) 100vw, 1024px\" \/><\/figure>\n\n\n\n<figure class=\"wp-block-image size-large\"><img decoding=\"async\" width=\"1024\" height=\"683\" src=\"http:\/\/mappingspain.com\/wp-content\/uploads\/2024\/02\/Castillo-de-Colomares-2-1024x683.jpg\" alt=\"\" class=\"wp-image-16940\" srcset=\"https:\/\/mappingspain.com\/wp-content\/uploads\/2024\/02\/Castillo-de-Colomares-2-1024x683.jpg 1024w, https:\/\/mappingspain.com\/wp-content\/uploads\/2024\/02\/Castillo-de-Colomares-2-300x200.jpg 300w, https:\/\/mappingspain.com\/wp-content\/uploads\/2024\/02\/Castillo-de-Colomares-2-768x512.jpg 768w, https:\/\/mappingspain.com\/wp-content\/uploads\/2024\/02\/Castillo-de-Colomares-2-600x400.jpg 600w, https:\/\/mappingspain.com\/wp-content\/uploads\/2024\/02\/Castillo-de-Colomares-2.jpg 1200w\" sizes=\"(max-width: 1024px) 100vw, 1024px\" \/><\/figure>\n\n\n\n<figure class=\"wp-block-image size-large\"><img decoding=\"async\" width=\"1024\" height=\"683\" src=\"http:\/\/mappingspain.com\/wp-content\/uploads\/2024\/02\/Castillo-de-Colomares-5-1024x683.jpg\" alt=\"\" class=\"wp-image-16943\" srcset=\"https:\/\/mappingspain.com\/wp-content\/uploads\/2024\/02\/Castillo-de-Colomares-5-1024x683.jpg 1024w, https:\/\/mappingspain.com\/wp-content\/uploads\/2024\/02\/Castillo-de-Colomares-5-300x200.jpg 300w, https:\/\/mappingspain.com\/wp-content\/uploads\/2024\/02\/Castillo-de-Colomares-5-768x512.jpg 768w, https:\/\/mappingspain.com\/wp-content\/uploads\/2024\/02\/Castillo-de-Colomares-5-600x400.jpg 600w, https:\/\/mappingspain.com\/wp-content\/uploads\/2024\/02\/Castillo-de-Colomares-5.jpg 1200w\" sizes=\"(max-width: 1024px) 100vw, 1024px\" \/><\/figure>\n\n\n\n<div style=\"height:41px\" aria-hidden=\"true\" class=\"wp-block-spacer\"><\/div>\n\n\n\n<p>Pour en revenir \u00e0 la route principale (en r\u00e9alit\u00e9, avoir une voiture est un plus ici), il y a quelques attractions \u00e0 l&rsquo;ouest de Benalm\u00e1dena Pueblo: <span style=\"text-decoration: underline;\">Benalm\u00e1dena Stupa <\/span>est le plus haut stupa bouddhiste de toute l&rsquo;Europe. Juste \u00e0 c\u00f4t\u00e9 se trouve le <span style=\"text-decoration: underline;\">Mariposario de Benalm\u00e1dena<\/span>, un parc \u00e0 papillons.<\/p>\n\n\n\n<div style=\"height:51px\" aria-hidden=\"true\" class=\"wp-block-spacer\"><\/div>\n\n\n\n<p><em>Comment se rendre \u00e0 Benalm\u00e1dena Pueblo<\/em>: <em>Si vous n&rsquo;avez pas de voiture, le meilleur moyen de monter \u00e0 Benalm\u00e1dena Pueblo est de prendre le bus 121. Cela prend environ 20 minutes depuis Arroyo de la Miel. Remarque\u00a0: si vous \u00eates \u00e0 Benalm\u00e1dena Pueblo, vous devriez envisager de continuer vers <strong>Mijas<\/strong>, qui est environ 20 minutes plus loin. C\u2019est ce que nous avons fait apr\u00e8s avoir visit\u00e9 Benalm\u00e1dena Pueblo. Mijas doit \u00eatre l\u2019une des plus belles villes de la Costa del Sol (j\u2019en parlerai bient\u00f4t). Le m\u00eame bus s&rsquo;arr\u00eate \u00e9galement au Benalm\u00e1dena Stupa \/ Mariposario afin que vous puissiez vous y arr\u00eater en cours de route si vous le souhaitez. <a href=\"https:\/\/siu.ctmam.ctan.es\/en\/horarios_lineas_tabla.php?linea=9\" target=\"_blank\" rel=\"noreferrer noopener\">Horaire bus 121<\/a>.<\/em><\/p>\n\n\n\n<div style=\"height:31px\" aria-hidden=\"true\" class=\"wp-block-spacer\"><\/div>\n\n\n<hr \/>\n<div class=\"content_hint\">\u00a0<\/div>\n<hr \/>\n\n\n<div style=\"height:80px\" aria-hidden=\"true\" class=\"wp-block-spacer\"><\/div>\n\n\n\n<h3 class=\"wp-block-heading\"><strong><span style=\"text-decoration: underline;\">Est-ce que Benalmadena vaut le d\u00e9tour ?<\/span><\/strong><\/h3>\n\n\n\n<p>Je pense que la r\u00e9ponse \u00e0 cette question d\u00e9pend de ce que vous attendez de vos vacances.<\/p>\n\n\n\n<p>Je pense que <strong>Benalm\u00e1dena<\/strong> est une excellente destination pour des vacances en famille car elle propose de nombreux parcs \u00e0 th\u00e8me (SEA LIFE et Selwo Marina) et des activit\u00e9s nature (Parque de Paloma, le t\u00e9l\u00e9ph\u00e9rique et la montagne Calamorro, le ch\u00e2teau de Colomares, les plages).<\/p>\n\n\n\n<p>\u00c0 mon avis, <strong>Torremolinos<\/strong> est une meilleure \u00ab destination plage \u00bb si vous voulez une plage anim\u00e9e.<\/p>\n\n\n\n<p>D\u2019un autre c\u00f4t\u00e9, si vous voulez quelque chose de plus d\u00e9tendu, plus espagnol et avec un m\u00e9lange de belles plages, <strong>Fuengirola<\/strong> est ce que je recommanderais.<\/p>\n\n\n\n<p>Je publierai prochainement un article comparant Benalm\u00e1dena, Torremolinos et Fuengirola.<\/p>\n\n\n\n<p><strong><em>H\u00e9bergement<\/em><\/strong> : Nous avons s\u00e9journ\u00e9 dans <a href=\"https:\/\/www.booking.com\/hotel\/es\/apartamento-premium-con-piscina-recepcion-24hs.fr.html?aid=1603852&amp;sid=78845d55c4898a395a201982d076197a&amp;dist=0&amp;group_adults=2&amp;keep_landing=1&amp;no_rooms=1&amp;sb_price_type=total&amp;type=total&amp;lang=fr&amp;soz=1&amp;lang_changed=1\" target=\"_blank\" rel=\"noreferrer noopener\">cet appartement<\/a> que nous avions r\u00e9serv\u00e9 via Booking. Petit (2 personnes max) mais excellent.<\/p>\n\n\n\n<div style=\"height:28px\" aria-hidden=\"true\" class=\"wp-block-spacer\"><\/div>\n\n\n\n<figure class=\"wp-block-image size-large\"><img decoding=\"async\" width=\"1024\" height=\"660\" src=\"http:\/\/mappingspain.com\/wp-content\/uploads\/2024\/02\/Benalmadena-8-1-1024x660.jpg\" alt=\"\" class=\"wp-image-16990\" srcset=\"https:\/\/mappingspain.com\/wp-content\/uploads\/2024\/02\/Benalmadena-8-1-1024x660.jpg 1024w, https:\/\/mappingspain.com\/wp-content\/uploads\/2024\/02\/Benalmadena-8-1-300x194.jpg 300w, https:\/\/mappingspain.com\/wp-content\/uploads\/2024\/02\/Benalmadena-8-1-768x495.jpg 768w, https:\/\/mappingspain.com\/wp-content\/uploads\/2024\/02\/Benalmadena-8-1.jpg 1200w\" sizes=\"(max-width: 1024px) 100vw, 1024px\" \/><\/figure>\n\n\n\n<figure class=\"wp-block-image size-large\"><img decoding=\"async\" width=\"1024\" height=\"654\" src=\"http:\/\/mappingspain.com\/wp-content\/uploads\/2024\/02\/Arroyo-de-la-Miel-3-1024x654.jpg\" alt=\"\" class=\"wp-image-16823\" srcset=\"https:\/\/mappingspain.com\/wp-content\/uploads\/2024\/02\/Arroyo-de-la-Miel-3-1024x654.jpg 1024w, https:\/\/mappingspain.com\/wp-content\/uploads\/2024\/02\/Arroyo-de-la-Miel-3-300x192.jpg 300w, https:\/\/mappingspain.com\/wp-content\/uploads\/2024\/02\/Arroyo-de-la-Miel-3-768x490.jpg 768w, https:\/\/mappingspain.com\/wp-content\/uploads\/2024\/02\/Arroyo-de-la-Miel-3.jpg 1200w\" sizes=\"(max-width: 1024px) 100vw, 1024px\" \/><\/figure>\n\n\n\n<figure class=\"wp-block-image size-large\"><img decoding=\"async\" width=\"1024\" height=\"654\" src=\"http:\/\/mappingspain.com\/wp-content\/uploads\/2024\/02\/Benalmadena-1-2-1024x654.jpg\" alt=\"\" class=\"wp-image-16993\" srcset=\"https:\/\/mappingspain.com\/wp-content\/uploads\/2024\/02\/Benalmadena-1-2-1024x654.jpg 1024w, https:\/\/mappingspain.com\/wp-content\/uploads\/2024\/02\/Benalmadena-1-2-300x192.jpg 300w, https:\/\/mappingspain.com\/wp-content\/uploads\/2024\/02\/Benalmadena-1-2-768x490.jpg 768w, https:\/\/mappingspain.com\/wp-content\/uploads\/2024\/02\/Benalmadena-1-2.jpg 1200w\" sizes=\"(max-width: 1024px) 100vw, 1024px\" \/><\/figure>\n\n\n<hr>\n<div class=\"content_hint\">&nbsp;<\/div>\n<hr>\n\n\n<div style=\"height:62px\" aria-hidden=\"true\" class=\"wp-block-spacer\"><\/div>\n\n\n\n<h3 class=\"wp-block-heading\"><strong><span style=\"text-decoration: underline;\">\u00c0 quoi ressemble Benalm\u00e1dena en tant que lieu de vie ?<\/span><\/strong><\/h3>\n\n\n\n<p>Nous avons eu quelques interviews avec des expatri\u00e9s vivant \u00e0 Benalm\u00e1dena (je les joindrai au bas de cet article)<\/p>\n\n\n\n<p>Apr\u00e8s l\u2019avoir visit\u00e9, nous comprenons pourquoi c\u2019est un endroit populaire aupr\u00e8s des expatri\u00e9s.<\/p>\n\n\n\n<ol class=\"wp-block-list\">\n<li>Le centre d&rsquo;Arroyo de la Miel est joli et anim\u00e9. Un bon endroit pour sortir manger des tapas entre amis et se d\u00e9tendre.<\/li>\n\n\n\n<li>Benalm\u00e1dena a un bon m\u00e9lange d&rsquo;Espagne et d&rsquo;\u00e9trangers. Si vous souhaitez simplement passer du temps avec des \u00e9trangers, vous pouvez les trouver. Si vous vous m\u00e9langez bien avec les locaux, il existe \u00e9galement de nombreux lieux authentiques. Benalm\u00e1dena est tout ce que vous voulez.<\/li>\n\n\n\n<li>La commodit\u00e9 du train local est un gros plus. Vous pouvez \u00eatre au centre-ville de Malaga en 30 minutes environ, ce qui est g\u00e9nial. Vous \u00eates donc dans une station baln\u00e9aire mais avec un acc\u00e8s facile \u00e0 la ville et \u00e0 l\u2019a\u00e9roport (qui n\u2019est qu\u2019\u00e0 20 minutes en train).<\/li>\n\n\n\n<li>Parque de la Paloma et montagne Calamorro. Quelques bons endroits pour sortir dans la nature.<\/li>\n<\/ol>\n\n\n\n<div style=\"height:37px\" aria-hidden=\"true\" class=\"wp-block-spacer\"><\/div>\n\n\n\n<h3 class=\"wp-block-heading has-text-align-center\"><strong>Vous avez un avis sur Benalm\u00e1dena ?<\/strong><\/h3>\n\n\n\n<div style=\"height:63px\" aria-hidden=\"true\" class=\"wp-block-spacer\"><\/div>\n\n\n\n<h3 class=\"wp-block-heading\"><strong><em>Plus: <a href=\"https:\/\/mappingspain.com\/fr\/comment-est-ce-de-vivre-a-benalmadena\/\" target=\"_blank\" rel=\"noreferrer noopener\">Comment est-ce de vivre \u00e0 Benalm\u00e1dena?<\/a><\/em><\/strong><\/h3>\n\n\n\n<figure class=\"wp-block-image size-large\"><a href=\"Comment est-ce de vivre \u00e0 Benalm\u00e1dena?\" target=\"_blank\" rel=\"noreferrer noopener\"><img decoding=\"async\" width=\"1024\" height=\"669\" src=\"http:\/\/mappingspain.com\/wp-content\/uploads\/2024\/02\/Benalmadena-Kevin-FR-1024x669.jpg\" alt=\"\" class=\"wp-image-17018\" srcset=\"https:\/\/mappingspain.com\/wp-content\/uploads\/2024\/02\/Benalmadena-Kevin-FR-1024x669.jpg 1024w, https:\/\/mappingspain.com\/wp-content\/uploads\/2024\/02\/Benalmadena-Kevin-FR-300x196.jpg 300w, https:\/\/mappingspain.com\/wp-content\/uploads\/2024\/02\/Benalmadena-Kevin-FR-768x502.jpg 768w, https:\/\/mappingspain.com\/wp-content\/uploads\/2024\/02\/Benalmadena-Kevin-FR.jpg 1200w\" sizes=\"(max-width: 1024px) 100vw, 1024px\" \/><\/a><\/figure>\n\n\n\n<div style=\"height:10px\" aria-hidden=\"true\" class=\"wp-block-spacer\"><\/div>\n\n\n\n<h3 class=\"wp-block-heading\"><strong><em>Plus: <a href=\"https:\/\/mappingspain.com\/fr\/pourquoi-cette-famille-a-choisi-de-vivre-a-benalmadena\/\" target=\"_blank\" rel=\"noreferrer noopener\">Pourquoi cette famille a choisi de vivre \u00e0 Benalmadena<\/a><\/em><\/strong><\/h3>\n\n\n\n<figure class=\"wp-block-image size-large\"><a href=\"https:\/\/mappingspain.com\/fr\/pourquoi-cette-famille-a-choisi-de-vivre-a-benalmadena\/\" target=\"_blank\" rel=\"noreferrer noopener\"><img decoding=\"async\" width=\"1024\" height=\"609\" src=\"http:\/\/mappingspain.com\/wp-content\/uploads\/2024\/02\/Benalmadena-in-FR-1024x609.jpg\" alt=\"\" class=\"wp-image-17021\" srcset=\"https:\/\/mappingspain.com\/wp-content\/uploads\/2024\/02\/Benalmadena-in-FR-1024x609.jpg 1024w, https:\/\/mappingspain.com\/wp-content\/uploads\/2024\/02\/Benalmadena-in-FR-300x178.jpg 300w, https:\/\/mappingspain.com\/wp-content\/uploads\/2024\/02\/Benalmadena-in-FR-768x456.jpg 768w, https:\/\/mappingspain.com\/wp-content\/uploads\/2024\/02\/Benalmadena-in-FR.jpg 1250w\" sizes=\"(max-width: 1024px) 100vw, 1024px\" \/><\/a><\/figure>\n\n\n\n<div style=\"height:23px\" aria-hidden=\"true\" class=\"wp-block-spacer\"><\/div>\n\n\n\n<h3 class=\"wp-block-heading\"><strong><em>Plus: <a href=\"https:\/\/mappingspain.com\/fr\/benalmadena-almunecar-ou-estepona\/\" target=\"_blank\" rel=\"noreferrer noopener\">Benalm\u00e1dena, Almu\u00f1\u00e9car OU Estepona?<\/a><\/em><\/strong><\/h3>\n\n\n\n<figure class=\"wp-block-image size-large\"><a href=\"https:\/\/mappingspain.com\/fr\/benalmadena-almunecar-ou-estepona\/\" target=\"_blank\" rel=\"noreferrer noopener\"><img decoding=\"async\" width=\"1024\" height=\"641\" src=\"http:\/\/mappingspain.com\/wp-content\/uploads\/2024\/02\/Benalmadena-Almunecar-OR-Estepona-FR-1024x641.jpg\" alt=\"\" class=\"wp-image-17024\" srcset=\"https:\/\/mappingspain.com\/wp-content\/uploads\/2024\/02\/Benalmadena-Almunecar-OR-Estepona-FR-1024x641.jpg 1024w, https:\/\/mappingspain.com\/wp-content\/uploads\/2024\/02\/Benalmadena-Almunecar-OR-Estepona-FR-300x188.jpg 300w, https:\/\/mappingspain.com\/wp-content\/uploads\/2024\/02\/Benalmadena-Almunecar-OR-Estepona-FR-768x481.jpg 768w, https:\/\/mappingspain.com\/wp-content\/uploads\/2024\/02\/Benalmadena-Almunecar-OR-Estepona-FR.jpg 1200w\" sizes=\"(max-width: 1024px) 100vw, 1024px\" \/><\/a><\/figure>\n\n\n\n<div style=\"height:37px\" aria-hidden=\"true\" class=\"wp-block-spacer\"><\/div>\n<div class='ctx-module-container ctx_default_placement ctx-clearfix'><\/div><span class=\"ctx-article-root\"><!-- --><\/span>","protected":false},"excerpt":{"rendered":"<p>Comment est Benalm\u00e1dena? Nous avons pass\u00e9 5 jours \u00e0 Benalm\u00e1dena, l&rsquo;utilisant comme base pour explorer la r\u00e9gion (c&rsquo;est un endroit parfait pour explorer d&rsquo;autres villes comme Torremolinos, Fuengirola et Mijas). Alors, \u00e0 quoi ressemble Benalm\u00e1dena ? Est-ce que \u00e7a vaut le d\u00e9tour? \u00c0 quoi \u00e7a ressemble comme lieu de vie? Nos r\u00e9flexions honn\u00eates sur Benalm\u00e1dena [&hellip;]<\/p>\n","protected":false},"author":2,"featured_media":16824,"comment_status":"open","ping_status":"open","sticky":false,"template":"","format":"standard","meta":{"_genesis_hide_title":false,"_genesis_hide_breadcrumbs":false,"_genesis_hide_singular_image":false,"_genesis_hide_footer_widgets":false,"_genesis_custom_body_class":"","_genesis_custom_post_class":"","_genesis_layout":"","footnotes":""},"categories":[192,251],"tags":[],"class_list":{"0":"post-17015","1":"post","2":"type-post","3":"status-publish","4":"format-standard","5":"has-post-thumbnail","7":"category-andalousie","8":"category-benalmadena-2","9":"entry"},"yoast_head":"<!-- This site is optimized with the Yoast SEO plugin v27.4 - https:\/\/yoast.com\/product\/yoast-seo-wordpress\/ -->\n<title>Comment est Benalm\u00e1dena? - Mapping Spain<\/title>\n<meta name=\"description\" content=\"Comment est Benalm\u00e1dena? Nous avons pass\u00e9 5 jours \u00e0 Benalm\u00e1dena, l&#039;utilisant comme base pour explorer la r\u00e9gion (c&#039;est un endroit parfait\" \/>\n<meta name=\"robots\" content=\"index, follow, max-snippet:-1, max-image-preview:large, max-video-preview:-1\" \/>\n<link rel=\"canonical\" href=\"https:\/\/mappingspain.com\/fr\/comment-est-benalmadena\/\" \/>\n<meta property=\"og:locale\" content=\"fr_FR\" \/>\n<meta property=\"og:type\" content=\"article\" \/>\n<meta property=\"og:title\" content=\"Comment est Benalm\u00e1dena? - Mapping Spain\" \/>\n<meta property=\"og:description\" content=\"Comment est Benalm\u00e1dena? Nous avons pass\u00e9 5 jours \u00e0 Benalm\u00e1dena, l&#039;utilisant comme base pour explorer la r\u00e9gion (c&#039;est un endroit parfait\" \/>\n<meta property=\"og:url\" content=\"https:\/\/mappingspain.com\/fr\/comment-est-benalmadena\/\" \/>\n<meta property=\"og:site_name\" content=\"Mapping Spain\" \/>\n<meta property=\"article:published_time\" content=\"2024-02-20T17:25:37+00:00\" \/>\n<meta property=\"article:modified_time\" content=\"2024-02-22T20:55:29+00:00\" \/>\n<meta property=\"og:image\" content=\"https:\/\/mappingspain.com\/wp-content\/uploads\/2024\/02\/Arroyo-de-la-Miel-3.jpg\" \/>\n\t<meta property=\"og:image:width\" content=\"1200\" \/>\n\t<meta property=\"og:image:height\" content=\"766\" \/>\n\t<meta property=\"og:image:type\" content=\"image\/jpeg\" \/>\n<meta name=\"author\" content=\"Frank\" \/>\n<meta name=\"twitter:card\" content=\"summary_large_image\" \/>\n<meta name=\"twitter:label1\" content=\"\u00c9crit par\" \/>\n\t<meta name=\"twitter:data1\" content=\"Frank\" \/>\n\t<meta name=\"twitter:label2\" content=\"Dur\u00e9e de lecture estim\u00e9e\" \/>\n\t<meta name=\"twitter:data2\" content=\"16 minutes\" \/>\n<script type=\"application\/ld+json\" class=\"yoast-schema-graph\">{\"@context\":\"https:\\\/\\\/schema.org\",\"@graph\":[{\"@type\":\"Article\",\"@id\":\"https:\\\/\\\/mappingspain.com\\\/fr\\\/comment-est-benalmadena\\\/#article\",\"isPartOf\":{\"@id\":\"https:\\\/\\\/mappingspain.com\\\/fr\\\/comment-est-benalmadena\\\/\"},\"author\":{\"name\":\"Frank\",\"@id\":\"https:\\\/\\\/mappingspain.com\\\/fr\\\/#\\\/schema\\\/person\\\/1e3c8dae7a8d66a64591f1b41c8b1101\"},\"headline\":\"Comment est Benalm\u00e1dena?\",\"datePublished\":\"2024-02-20T17:25:37+00:00\",\"dateModified\":\"2024-02-22T20:55:29+00:00\",\"mainEntityOfPage\":{\"@id\":\"https:\\\/\\\/mappingspain.com\\\/fr\\\/comment-est-benalmadena\\\/\"},\"wordCount\":1359,\"commentCount\":4,\"image\":{\"@id\":\"https:\\\/\\\/mappingspain.com\\\/fr\\\/comment-est-benalmadena\\\/#primaryimage\"},\"thumbnailUrl\":\"https:\\\/\\\/mappingspain.com\\\/wp-content\\\/uploads\\\/2024\\\/02\\\/Arroyo-de-la-Miel-3.jpg\",\"articleSection\":[\"Andalousie\",\"Benalmadena\"],\"inLanguage\":\"fr-FR\",\"potentialAction\":[{\"@type\":\"CommentAction\",\"name\":\"Comment\",\"target\":[\"https:\\\/\\\/mappingspain.com\\\/fr\\\/comment-est-benalmadena\\\/#respond\"]}]},{\"@type\":\"WebPage\",\"@id\":\"https:\\\/\\\/mappingspain.com\\\/fr\\\/comment-est-benalmadena\\\/\",\"url\":\"https:\\\/\\\/mappingspain.com\\\/fr\\\/comment-est-benalmadena\\\/\",\"name\":\"Comment est Benalm\u00e1dena? - Mapping Spain\",\"isPartOf\":{\"@id\":\"https:\\\/\\\/mappingspain.com\\\/fr\\\/#website\"},\"primaryImageOfPage\":{\"@id\":\"https:\\\/\\\/mappingspain.com\\\/fr\\\/comment-est-benalmadena\\\/#primaryimage\"},\"image\":{\"@id\":\"https:\\\/\\\/mappingspain.com\\\/fr\\\/comment-est-benalmadena\\\/#primaryimage\"},\"thumbnailUrl\":\"https:\\\/\\\/mappingspain.com\\\/wp-content\\\/uploads\\\/2024\\\/02\\\/Arroyo-de-la-Miel-3.jpg\",\"datePublished\":\"2024-02-20T17:25:37+00:00\",\"dateModified\":\"2024-02-22T20:55:29+00:00\",\"author\":{\"@id\":\"https:\\\/\\\/mappingspain.com\\\/fr\\\/#\\\/schema\\\/person\\\/1e3c8dae7a8d66a64591f1b41c8b1101\"},\"description\":\"Comment est Benalm\u00e1dena? Nous avons pass\u00e9 5 jours \u00e0 Benalm\u00e1dena, l'utilisant comme base pour explorer la r\u00e9gion (c'est un endroit parfait\",\"breadcrumb\":{\"@id\":\"https:\\\/\\\/mappingspain.com\\\/fr\\\/comment-est-benalmadena\\\/#breadcrumb\"},\"inLanguage\":\"fr-FR\",\"potentialAction\":[{\"@type\":\"ReadAction\",\"target\":[\"https:\\\/\\\/mappingspain.com\\\/fr\\\/comment-est-benalmadena\\\/\"]}]},{\"@type\":\"ImageObject\",\"inLanguage\":\"fr-FR\",\"@id\":\"https:\\\/\\\/mappingspain.com\\\/fr\\\/comment-est-benalmadena\\\/#primaryimage\",\"url\":\"https:\\\/\\\/mappingspain.com\\\/wp-content\\\/uploads\\\/2024\\\/02\\\/Arroyo-de-la-Miel-3.jpg\",\"contentUrl\":\"https:\\\/\\\/mappingspain.com\\\/wp-content\\\/uploads\\\/2024\\\/02\\\/Arroyo-de-la-Miel-3.jpg\",\"width\":1200,\"height\":766},{\"@type\":\"BreadcrumbList\",\"@id\":\"https:\\\/\\\/mappingspain.com\\\/fr\\\/comment-est-benalmadena\\\/#breadcrumb\",\"itemListElement\":[{\"@type\":\"ListItem\",\"position\":1,\"name\":\"Home\",\"item\":\"https:\\\/\\\/mappingspain.com\\\/fr\\\/\"},{\"@type\":\"ListItem\",\"position\":2,\"name\":\"Comment est Benalm\u00e1dena?\"}]},{\"@type\":\"WebSite\",\"@id\":\"https:\\\/\\\/mappingspain.com\\\/fr\\\/#website\",\"url\":\"https:\\\/\\\/mappingspain.com\\\/fr\\\/\",\"name\":\"Mapping Spain\",\"description\":\"Everything Spain!\",\"potentialAction\":[{\"@type\":\"SearchAction\",\"target\":{\"@type\":\"EntryPoint\",\"urlTemplate\":\"https:\\\/\\\/mappingspain.com\\\/fr\\\/?s={search_term_string}\"},\"query-input\":{\"@type\":\"PropertyValueSpecification\",\"valueRequired\":true,\"valueName\":\"search_term_string\"}}],\"inLanguage\":\"fr-FR\"},{\"@type\":\"Person\",\"@id\":\"https:\\\/\\\/mappingspain.com\\\/fr\\\/#\\\/schema\\\/person\\\/1e3c8dae7a8d66a64591f1b41c8b1101\",\"name\":\"Frank\",\"image\":{\"@type\":\"ImageObject\",\"inLanguage\":\"fr-FR\",\"@id\":\"https:\\\/\\\/secure.gravatar.com\\\/avatar\\\/a5454735bd4b74c9d0a1bf1f04caac3dbd7f217c7c7fa65d5b39d98bbeab8b4e?s=96&d=mm&r=g\",\"url\":\"https:\\\/\\\/secure.gravatar.com\\\/avatar\\\/a5454735bd4b74c9d0a1bf1f04caac3dbd7f217c7c7fa65d5b39d98bbeab8b4e?s=96&d=mm&r=g\",\"contentUrl\":\"https:\\\/\\\/secure.gravatar.com\\\/avatar\\\/a5454735bd4b74c9d0a1bf1f04caac3dbd7f217c7c7fa65d5b39d98bbeab8b4e?s=96&d=mm&r=g\",\"caption\":\"Frank\"}}]}<\/script>\n<!-- \/ Yoast SEO plugin. -->","yoast_head_json":{"title":"Comment est Benalm\u00e1dena? - Mapping Spain","description":"Comment est Benalm\u00e1dena? Nous avons pass\u00e9 5 jours \u00e0 Benalm\u00e1dena, l'utilisant comme base pour explorer la r\u00e9gion (c'est un endroit parfait","robots":{"index":"index","follow":"follow","max-snippet":"max-snippet:-1","max-image-preview":"max-image-preview:large","max-video-preview":"max-video-preview:-1"},"canonical":"https:\/\/mappingspain.com\/fr\/comment-est-benalmadena\/","og_locale":"fr_FR","og_type":"article","og_title":"Comment est Benalm\u00e1dena? - Mapping Spain","og_description":"Comment est Benalm\u00e1dena? Nous avons pass\u00e9 5 jours \u00e0 Benalm\u00e1dena, l'utilisant comme base pour explorer la r\u00e9gion (c'est un endroit parfait","og_url":"https:\/\/mappingspain.com\/fr\/comment-est-benalmadena\/","og_site_name":"Mapping Spain","article_published_time":"2024-02-20T17:25:37+00:00","article_modified_time":"2024-02-22T20:55:29+00:00","og_image":[{"width":1200,"height":766,"url":"https:\/\/mappingspain.com\/wp-content\/uploads\/2024\/02\/Arroyo-de-la-Miel-3.jpg","type":"image\/jpeg"}],"author":"Frank","twitter_card":"summary_large_image","twitter_misc":{"\u00c9crit par":"Frank","Dur\u00e9e de lecture estim\u00e9e":"16 minutes"},"schema":{"@context":"https:\/\/schema.org","@graph":[{"@type":"Article","@id":"https:\/\/mappingspain.com\/fr\/comment-est-benalmadena\/#article","isPartOf":{"@id":"https:\/\/mappingspain.com\/fr\/comment-est-benalmadena\/"},"author":{"name":"Frank","@id":"https:\/\/mappingspain.com\/fr\/#\/schema\/person\/1e3c8dae7a8d66a64591f1b41c8b1101"},"headline":"Comment est Benalm\u00e1dena?","datePublished":"2024-02-20T17:25:37+00:00","dateModified":"2024-02-22T20:55:29+00:00","mainEntityOfPage":{"@id":"https:\/\/mappingspain.com\/fr\/comment-est-benalmadena\/"},"wordCount":1359,"commentCount":4,"image":{"@id":"https:\/\/mappingspain.com\/fr\/comment-est-benalmadena\/#primaryimage"},"thumbnailUrl":"https:\/\/mappingspain.com\/wp-content\/uploads\/2024\/02\/Arroyo-de-la-Miel-3.jpg","articleSection":["Andalousie","Benalmadena"],"inLanguage":"fr-FR","potentialAction":[{"@type":"CommentAction","name":"Comment","target":["https:\/\/mappingspain.com\/fr\/comment-est-benalmadena\/#respond"]}]},{"@type":"WebPage","@id":"https:\/\/mappingspain.com\/fr\/comment-est-benalmadena\/","url":"https:\/\/mappingspain.com\/fr\/comment-est-benalmadena\/","name":"Comment est Benalm\u00e1dena? - Mapping Spain","isPartOf":{"@id":"https:\/\/mappingspain.com\/fr\/#website"},"primaryImageOfPage":{"@id":"https:\/\/mappingspain.com\/fr\/comment-est-benalmadena\/#primaryimage"},"image":{"@id":"https:\/\/mappingspain.com\/fr\/comment-est-benalmadena\/#primaryimage"},"thumbnailUrl":"https:\/\/mappingspain.com\/wp-content\/uploads\/2024\/02\/Arroyo-de-la-Miel-3.jpg","datePublished":"2024-02-20T17:25:37+00:00","dateModified":"2024-02-22T20:55:29+00:00","author":{"@id":"https:\/\/mappingspain.com\/fr\/#\/schema\/person\/1e3c8dae7a8d66a64591f1b41c8b1101"},"description":"Comment est Benalm\u00e1dena? Nous avons pass\u00e9 5 jours \u00e0 Benalm\u00e1dena, l'utilisant comme base pour explorer la r\u00e9gion (c'est un endroit parfait","breadcrumb":{"@id":"https:\/\/mappingspain.com\/fr\/comment-est-benalmadena\/#breadcrumb"},"inLanguage":"fr-FR","potentialAction":[{"@type":"ReadAction","target":["https:\/\/mappingspain.com\/fr\/comment-est-benalmadena\/"]}]},{"@type":"ImageObject","inLanguage":"fr-FR","@id":"https:\/\/mappingspain.com\/fr\/comment-est-benalmadena\/#primaryimage","url":"https:\/\/mappingspain.com\/wp-content\/uploads\/2024\/02\/Arroyo-de-la-Miel-3.jpg","contentUrl":"https:\/\/mappingspain.com\/wp-content\/uploads\/2024\/02\/Arroyo-de-la-Miel-3.jpg","width":1200,"height":766},{"@type":"BreadcrumbList","@id":"https:\/\/mappingspain.com\/fr\/comment-est-benalmadena\/#breadcrumb","itemListElement":[{"@type":"ListItem","position":1,"name":"Home","item":"https:\/\/mappingspain.com\/fr\/"},{"@type":"ListItem","position":2,"name":"Comment est Benalm\u00e1dena?"}]},{"@type":"WebSite","@id":"https:\/\/mappingspain.com\/fr\/#website","url":"https:\/\/mappingspain.com\/fr\/","name":"Mapping Spain","description":"Everything Spain!","potentialAction":[{"@type":"SearchAction","target":{"@type":"EntryPoint","urlTemplate":"https:\/\/mappingspain.com\/fr\/?s={search_term_string}"},"query-input":{"@type":"PropertyValueSpecification","valueRequired":true,"valueName":"search_term_string"}}],"inLanguage":"fr-FR"},{"@type":"Person","@id":"https:\/\/mappingspain.com\/fr\/#\/schema\/person\/1e3c8dae7a8d66a64591f1b41c8b1101","name":"Frank","image":{"@type":"ImageObject","inLanguage":"fr-FR","@id":"https:\/\/secure.gravatar.com\/avatar\/a5454735bd4b74c9d0a1bf1f04caac3dbd7f217c7c7fa65d5b39d98bbeab8b4e?s=96&d=mm&r=g","url":"https:\/\/secure.gravatar.com\/avatar\/a5454735bd4b74c9d0a1bf1f04caac3dbd7f217c7c7fa65d5b39d98bbeab8b4e?s=96&d=mm&r=g","contentUrl":"https:\/\/secure.gravatar.com\/avatar\/a5454735bd4b74c9d0a1bf1f04caac3dbd7f217c7c7fa65d5b39d98bbeab8b4e?s=96&d=mm&r=g","caption":"Frank"}}]}},"featured_image_src":"https:\/\/mappingspain.com\/wp-content\/uploads\/2024\/02\/Arroyo-de-la-Miel-3-600x400.jpg","featured_image_src_square":"https:\/\/mappingspain.com\/wp-content\/uploads\/2024\/02\/Arroyo-de-la-Miel-3-600x600.jpg","author_info":{"display_name":"Frank","author_link":"https:\/\/mappingspain.com\/fr\/author\/frank\/"},"_links":{"self":[{"href":"https:\/\/mappingspain.com\/fr\/wp-json\/wp\/v2\/posts\/17015","targetHints":{"allow":["GET"]}}],"collection":[{"href":"https:\/\/mappingspain.com\/fr\/wp-json\/wp\/v2\/posts"}],"about":[{"href":"https:\/\/mappingspain.com\/fr\/wp-json\/wp\/v2\/types\/post"}],"author":[{"embeddable":true,"href":"https:\/\/mappingspain.com\/fr\/wp-json\/wp\/v2\/users\/2"}],"replies":[{"embeddable":true,"href":"https:\/\/mappingspain.com\/fr\/wp-json\/wp\/v2\/comments?post=17015"}],"version-history":[{"count":4,"href":"https:\/\/mappingspain.com\/fr\/wp-json\/wp\/v2\/posts\/17015\/revisions"}],"predecessor-version":[{"id":17029,"href":"https:\/\/mappingspain.com\/fr\/wp-json\/wp\/v2\/posts\/17015\/revisions\/17029"}],"wp:featuredmedia":[{"embeddable":true,"href":"https:\/\/mappingspain.com\/fr\/wp-json\/wp\/v2\/media\/16824"}],"wp:attachment":[{"href":"https:\/\/mappingspain.com\/fr\/wp-json\/wp\/v2\/media?parent=17015"}],"wp:term":[{"taxonomy":"category","embeddable":true,"href":"https:\/\/mappingspain.com\/fr\/wp-json\/wp\/v2\/categories?post=17015"},{"taxonomy":"post_tag","embeddable":true,"href":"https:\/\/mappingspain.com\/fr\/wp-json\/wp\/v2\/tags?post=17015"}],"curies":[{"name":"wp","href":"https:\/\/api.w.org\/{rel}","templated":true}]}}