{"id":21591,"date":"2024-06-19T19:23:26","date_gmt":"2024-06-19T19:23:26","guid":{"rendered":"https:\/\/mappingspain.com\/?p=21591"},"modified":"2024-07-30T18:42:10","modified_gmt":"2024-07-30T18:42:10","slug":"setenil-de-las-bodegas-est-il-surestime","status":"publish","type":"post","link":"https:\/\/mappingspain.com\/fr\/setenil-de-las-bodegas-est-il-surestime\/","title":{"rendered":"Setenil de las Bodegas est-il surestim\u00e9?"},"content":{"rendered":"\n<p id=\"tw-target-text\"><mark style=\"background-color:rgba(0, 0, 0, 0);color:#ffffff\" class=\"has-inline-color\">Setenil de las Bodegas est-il surestim\u00e9?<\/mark><\/p>\n\n\n\n<p><\/p>\n\n\n\n<p><strong>Setenil de las Bodegas est une ville populaire, connue pour les b\u00e2timents construits sous les rochers du canyon qui la surplombe<\/strong>. Nous avons visit\u00e9 la ville dans le cadre d&rsquo;une excursion d&rsquo;une journ\u00e9e comprenant 2 autres Pueblos Blancos: Zahara de la Sierra et Olvera (tous deux situ\u00e9s \u00e0 proximit\u00e9).<\/p>\n\n\n\n<p>Des 3 villes, Setenil de la Bodegas est de loin la plus touristique. Nous \u00e9tions en visite un jour de semaine en avril et nous ne pouvions pas croire tous les gens qui \u00e9taient en ville. En nous promenant, apr\u00e8s avoir visit\u00e9 les deux autres villages, nous avons r\u00e9fl\u00e9chi \u00e0 ce que nous voyions et nous sommes demand\u00e9s : \u00ab Setenil de la Bodegas est-il surestim\u00e9 ? Est-ce que cela justifie vraiment d\u2019\u00eatre aussi populaire&nbsp;?&nbsp;\u00bb<\/p>\n\n\n\n<p>J&rsquo;y reviendrai.<\/p>\n\n\n\n<p>Vous avez probablement vu les photos ci-dessous ailleurs.<\/p>\n\n\n\n<div style=\"height:18px\" aria-hidden=\"true\" class=\"wp-block-spacer\"><\/div>\n\n\n\n<figure class=\"wp-block-image size-large\"><img decoding=\"async\" width=\"1024\" height=\"683\" src=\"http:\/\/mappingspain.com\/wp-content\/uploads\/2024\/06\/Setenil-de-las-Bodegas-3-1024x683.jpg\" alt=\"\" class=\"wp-image-20653\" srcset=\"https:\/\/mappingspain.com\/wp-content\/uploads\/2024\/06\/Setenil-de-las-Bodegas-3-1024x683.jpg 1024w, https:\/\/mappingspain.com\/wp-content\/uploads\/2024\/06\/Setenil-de-las-Bodegas-3-300x200.jpg 300w, https:\/\/mappingspain.com\/wp-content\/uploads\/2024\/06\/Setenil-de-las-Bodegas-3-768x512.jpg 768w, https:\/\/mappingspain.com\/wp-content\/uploads\/2024\/06\/Setenil-de-las-Bodegas-3-600x400.jpg 600w, https:\/\/mappingspain.com\/wp-content\/uploads\/2024\/06\/Setenil-de-las-Bodegas-3.jpg 1200w\" sizes=\"(max-width: 1024px) 100vw, 1024px\" \/><\/figure>\n\n\n\n<figure class=\"wp-block-image size-large\"><img decoding=\"async\" width=\"1024\" height=\"683\" src=\"http:\/\/mappingspain.com\/wp-content\/uploads\/2024\/06\/Setenil-de-las-Bodegas-4-1024x683.jpg\" alt=\"\" class=\"wp-image-20656\" srcset=\"https:\/\/mappingspain.com\/wp-content\/uploads\/2024\/06\/Setenil-de-las-Bodegas-4-1024x683.jpg 1024w, https:\/\/mappingspain.com\/wp-content\/uploads\/2024\/06\/Setenil-de-las-Bodegas-4-300x200.jpg 300w, https:\/\/mappingspain.com\/wp-content\/uploads\/2024\/06\/Setenil-de-las-Bodegas-4-768x512.jpg 768w, https:\/\/mappingspain.com\/wp-content\/uploads\/2024\/06\/Setenil-de-las-Bodegas-4-600x400.jpg 600w, https:\/\/mappingspain.com\/wp-content\/uploads\/2024\/06\/Setenil-de-las-Bodegas-4.jpg 1200w\" sizes=\"(max-width: 1024px) 100vw, 1024px\" \/><\/figure>\n\n\n<hr>\n<div class=\"content_hint\">&nbsp;<\/div>\n<hr>\n\n\n<figure class=\"wp-block-image size-large\"><img decoding=\"async\" width=\"1024\" height=\"683\" src=\"http:\/\/mappingspain.com\/wp-content\/uploads\/2024\/06\/Setenil-de-las-Bodegas-6-1024x683.jpg\" alt=\"\" class=\"wp-image-20668\" srcset=\"https:\/\/mappingspain.com\/wp-content\/uploads\/2024\/06\/Setenil-de-las-Bodegas-6-1024x683.jpg 1024w, https:\/\/mappingspain.com\/wp-content\/uploads\/2024\/06\/Setenil-de-las-Bodegas-6-300x200.jpg 300w, https:\/\/mappingspain.com\/wp-content\/uploads\/2024\/06\/Setenil-de-las-Bodegas-6-768x512.jpg 768w, https:\/\/mappingspain.com\/wp-content\/uploads\/2024\/06\/Setenil-de-las-Bodegas-6-600x400.jpg 600w, https:\/\/mappingspain.com\/wp-content\/uploads\/2024\/06\/Setenil-de-las-Bodegas-6.jpg 1200w\" sizes=\"(max-width: 1024px) 100vw, 1024px\" \/><\/figure>\n\n\n\n<figure class=\"wp-block-image size-large\"><img decoding=\"async\" width=\"1024\" height=\"683\" src=\"http:\/\/mappingspain.com\/wp-content\/uploads\/2024\/06\/Setenil-de-las-Bodegas-5-1024x683.jpg\" alt=\"\" class=\"wp-image-20659\" srcset=\"https:\/\/mappingspain.com\/wp-content\/uploads\/2024\/06\/Setenil-de-las-Bodegas-5-1024x683.jpg 1024w, https:\/\/mappingspain.com\/wp-content\/uploads\/2024\/06\/Setenil-de-las-Bodegas-5-300x200.jpg 300w, https:\/\/mappingspain.com\/wp-content\/uploads\/2024\/06\/Setenil-de-las-Bodegas-5-768x512.jpg 768w, https:\/\/mappingspain.com\/wp-content\/uploads\/2024\/06\/Setenil-de-las-Bodegas-5-600x400.jpg 600w, https:\/\/mappingspain.com\/wp-content\/uploads\/2024\/06\/Setenil-de-las-Bodegas-5.jpg 1200w\" sizes=\"(max-width: 1024px) 100vw, 1024px\" \/><figcaption class=\"wp-element-caption\">Photos ci-dessus: Calle Cuevas del Sol<\/figcaption><\/figure>\n\n\n\n<figure class=\"wp-block-image size-large\"><img decoding=\"async\" width=\"1024\" height=\"683\" src=\"http:\/\/mappingspain.com\/wp-content\/uploads\/2024\/06\/Setenil-de-las-Bodegas-10-1024x683.jpg\" alt=\"\" class=\"wp-image-20662\" srcset=\"https:\/\/mappingspain.com\/wp-content\/uploads\/2024\/06\/Setenil-de-las-Bodegas-10-1024x683.jpg 1024w, https:\/\/mappingspain.com\/wp-content\/uploads\/2024\/06\/Setenil-de-las-Bodegas-10-300x200.jpg 300w, https:\/\/mappingspain.com\/wp-content\/uploads\/2024\/06\/Setenil-de-las-Bodegas-10-768x512.jpg 768w, https:\/\/mappingspain.com\/wp-content\/uploads\/2024\/06\/Setenil-de-las-Bodegas-10-600x400.jpg 600w, https:\/\/mappingspain.com\/wp-content\/uploads\/2024\/06\/Setenil-de-las-Bodegas-10.jpg 1200w\" sizes=\"(max-width: 1024px) 100vw, 1024px\" \/><figcaption class=\"wp-element-caption\">Calle Cuevas de la Sombra<\/figcaption><\/figure>\n\n\n\n<p>Il y a deux rues principales, la <strong>Calle Cuevas del Sol<\/strong> (Grottes du Soleil) et la <strong>Calle Cuevas de la Sombra<\/strong> (Grottes de l&rsquo;ombre). Ces deux rues sont ce que vous voyez sur toutes les photos et ce qui attire la plupart des visiteurs \u00e0 visiter Setenil de las Bodegas.<\/p>\n\n\n\n<div style=\"height:21px\" aria-hidden=\"true\" class=\"wp-block-spacer\"><\/div>\n\n\n\n<figure class=\"wp-block-image size-large\"><img decoding=\"async\" width=\"1024\" height=\"680\" src=\"http:\/\/mappingspain.com\/wp-content\/uploads\/2024\/06\/Setenil-de-las-Bodegas-8-1024x680.jpg\" alt=\"\" class=\"wp-image-20665\" srcset=\"https:\/\/mappingspain.com\/wp-content\/uploads\/2024\/06\/Setenil-de-las-Bodegas-8-1024x680.jpg 1024w, https:\/\/mappingspain.com\/wp-content\/uploads\/2024\/06\/Setenil-de-las-Bodegas-8-300x199.jpg 300w, https:\/\/mappingspain.com\/wp-content\/uploads\/2024\/06\/Setenil-de-las-Bodegas-8-768x510.jpg 768w, https:\/\/mappingspain.com\/wp-content\/uploads\/2024\/06\/Setenil-de-las-Bodegas-8.jpg 1088w\" sizes=\"(max-width: 1024px) 100vw, 1024px\" \/><\/figure>\n\n\n<hr>\n<div class=\"content_hint\">&nbsp;<\/div>\n<hr>\n\n\n<div style=\"height:84px\" aria-hidden=\"true\" class=\"wp-block-spacer\"><\/div>\n\n\n\n<p>Mais la ville compte bien d\u2019autres maisons construites dans la roche. Contrairement aux autres Pueblos Blancos qui \u00e9taient g\u00e9n\u00e9ralement construits sur les sommets de collines ou de falaises, Setenil de las Bodegas s&rsquo;est d\u00e9velopp\u00e9 \u00e0 partir du r\u00e9seau de grottes le long de la rivi\u00e8re Trejo. On pense que l\u2019habitation humaine ici pourrait remonter \u00e0 environ 25 000 ans. Vous en verrez partout le long de la rivi\u00e8re, des maisons construites entre des \u00ab plis \u00bb dans la roche. Les fa\u00e7ades sont celles des maisons ordinaires mais \u00e0 l&rsquo;int\u00e9rieur de la roche se trouvent les plafonds et les murs des b\u00e2timents. Un peu plus loin des Calles Cuevas del Sol, vous verrez la <strong>Calle Jaboner\u00eda<\/strong> qui en est un bon exemple. Un autre endroit id\u00e9al pour avoir un aper\u00e7u des maisons troglodytes est de passer par la grande porte qui m\u00e8ne de la Plaza de Andalusia \u00e0 la <strong>Calle Cj\u00f3n<\/strong> de l&rsquo;autre c\u00f4t\u00e9. L\u00e0, vous verrez un ensemble d&rsquo;escaliers et une vue sur les maisons troglodytes le long de la rivi\u00e8re (vous avez la m\u00eame vue depuis le Mirador de la Villa mais cela semblait tout simplement plus impressionnant de cet endroit).<\/p>\n\n\n\n<div style=\"height:21px\" aria-hidden=\"true\" class=\"wp-block-spacer\"><\/div>\n\n\n\n<figure class=\"wp-block-image size-large\"><img decoding=\"async\" width=\"1024\" height=\"651\" src=\"http:\/\/mappingspain.com\/wp-content\/uploads\/2024\/06\/IMG_9817-1024x651.jpg\" alt=\"\" class=\"wp-image-20674\" srcset=\"https:\/\/mappingspain.com\/wp-content\/uploads\/2024\/06\/IMG_9817-1024x651.jpg 1024w, https:\/\/mappingspain.com\/wp-content\/uploads\/2024\/06\/IMG_9817-300x191.jpg 300w, https:\/\/mappingspain.com\/wp-content\/uploads\/2024\/06\/IMG_9817-768x488.jpg 768w, https:\/\/mappingspain.com\/wp-content\/uploads\/2024\/06\/IMG_9817.jpg 1200w\" sizes=\"(max-width: 1024px) 100vw, 1024px\" \/><figcaption class=\"wp-element-caption\"> Calle Jaboner\u00eda<\/figcaption><\/figure>\n\n\n\n<figure class=\"wp-block-image size-large\"><img decoding=\"async\" width=\"1024\" height=\"683\" src=\"http:\/\/mappingspain.com\/wp-content\/uploads\/2024\/06\/Setenil-de-las-Bodegas-20-1024x683.jpg\" alt=\"\" class=\"wp-image-20671\" srcset=\"https:\/\/mappingspain.com\/wp-content\/uploads\/2024\/06\/Setenil-de-las-Bodegas-20-1024x683.jpg 1024w, https:\/\/mappingspain.com\/wp-content\/uploads\/2024\/06\/Setenil-de-las-Bodegas-20-300x200.jpg 300w, https:\/\/mappingspain.com\/wp-content\/uploads\/2024\/06\/Setenil-de-las-Bodegas-20-768x512.jpg 768w, https:\/\/mappingspain.com\/wp-content\/uploads\/2024\/06\/Setenil-de-las-Bodegas-20-600x400.jpg 600w, https:\/\/mappingspain.com\/wp-content\/uploads\/2024\/06\/Setenil-de-las-Bodegas-20.jpg 1200w\" sizes=\"(max-width: 1024px) 100vw, 1024px\" \/><figcaption class=\"wp-element-caption\">Calle Cj\u00f3n<\/figcaption><\/figure>\n\n\n<hr>\n<div class=\"content_hint\">&nbsp;<\/div>\n<hr>\n\n\n<div style=\"height:70px\" aria-hidden=\"true\" class=\"wp-block-spacer\"><\/div>\n\n\n\n<p>Longez la <strong>Calle Herreria<\/strong>, une petite rue pi\u00e9tonne \u00e9troite et escarp\u00e9e longeant de gros rochers. Certains rochers d\u00e9passent, bloquant la lumi\u00e8re du soleil provenant de la rue en contrebas. C\u2019est la rue la plus ancienne de Setenil de las Bodegas.<\/p>\n\n\n\n<div style=\"height:22px\" aria-hidden=\"true\" class=\"wp-block-spacer\"><\/div>\n\n\n\n<figure class=\"wp-block-image size-large\"><img decoding=\"async\" width=\"1024\" height=\"683\" src=\"http:\/\/mappingspain.com\/wp-content\/uploads\/2024\/06\/Setenil-de-las-Bodegas-24-1024x683.jpg\" alt=\"\" class=\"wp-image-20677\" srcset=\"https:\/\/mappingspain.com\/wp-content\/uploads\/2024\/06\/Setenil-de-las-Bodegas-24-1024x683.jpg 1024w, https:\/\/mappingspain.com\/wp-content\/uploads\/2024\/06\/Setenil-de-las-Bodegas-24-300x200.jpg 300w, https:\/\/mappingspain.com\/wp-content\/uploads\/2024\/06\/Setenil-de-las-Bodegas-24-768x512.jpg 768w, https:\/\/mappingspain.com\/wp-content\/uploads\/2024\/06\/Setenil-de-las-Bodegas-24-600x400.jpg 600w, https:\/\/mappingspain.com\/wp-content\/uploads\/2024\/06\/Setenil-de-las-Bodegas-24.jpg 1200w\" sizes=\"(max-width: 1024px) 100vw, 1024px\" \/><\/figure>\n\n\n\n<figure class=\"wp-block-image size-large\"><img decoding=\"async\" width=\"1024\" height=\"536\" src=\"http:\/\/mappingspain.com\/wp-content\/uploads\/2024\/06\/Setenil-de-las-Bodegas-23-1024x536.jpg\" alt=\"\" class=\"wp-image-20680\" srcset=\"https:\/\/mappingspain.com\/wp-content\/uploads\/2024\/06\/Setenil-de-las-Bodegas-23-1024x536.jpg 1024w, https:\/\/mappingspain.com\/wp-content\/uploads\/2024\/06\/Setenil-de-las-Bodegas-23-300x157.jpg 300w, https:\/\/mappingspain.com\/wp-content\/uploads\/2024\/06\/Setenil-de-las-Bodegas-23-768x402.jpg 768w, https:\/\/mappingspain.com\/wp-content\/uploads\/2024\/06\/Setenil-de-las-Bodegas-23.jpg 1151w\" sizes=\"(max-width: 1024px) 100vw, 1024px\" \/><\/figure>\n\n\n\n<div style=\"height:78px\" aria-hidden=\"true\" class=\"wp-block-spacer\"><\/div>\n\n\n\n<p>Au sommet de la ville, vous verrez une tour. Il s\u2019agit de la <strong>tour Nazari<\/strong>, le seul vestige d\u2019une forteresse maure qui se dressait ici. Elle se trouve \u00e0 c\u00f4t\u00e9 d\u2019une grande \u00e9glise, <strong>l\u2019\u00e9glise de l\u2019Incarnation<\/strong> (qui \u00e9tait ferm\u00e9e). \u00c0 quelques pas se trouve la <strong>Parroquia Setenil de las Bodegas<\/strong>, \u00e0 c\u00f4t\u00e9 du <strong>Mirador de la Villa<\/strong>.<\/p>\n\n\n\n<div style=\"height:19px\" aria-hidden=\"true\" class=\"wp-block-spacer\"><\/div>\n\n\n\n<figure class=\"wp-block-image size-large\"><img decoding=\"async\" width=\"1024\" height=\"683\" src=\"http:\/\/mappingspain.com\/wp-content\/uploads\/2024\/06\/Setenil-de-las-Bodegas-16-1024x683.jpg\" alt=\"\" class=\"wp-image-20683\" srcset=\"https:\/\/mappingspain.com\/wp-content\/uploads\/2024\/06\/Setenil-de-las-Bodegas-16-1024x683.jpg 1024w, https:\/\/mappingspain.com\/wp-content\/uploads\/2024\/06\/Setenil-de-las-Bodegas-16-300x200.jpg 300w, https:\/\/mappingspain.com\/wp-content\/uploads\/2024\/06\/Setenil-de-las-Bodegas-16-768x512.jpg 768w, https:\/\/mappingspain.com\/wp-content\/uploads\/2024\/06\/Setenil-de-las-Bodegas-16-600x400.jpg 600w, https:\/\/mappingspain.com\/wp-content\/uploads\/2024\/06\/Setenil-de-las-Bodegas-16.jpg 1200w\" sizes=\"(max-width: 1024px) 100vw, 1024px\" \/><figcaption class=\"wp-element-caption\">Tour Nazari<\/figcaption><\/figure>\n\n\n\n<figure class=\"wp-block-image size-large\"><img decoding=\"async\" width=\"1024\" height=\"683\" src=\"http:\/\/mappingspain.com\/wp-content\/uploads\/2024\/06\/Setenil-de-las-Bodegas-17-1024x683.jpg\" alt=\"\" class=\"wp-image-20695\" srcset=\"https:\/\/mappingspain.com\/wp-content\/uploads\/2024\/06\/Setenil-de-las-Bodegas-17-1024x683.jpg 1024w, https:\/\/mappingspain.com\/wp-content\/uploads\/2024\/06\/Setenil-de-las-Bodegas-17-300x200.jpg 300w, https:\/\/mappingspain.com\/wp-content\/uploads\/2024\/06\/Setenil-de-las-Bodegas-17-768x512.jpg 768w, https:\/\/mappingspain.com\/wp-content\/uploads\/2024\/06\/Setenil-de-las-Bodegas-17-600x400.jpg 600w, https:\/\/mappingspain.com\/wp-content\/uploads\/2024\/06\/Setenil-de-las-Bodegas-17.jpg 1200w\" sizes=\"(max-width: 1024px) 100vw, 1024px\" \/><\/figure>\n\n\n\n<figure class=\"wp-block-image size-large\"><img decoding=\"async\" width=\"1024\" height=\"655\" src=\"http:\/\/mappingspain.com\/wp-content\/uploads\/2024\/06\/IMG_9856-1024x655.jpg\" alt=\"\" class=\"wp-image-20686\" srcset=\"https:\/\/mappingspain.com\/wp-content\/uploads\/2024\/06\/IMG_9856-1024x655.jpg 1024w, https:\/\/mappingspain.com\/wp-content\/uploads\/2024\/06\/IMG_9856-300x192.jpg 300w, https:\/\/mappingspain.com\/wp-content\/uploads\/2024\/06\/IMG_9856-768x491.jpg 768w, https:\/\/mappingspain.com\/wp-content\/uploads\/2024\/06\/IMG_9856.jpg 1200w\" sizes=\"(max-width: 1024px) 100vw, 1024px\" \/><figcaption class=\"wp-element-caption\"><strong>Eglise de l\u2019Incarnation<\/strong><\/figcaption><\/figure>\n\n\n\n<div style=\"height:77px\" aria-hidden=\"true\" class=\"wp-block-spacer\"><\/div>\n\n\n\n<p>Quelques autres photos de la ville :<\/p>\n\n\n\n<div style=\"height:18px\" aria-hidden=\"true\" class=\"wp-block-spacer\"><\/div>\n\n\n\n<figure class=\"wp-block-image size-large\"><img decoding=\"async\" width=\"1024\" height=\"683\" src=\"http:\/\/mappingspain.com\/wp-content\/uploads\/2024\/06\/Setenil-de-las-Bodegas-12-1024x683.jpg\" alt=\"\" class=\"wp-image-20689\" srcset=\"https:\/\/mappingspain.com\/wp-content\/uploads\/2024\/06\/Setenil-de-las-Bodegas-12-1024x683.jpg 1024w, https:\/\/mappingspain.com\/wp-content\/uploads\/2024\/06\/Setenil-de-las-Bodegas-12-300x200.jpg 300w, https:\/\/mappingspain.com\/wp-content\/uploads\/2024\/06\/Setenil-de-las-Bodegas-12-768x512.jpg 768w, https:\/\/mappingspain.com\/wp-content\/uploads\/2024\/06\/Setenil-de-las-Bodegas-12-600x400.jpg 600w, https:\/\/mappingspain.com\/wp-content\/uploads\/2024\/06\/Setenil-de-las-Bodegas-12.jpg 1200w\" sizes=\"(max-width: 1024px) 100vw, 1024px\" \/><figcaption class=\"wp-element-caption\">Le m\u00e9lange d&rsquo;\u00e9l\u00e9ments maures et chr\u00e9tiens<\/figcaption><\/figure>\n\n\n\n<figure class=\"wp-block-image size-large\"><img decoding=\"async\" width=\"1024\" height=\"683\" src=\"http:\/\/mappingspain.com\/wp-content\/uploads\/2024\/06\/Setenil-de-las-Bodegas-13-1024x683.jpg\" alt=\"\" class=\"wp-image-20692\" srcset=\"https:\/\/mappingspain.com\/wp-content\/uploads\/2024\/06\/Setenil-de-las-Bodegas-13-1024x683.jpg 1024w, https:\/\/mappingspain.com\/wp-content\/uploads\/2024\/06\/Setenil-de-las-Bodegas-13-300x200.jpg 300w, https:\/\/mappingspain.com\/wp-content\/uploads\/2024\/06\/Setenil-de-las-Bodegas-13-768x512.jpg 768w, https:\/\/mappingspain.com\/wp-content\/uploads\/2024\/06\/Setenil-de-las-Bodegas-13-600x400.jpg 600w, https:\/\/mappingspain.com\/wp-content\/uploads\/2024\/06\/Setenil-de-las-Bodegas-13.jpg 1200w\" sizes=\"(max-width: 1024px) 100vw, 1024px\" \/><figcaption class=\"wp-element-caption\">Ermita de San Benito<\/figcaption><\/figure>\n\n\n\n<figure class=\"wp-block-image size-large\"><img decoding=\"async\" width=\"1024\" height=\"693\" src=\"http:\/\/mappingspain.com\/wp-content\/uploads\/2024\/06\/Setenil-de-las-Bodegas-14-1024x693.jpg\" alt=\"\" class=\"wp-image-20698\" srcset=\"https:\/\/mappingspain.com\/wp-content\/uploads\/2024\/06\/Setenil-de-las-Bodegas-14-1024x693.jpg 1024w, https:\/\/mappingspain.com\/wp-content\/uploads\/2024\/06\/Setenil-de-las-Bodegas-14-300x203.jpg 300w, https:\/\/mappingspain.com\/wp-content\/uploads\/2024\/06\/Setenil-de-las-Bodegas-14-768x520.jpg 768w, https:\/\/mappingspain.com\/wp-content\/uploads\/2024\/06\/Setenil-de-las-Bodegas-14.jpg 1138w\" sizes=\"(max-width: 1024px) 100vw, 1024px\" \/><figcaption class=\"wp-element-caption\">Vue sur la Plaza de Andalusia depuis le belv\u00e9d\u00e8re situ\u00e9 \u00e0 c\u00f4t\u00e9 de l&rsquo;office de tourisme<\/figcaption><\/figure>\n\n\n\n<figure class=\"wp-block-image size-full\"><img decoding=\"async\" width=\"821\" height=\"489\" src=\"http:\/\/mappingspain.com\/wp-content\/uploads\/2024\/06\/Setenil-de-las-Bodegas-15.jpg\" alt=\"\" class=\"wp-image-20701\" srcset=\"https:\/\/mappingspain.com\/wp-content\/uploads\/2024\/06\/Setenil-de-las-Bodegas-15.jpg 821w, https:\/\/mappingspain.com\/wp-content\/uploads\/2024\/06\/Setenil-de-las-Bodegas-15-300x179.jpg 300w, https:\/\/mappingspain.com\/wp-content\/uploads\/2024\/06\/Setenil-de-las-Bodegas-15-768x457.jpg 768w\" sizes=\"(max-width: 821px) 100vw, 821px\" \/><figcaption class=\"wp-element-caption\">\u00c0 c\u00f4t\u00e9 de la tour Nazari<\/figcaption><\/figure>\n\n\n\n<div style=\"height:23px\" aria-hidden=\"true\" class=\"wp-block-spacer\"><\/div>\n\n\n\n<p>Si vous le pouvez, arr\u00eatez-vous au <strong>Mirador Balc\u00f3n De Setenil de las Bodegas<\/strong> lorsque vous arrivez en ville. Superbes vues.<\/p>\n\n\n\n<div style=\"height:15px\" aria-hidden=\"true\" class=\"wp-block-spacer\"><\/div>\n\n\n\n<figure class=\"wp-block-image size-large\"><img decoding=\"async\" width=\"1024\" height=\"683\" src=\"http:\/\/mappingspain.com\/wp-content\/uploads\/2024\/06\/Setenil-de-las-Bodegas-1-1024x683.jpg\" alt=\"\" class=\"wp-image-20705\" srcset=\"https:\/\/mappingspain.com\/wp-content\/uploads\/2024\/06\/Setenil-de-las-Bodegas-1-1024x683.jpg 1024w, https:\/\/mappingspain.com\/wp-content\/uploads\/2024\/06\/Setenil-de-las-Bodegas-1-300x200.jpg 300w, https:\/\/mappingspain.com\/wp-content\/uploads\/2024\/06\/Setenil-de-las-Bodegas-1-768x512.jpg 768w, https:\/\/mappingspain.com\/wp-content\/uploads\/2024\/06\/Setenil-de-las-Bodegas-1-600x400.jpg 600w, https:\/\/mappingspain.com\/wp-content\/uploads\/2024\/06\/Setenil-de-las-Bodegas-1.jpg 1200w\" sizes=\"(max-width: 1024px) 100vw, 1024px\" \/><\/figure>\n\n\n\n<div style=\"height:35px\" aria-hidden=\"true\" class=\"wp-block-spacer\"><\/div>\n\n\n<hr \/>\n<div class=\"content_hint\">\u00a0<\/div>\n<hr \/>\n\n\n<div style=\"height:86px\" aria-hidden=\"true\" class=\"wp-block-spacer\"><\/div>\n\n\n\n<p>Mais en r\u00e9alit\u00e9, la raison pour laquelle les gens viennent \u00e0 Setenil de las Bodegas est de se promener dans les rues Cuevas del Sol et Cuevas de la Sombra, puis de s&rsquo;arr\u00eater pour prendre un verre et un repas dans l&rsquo;un des nombreux restaurants. Rares sont ceux qui s\u2019aventurent plus loin.<\/p>\n\n\n\n<p class=\"has-text-align-center\"><p class=\"has-text-align-center\"><em>Vid\u00e9o ci-dessous : la boucle autour de la Calle Cuevas del Sol et de la Calle Cuevas de la Sombra<\/em><\/p><iframe loading=\"lazy\" width=\"800\" height=\"450\" src=\"https:\/\/www.youtube.com\/embed\/alTHBaZQaZk?si=kzfnO6HU_ItQ4Bq2\" title=\"YouTube video player\" frameborder=\"0\" allow=\"accelerometer; autoplay; clipboard-write; encrypted-media; gyroscope; picture-in-picture; web-share\" referrerpolicy=\"strict-origin-when-cross-origin\" allowfullscreen=\"\"><\/iframe><\/p>\n\n\n\n<div style=\"height:100px\" aria-hidden=\"true\" class=\"wp-block-spacer\"><\/div>\n\n\n\n<h3 class=\"wp-block-heading\"><strong>Alors Setenil de las Bodegas est-il surestim\u00e9 ?<\/strong><\/h3>\n\n\n\n<p>Je vais \u00eatre honn\u00eate : apr\u00e8s Zahara de la Sierre et Olvera, nous ne sommes pas tomb\u00e9s amoureux de Setenil de las Bodegas. Oui, les maisons construites dans la roche sont impressionnantes. Mais nous n\u2019avons pas trouv\u00e9 la ville jolie ni bien entretenue et nous avons \u00e9t\u00e9 surpris par les conducteurs agressifs dans la Calle Cuevas de la Sombra (Je ne comprends pas pourquoi il n&rsquo;est pas ferm\u00e9 \u00e0 la circulation). Et nous ne pouvions pas croire le nombre de touristes, dont beaucoup \u00e9taient des groupes de touristes venant de <a href=\"https:\/\/mappingspain.com\/fr\/visiter-ronda-que-voir-et-comment-le-faire\/\" target=\"_blank\" rel=\"noreferrer noopener\">Ronda<\/a>, \u00e0 proximit\u00e9.<\/p>\n\n\n\n<p>Setenil de las Bodegas n\u2019\u00e9tait tout simplement pas notre pr\u00e9f\u00e9r\u00e9 parmi les Pueblos Blancos* d\u2019Andalousie.<\/p>\n\n\n\n<p><em>*Ce n&rsquo;est que notre avis. Vous pourriez vous sentir totalement diff\u00e9rent \u00e0 ce sujet.<\/em><\/p>\n\n\n\n<div style=\"height:16px\" aria-hidden=\"true\" class=\"wp-block-spacer\"><\/div>\n\n\n\n<p><em><strong>Pour plus d&rsquo;informations sur Setenil de las Bodegas<\/strong><\/em>: <a href=\"https:\/\/turismodesetenil.com\/en\/que-visitar\/\" target=\"_blank\" rel=\"noreferrer noopener\">Le site officiel du tourisme<\/a>. Cliquez dessus et il vous dira quoi voir en ville et vous donnera une carte touristique.<\/p>\n\n\n\n<div style=\"height:76px\" aria-hidden=\"true\" class=\"wp-block-spacer\"><\/div>\n\n\n\n<div style=\"height:39px\" aria-hidden=\"true\" class=\"wp-block-spacer\"><\/div>\n<div class='ctx-module-container ctx_default_placement ctx-clearfix'><\/div><span class=\"ctx-article-root\"><!-- --><\/span>","protected":false},"excerpt":{"rendered":"<p>Setenil de las Bodegas est-il surestim\u00e9? Setenil de las Bodegas est une ville populaire, connue pour les b\u00e2timents construits sous les rochers du canyon qui la surplombe. Nous avons visit\u00e9 la ville dans le cadre d&rsquo;une excursion d&rsquo;une journ\u00e9e comprenant 2 autres Pueblos Blancos: Zahara de la Sierra et Olvera (tous deux situ\u00e9s \u00e0 proximit\u00e9). [&hellip;]<\/p>\n","protected":false},"author":2,"featured_media":20651,"comment_status":"open","ping_status":"open","sticky":false,"template":"","format":"standard","meta":{"_genesis_hide_title":false,"_genesis_hide_breadcrumbs":false,"_genesis_hide_singular_image":false,"_genesis_hide_footer_widgets":false,"_genesis_custom_body_class":"","_genesis_custom_post_class":"","_genesis_layout":"","footnotes":""},"categories":[241,435],"tags":[],"class_list":{"0":"post-21591","1":"post","2":"type-post","3":"status-publish","4":"format-standard","5":"has-post-thumbnail","7":"category-andalousie-m-z","8":"category-setenil-de-las-bodegas-2","9":"entry"},"yoast_head":"<!-- This site is optimized with the Yoast SEO plugin v27.5 - https:\/\/yoast.com\/product\/yoast-seo-wordpress\/ -->\n<title>Setenil de las Bodegas est-il surestim\u00e9? - Mapping Spain<\/title>\n<meta name=\"description\" content=\"Setenil de las Bodegas est une ville populaire, connue pour les b\u00e2timents construits sous les rochers du canyon qui la surplombe.\" \/>\n<meta name=\"robots\" content=\"index, follow, max-snippet:-1, max-image-preview:large, max-video-preview:-1\" \/>\n<link rel=\"canonical\" href=\"https:\/\/mappingspain.com\/fr\/setenil-de-las-bodegas-est-il-surestime\/\" \/>\n<meta property=\"og:locale\" content=\"fr_FR\" \/>\n<meta property=\"og:type\" content=\"article\" \/>\n<meta property=\"og:title\" content=\"Setenil de las Bodegas est-il surestim\u00e9? - Mapping Spain\" \/>\n<meta property=\"og:description\" content=\"Setenil de las Bodegas est une ville populaire, connue pour les b\u00e2timents construits sous les rochers du canyon qui la surplombe.\" \/>\n<meta property=\"og:url\" content=\"https:\/\/mappingspain.com\/fr\/setenil-de-las-bodegas-est-il-surestime\/\" \/>\n<meta property=\"og:site_name\" content=\"Mapping Spain\" \/>\n<meta property=\"article:published_time\" content=\"2024-06-19T19:23:26+00:00\" \/>\n<meta property=\"article:modified_time\" content=\"2024-07-30T18:42:10+00:00\" \/>\n<meta property=\"og:image\" content=\"https:\/\/mappingspain.com\/wp-content\/uploads\/2024\/06\/Setenil-de-las-Bodegas-25.jpg\" \/>\n\t<meta property=\"og:image:width\" content=\"1200\" \/>\n\t<meta property=\"og:image:height\" content=\"800\" \/>\n\t<meta property=\"og:image:type\" content=\"image\/jpeg\" \/>\n<meta name=\"author\" content=\"Frank\" \/>\n<meta name=\"twitter:card\" content=\"summary_large_image\" \/>\n<meta name=\"twitter:label1\" content=\"\u00c9crit par\" \/>\n\t<meta name=\"twitter:data1\" content=\"Frank\" \/>\n\t<meta name=\"twitter:label2\" content=\"Dur\u00e9e de lecture estim\u00e9e\" \/>\n\t<meta name=\"twitter:data2\" content=\"8 minutes\" \/>\n<script type=\"application\/ld+json\" class=\"yoast-schema-graph\">{\"@context\":\"https:\\\/\\\/schema.org\",\"@graph\":[{\"@type\":\"Article\",\"@id\":\"https:\\\/\\\/mappingspain.com\\\/fr\\\/setenil-de-las-bodegas-est-il-surestime\\\/#article\",\"isPartOf\":{\"@id\":\"https:\\\/\\\/mappingspain.com\\\/fr\\\/setenil-de-las-bodegas-est-il-surestime\\\/\"},\"author\":{\"name\":\"Frank\",\"@id\":\"https:\\\/\\\/mappingspain.com\\\/fr\\\/#\\\/schema\\\/person\\\/1e3c8dae7a8d66a64591f1b41c8b1101\"},\"headline\":\"Setenil de las Bodegas est-il surestim\u00e9?\",\"datePublished\":\"2024-06-19T19:23:26+00:00\",\"dateModified\":\"2024-07-30T18:42:10+00:00\",\"mainEntityOfPage\":{\"@id\":\"https:\\\/\\\/mappingspain.com\\\/fr\\\/setenil-de-las-bodegas-est-il-surestime\\\/\"},\"wordCount\":851,\"commentCount\":0,\"image\":{\"@id\":\"https:\\\/\\\/mappingspain.com\\\/fr\\\/setenil-de-las-bodegas-est-il-surestime\\\/#primaryimage\"},\"thumbnailUrl\":\"https:\\\/\\\/mappingspain.com\\\/wp-content\\\/uploads\\\/2024\\\/06\\\/Setenil-de-las-Bodegas-25.jpg\",\"articleSection\":[\"ANDALOUSIE (M-Z)\",\"Setenil de las Bodegas\"],\"inLanguage\":\"fr-FR\",\"potentialAction\":[{\"@type\":\"CommentAction\",\"name\":\"Comment\",\"target\":[\"https:\\\/\\\/mappingspain.com\\\/fr\\\/setenil-de-las-bodegas-est-il-surestime\\\/#respond\"]}]},{\"@type\":\"WebPage\",\"@id\":\"https:\\\/\\\/mappingspain.com\\\/fr\\\/setenil-de-las-bodegas-est-il-surestime\\\/\",\"url\":\"https:\\\/\\\/mappingspain.com\\\/fr\\\/setenil-de-las-bodegas-est-il-surestime\\\/\",\"name\":\"Setenil de las Bodegas est-il surestim\u00e9? - Mapping Spain\",\"isPartOf\":{\"@id\":\"https:\\\/\\\/mappingspain.com\\\/fr\\\/#website\"},\"primaryImageOfPage\":{\"@id\":\"https:\\\/\\\/mappingspain.com\\\/fr\\\/setenil-de-las-bodegas-est-il-surestime\\\/#primaryimage\"},\"image\":{\"@id\":\"https:\\\/\\\/mappingspain.com\\\/fr\\\/setenil-de-las-bodegas-est-il-surestime\\\/#primaryimage\"},\"thumbnailUrl\":\"https:\\\/\\\/mappingspain.com\\\/wp-content\\\/uploads\\\/2024\\\/06\\\/Setenil-de-las-Bodegas-25.jpg\",\"datePublished\":\"2024-06-19T19:23:26+00:00\",\"dateModified\":\"2024-07-30T18:42:10+00:00\",\"author\":{\"@id\":\"https:\\\/\\\/mappingspain.com\\\/fr\\\/#\\\/schema\\\/person\\\/1e3c8dae7a8d66a64591f1b41c8b1101\"},\"description\":\"Setenil de las Bodegas est une ville populaire, connue pour les b\u00e2timents construits sous les rochers du canyon qui la surplombe.\",\"breadcrumb\":{\"@id\":\"https:\\\/\\\/mappingspain.com\\\/fr\\\/setenil-de-las-bodegas-est-il-surestime\\\/#breadcrumb\"},\"inLanguage\":\"fr-FR\",\"potentialAction\":[{\"@type\":\"ReadAction\",\"target\":[\"https:\\\/\\\/mappingspain.com\\\/fr\\\/setenil-de-las-bodegas-est-il-surestime\\\/\"]}]},{\"@type\":\"ImageObject\",\"inLanguage\":\"fr-FR\",\"@id\":\"https:\\\/\\\/mappingspain.com\\\/fr\\\/setenil-de-las-bodegas-est-il-surestime\\\/#primaryimage\",\"url\":\"https:\\\/\\\/mappingspain.com\\\/wp-content\\\/uploads\\\/2024\\\/06\\\/Setenil-de-las-Bodegas-25.jpg\",\"contentUrl\":\"https:\\\/\\\/mappingspain.com\\\/wp-content\\\/uploads\\\/2024\\\/06\\\/Setenil-de-las-Bodegas-25.jpg\",\"width\":1200,\"height\":800},{\"@type\":\"BreadcrumbList\",\"@id\":\"https:\\\/\\\/mappingspain.com\\\/fr\\\/setenil-de-las-bodegas-est-il-surestime\\\/#breadcrumb\",\"itemListElement\":[{\"@type\":\"ListItem\",\"position\":1,\"name\":\"Home\",\"item\":\"https:\\\/\\\/mappingspain.com\\\/fr\\\/\"},{\"@type\":\"ListItem\",\"position\":2,\"name\":\"Setenil de las Bodegas est-il surestim\u00e9?\"}]},{\"@type\":\"WebSite\",\"@id\":\"https:\\\/\\\/mappingspain.com\\\/fr\\\/#website\",\"url\":\"https:\\\/\\\/mappingspain.com\\\/fr\\\/\",\"name\":\"Mapping Spain\",\"description\":\"Everything Spain!\",\"potentialAction\":[{\"@type\":\"SearchAction\",\"target\":{\"@type\":\"EntryPoint\",\"urlTemplate\":\"https:\\\/\\\/mappingspain.com\\\/fr\\\/?s={search_term_string}\"},\"query-input\":{\"@type\":\"PropertyValueSpecification\",\"valueRequired\":true,\"valueName\":\"search_term_string\"}}],\"inLanguage\":\"fr-FR\"},{\"@type\":\"Person\",\"@id\":\"https:\\\/\\\/mappingspain.com\\\/fr\\\/#\\\/schema\\\/person\\\/1e3c8dae7a8d66a64591f1b41c8b1101\",\"name\":\"Frank\",\"image\":{\"@type\":\"ImageObject\",\"inLanguage\":\"fr-FR\",\"@id\":\"https:\\\/\\\/secure.gravatar.com\\\/avatar\\\/a5454735bd4b74c9d0a1bf1f04caac3dbd7f217c7c7fa65d5b39d98bbeab8b4e?s=96&d=mm&r=g\",\"url\":\"https:\\\/\\\/secure.gravatar.com\\\/avatar\\\/a5454735bd4b74c9d0a1bf1f04caac3dbd7f217c7c7fa65d5b39d98bbeab8b4e?s=96&d=mm&r=g\",\"contentUrl\":\"https:\\\/\\\/secure.gravatar.com\\\/avatar\\\/a5454735bd4b74c9d0a1bf1f04caac3dbd7f217c7c7fa65d5b39d98bbeab8b4e?s=96&d=mm&r=g\",\"caption\":\"Frank\"}}]}<\/script>\n<!-- \/ Yoast SEO plugin. -->","yoast_head_json":{"title":"Setenil de las Bodegas est-il surestim\u00e9? - Mapping Spain","description":"Setenil de las Bodegas est une ville populaire, connue pour les b\u00e2timents construits sous les rochers du canyon qui la surplombe.","robots":{"index":"index","follow":"follow","max-snippet":"max-snippet:-1","max-image-preview":"max-image-preview:large","max-video-preview":"max-video-preview:-1"},"canonical":"https:\/\/mappingspain.com\/fr\/setenil-de-las-bodegas-est-il-surestime\/","og_locale":"fr_FR","og_type":"article","og_title":"Setenil de las Bodegas est-il surestim\u00e9? - Mapping Spain","og_description":"Setenil de las Bodegas est une ville populaire, connue pour les b\u00e2timents construits sous les rochers du canyon qui la surplombe.","og_url":"https:\/\/mappingspain.com\/fr\/setenil-de-las-bodegas-est-il-surestime\/","og_site_name":"Mapping Spain","article_published_time":"2024-06-19T19:23:26+00:00","article_modified_time":"2024-07-30T18:42:10+00:00","og_image":[{"width":1200,"height":800,"url":"https:\/\/mappingspain.com\/wp-content\/uploads\/2024\/06\/Setenil-de-las-Bodegas-25.jpg","type":"image\/jpeg"}],"author":"Frank","twitter_card":"summary_large_image","twitter_misc":{"\u00c9crit par":"Frank","Dur\u00e9e de lecture estim\u00e9e":"8 minutes"},"schema":{"@context":"https:\/\/schema.org","@graph":[{"@type":"Article","@id":"https:\/\/mappingspain.com\/fr\/setenil-de-las-bodegas-est-il-surestime\/#article","isPartOf":{"@id":"https:\/\/mappingspain.com\/fr\/setenil-de-las-bodegas-est-il-surestime\/"},"author":{"name":"Frank","@id":"https:\/\/mappingspain.com\/fr\/#\/schema\/person\/1e3c8dae7a8d66a64591f1b41c8b1101"},"headline":"Setenil de las Bodegas est-il surestim\u00e9?","datePublished":"2024-06-19T19:23:26+00:00","dateModified":"2024-07-30T18:42:10+00:00","mainEntityOfPage":{"@id":"https:\/\/mappingspain.com\/fr\/setenil-de-las-bodegas-est-il-surestime\/"},"wordCount":851,"commentCount":0,"image":{"@id":"https:\/\/mappingspain.com\/fr\/setenil-de-las-bodegas-est-il-surestime\/#primaryimage"},"thumbnailUrl":"https:\/\/mappingspain.com\/wp-content\/uploads\/2024\/06\/Setenil-de-las-Bodegas-25.jpg","articleSection":["ANDALOUSIE (M-Z)","Setenil de las Bodegas"],"inLanguage":"fr-FR","potentialAction":[{"@type":"CommentAction","name":"Comment","target":["https:\/\/mappingspain.com\/fr\/setenil-de-las-bodegas-est-il-surestime\/#respond"]}]},{"@type":"WebPage","@id":"https:\/\/mappingspain.com\/fr\/setenil-de-las-bodegas-est-il-surestime\/","url":"https:\/\/mappingspain.com\/fr\/setenil-de-las-bodegas-est-il-surestime\/","name":"Setenil de las Bodegas est-il surestim\u00e9? - Mapping Spain","isPartOf":{"@id":"https:\/\/mappingspain.com\/fr\/#website"},"primaryImageOfPage":{"@id":"https:\/\/mappingspain.com\/fr\/setenil-de-las-bodegas-est-il-surestime\/#primaryimage"},"image":{"@id":"https:\/\/mappingspain.com\/fr\/setenil-de-las-bodegas-est-il-surestime\/#primaryimage"},"thumbnailUrl":"https:\/\/mappingspain.com\/wp-content\/uploads\/2024\/06\/Setenil-de-las-Bodegas-25.jpg","datePublished":"2024-06-19T19:23:26+00:00","dateModified":"2024-07-30T18:42:10+00:00","author":{"@id":"https:\/\/mappingspain.com\/fr\/#\/schema\/person\/1e3c8dae7a8d66a64591f1b41c8b1101"},"description":"Setenil de las Bodegas est une ville populaire, connue pour les b\u00e2timents construits sous les rochers du canyon qui la surplombe.","breadcrumb":{"@id":"https:\/\/mappingspain.com\/fr\/setenil-de-las-bodegas-est-il-surestime\/#breadcrumb"},"inLanguage":"fr-FR","potentialAction":[{"@type":"ReadAction","target":["https:\/\/mappingspain.com\/fr\/setenil-de-las-bodegas-est-il-surestime\/"]}]},{"@type":"ImageObject","inLanguage":"fr-FR","@id":"https:\/\/mappingspain.com\/fr\/setenil-de-las-bodegas-est-il-surestime\/#primaryimage","url":"https:\/\/mappingspain.com\/wp-content\/uploads\/2024\/06\/Setenil-de-las-Bodegas-25.jpg","contentUrl":"https:\/\/mappingspain.com\/wp-content\/uploads\/2024\/06\/Setenil-de-las-Bodegas-25.jpg","width":1200,"height":800},{"@type":"BreadcrumbList","@id":"https:\/\/mappingspain.com\/fr\/setenil-de-las-bodegas-est-il-surestime\/#breadcrumb","itemListElement":[{"@type":"ListItem","position":1,"name":"Home","item":"https:\/\/mappingspain.com\/fr\/"},{"@type":"ListItem","position":2,"name":"Setenil de las Bodegas est-il surestim\u00e9?"}]},{"@type":"WebSite","@id":"https:\/\/mappingspain.com\/fr\/#website","url":"https:\/\/mappingspain.com\/fr\/","name":"Mapping Spain","description":"Everything Spain!","potentialAction":[{"@type":"SearchAction","target":{"@type":"EntryPoint","urlTemplate":"https:\/\/mappingspain.com\/fr\/?s={search_term_string}"},"query-input":{"@type":"PropertyValueSpecification","valueRequired":true,"valueName":"search_term_string"}}],"inLanguage":"fr-FR"},{"@type":"Person","@id":"https:\/\/mappingspain.com\/fr\/#\/schema\/person\/1e3c8dae7a8d66a64591f1b41c8b1101","name":"Frank","image":{"@type":"ImageObject","inLanguage":"fr-FR","@id":"https:\/\/secure.gravatar.com\/avatar\/a5454735bd4b74c9d0a1bf1f04caac3dbd7f217c7c7fa65d5b39d98bbeab8b4e?s=96&d=mm&r=g","url":"https:\/\/secure.gravatar.com\/avatar\/a5454735bd4b74c9d0a1bf1f04caac3dbd7f217c7c7fa65d5b39d98bbeab8b4e?s=96&d=mm&r=g","contentUrl":"https:\/\/secure.gravatar.com\/avatar\/a5454735bd4b74c9d0a1bf1f04caac3dbd7f217c7c7fa65d5b39d98bbeab8b4e?s=96&d=mm&r=g","caption":"Frank"}}]}},"featured_image_src":"https:\/\/mappingspain.com\/wp-content\/uploads\/2024\/06\/Setenil-de-las-Bodegas-25-600x400.jpg","featured_image_src_square":"https:\/\/mappingspain.com\/wp-content\/uploads\/2024\/06\/Setenil-de-las-Bodegas-25-600x600.jpg","author_info":{"display_name":"Frank","author_link":"https:\/\/mappingspain.com\/fr\/author\/frank\/"},"_links":{"self":[{"href":"https:\/\/mappingspain.com\/fr\/wp-json\/wp\/v2\/posts\/21591","targetHints":{"allow":["GET"]}}],"collection":[{"href":"https:\/\/mappingspain.com\/fr\/wp-json\/wp\/v2\/posts"}],"about":[{"href":"https:\/\/mappingspain.com\/fr\/wp-json\/wp\/v2\/types\/post"}],"author":[{"embeddable":true,"href":"https:\/\/mappingspain.com\/fr\/wp-json\/wp\/v2\/users\/2"}],"replies":[{"embeddable":true,"href":"https:\/\/mappingspain.com\/fr\/wp-json\/wp\/v2\/comments?post=21591"}],"version-history":[{"count":3,"href":"https:\/\/mappingspain.com\/fr\/wp-json\/wp\/v2\/posts\/21591\/revisions"}],"predecessor-version":[{"id":21595,"href":"https:\/\/mappingspain.com\/fr\/wp-json\/wp\/v2\/posts\/21591\/revisions\/21595"}],"wp:featuredmedia":[{"embeddable":true,"href":"https:\/\/mappingspain.com\/fr\/wp-json\/wp\/v2\/media\/20651"}],"wp:attachment":[{"href":"https:\/\/mappingspain.com\/fr\/wp-json\/wp\/v2\/media?parent=21591"}],"wp:term":[{"taxonomy":"category","embeddable":true,"href":"https:\/\/mappingspain.com\/fr\/wp-json\/wp\/v2\/categories?post=21591"},{"taxonomy":"post_tag","embeddable":true,"href":"https:\/\/mappingspain.com\/fr\/wp-json\/wp\/v2\/tags?post=21591"}],"curies":[{"name":"wp","href":"https:\/\/api.w.org\/{rel}","templated":true}]}}