{"id":22729,"date":"2024-07-20T12:40:42","date_gmt":"2024-07-20T12:40:42","guid":{"rendered":"https:\/\/mappingspain.com\/?p=22729"},"modified":"2024-09-13T15:37:50","modified_gmt":"2024-09-13T15:37:50","slug":"comment-cest-vivre-a-majorque","status":"publish","type":"post","link":"https:\/\/mappingspain.com\/fr\/comment-cest-vivre-a-majorque\/","title":{"rendered":"Comment c\u2019est vivre \u00e0 Majorque?"},"content":{"rendered":"\n<p><mark style=\"background-color:rgba(0, 0, 0, 0);color:#ffffff\" class=\"has-inline-color\">Comment c\u2019est vivre \u00e0 Majorque?<\/mark><\/p>\n\n\n\n<p><strong>Fieke et son mari Guy vivent dans une petite ville sur la magnifique \u00eele de Majorque.<\/strong><\/p>\n\n\n\n<p>Dans cette interview, Fieke nous raconte tout ce qu&rsquo;elle aime \u00e0 Majorque, mais aborde \u00e9galement certains des inconv\u00e9nients de la vie sur l&rsquo;\u00eele. Elle donne \u00e9galement de nombreuses informations pratiques \u00e0 tous ceux qui envisagent de s&rsquo;installer \u00e0 Majorque.<\/p>\n\n\n\n<div style=\"height:22px\" aria-hidden=\"true\" class=\"wp-block-spacer\"><\/div>\n\n\n\n<hr class=\"wp-block-separator has-alpha-channel-opacity is-style-wide\"\/>\n\n\n\n<div class=\"wp-block-media-text is-stacked-on-mobile\" style=\"grid-template-columns:36% auto\"><figure class=\"wp-block-media-text__media\"><img decoding=\"async\" width=\"333\" height=\"463\" src=\"http:\/\/mappingspain.com\/wp-content\/uploads\/2024\/07\/Fieke-profile.jpg\" alt=\"\" class=\"wp-image-21372 size-full\" srcset=\"https:\/\/mappingspain.com\/wp-content\/uploads\/2024\/07\/Fieke-profile.jpg 333w, https:\/\/mappingspain.com\/wp-content\/uploads\/2024\/07\/Fieke-profile-216x300.jpg 216w\" sizes=\"(max-width: 333px) 100vw, 333px\" \/><\/figure><div class=\"wp-block-media-text__content\">\n<p><strong>Nom:\u00a0<\/strong>\u00a0Fieke Stolk-Aarden<br><strong>\u00c2ge:\u00a0\u00a0 <\/strong>44<br><strong>Pays d&rsquo;origine:<\/strong>\u00a0Les Pays-Bas<br><strong>Nombre d&rsquo;ann\u00e9es en Espagne<\/strong>:\u00a0\u00a01<\/p>\n<\/div><\/div>\n\n\n\n<hr class=\"wp-block-separator has-alpha-channel-opacity is-style-wide\"\/>\n\n\n\n<div style=\"height:84px\" aria-hidden=\"true\" class=\"wp-block-spacer\"><\/div>\n\n\n\n<p><strong>Salut Fieke ! S&rsquo;il vous pla\u00eet, parlez-moi de vous et de la fa\u00e7on dont vous avez fini par venir en Espagne.<\/strong><\/p>\n\n\n\n<p>Bonjour, ravi de vous rencontrer, ou encantada, comme on dit ici en Espagne. Je m&rsquo;appelle Fieke, je suis n\u00e9e et j&rsquo;ai grandi aux Pays-Bas et j&rsquo;y ai v\u00e9cu la majeure partie de ma vie. Apr\u00e8s mes \u00e9tudes en gestion h\u00f4teli\u00e8re, j&rsquo;ai travaill\u00e9 pendant 20 ans pour des cha\u00eenes h\u00f4teli\u00e8res internationales, principalement dans des m\u00e9tiers commerciaux. C\u2019est aussi l\u00e0 que j\u2019ai rencontr\u00e9 mon mari Guy, nous travaillions dans la m\u00eame entreprise. Tant dans notre vie personnelle que professionnelle, nous avons beaucoup voyag\u00e9 et comme nous travaillions tous les deux pour une entreprise internationale, il y avait toujours la possibilit\u00e9 que l&rsquo;un de nous se voie proposer un poste \u00e0 l&rsquo;\u00e9tranger. L\u2019ann\u00e9e o\u00f9 nous avons d\u00e9cid\u00e9 de partir \u00e0 l\u2019\u00e9tranger, plusieurs opportunit\u00e9s se sont pr\u00e9sent\u00e9es. Lorsque l\u2019emploi actuel de mon mari est arriv\u00e9, tout s\u2019est mis en place et nous avons d\u00e9cid\u00e9 de nous lancer. Nous avons toujours aim\u00e9 l&rsquo;Espagne en tant que pays o\u00f9 voyager et nous nous sommes mari\u00e9s sur l&rsquo;\u00eele voisine d&rsquo;Ibiza. Lorsque nous avons eu l&rsquo;opportunit\u00e9 de vivre \u00e0 Majorque, nous l&rsquo;avons saisie.<\/p>\n\n\n\n<div style=\"height:43px\" aria-hidden=\"true\" class=\"wp-block-spacer\"><\/div>\n\n\n\n<div class=\"wp-block-media-text is-stacked-on-mobile has-background\" style=\"background-color:#f8f8f8;grid-template-columns:15% auto\"><figure class=\"wp-block-media-text__media\"><img decoding=\"async\" src=\"https:\/\/mappingspain.com\/wp-content\/uploads\/2024\/09\/w4.jpg\" alt=\"\" class=\"wp-image-19871 size-full\"\/><\/figure><div class=\"wp-block-media-text__content\">\n<h4 class=\"wp-block-heading\"><strong><em><span style=\"text-decoration: underline;\"><mark style=\"background-color:rgba(0, 0, 0, 0);color:#821111\" class=\"has-inline-color\">A few useful Resources<\/mark><\/span><\/em><\/strong><\/h4>\n\n\n\n<p><strong><em>Buying<\/em><\/strong> <em><strong>Private health insurance in Spain<\/strong>. We recommend <span style=\"text-decoration: underline;\"><a href=\"https:\/\/www.innoinsure.com\/visainsurance\/bbs\" data-type=\"link\" data-id=\"https:\/\/www.innoinsure.com\/visainsurance\/bbs\" target=\"_blank\" rel=\"noreferrer noopener\"><mark style=\"background-color:rgba(0, 0, 0, 0);color:#1cb3ec\" class=\"has-inline-color\">Innoinsure<\/mark><\/a><\/span>, they make it easy and offer different policies through various providers.  And you don&rsquo;t need a Spanish bank account <\/em>&#8211; <em>you can pay with foreign credit cards.<\/em> <em><a href=\"https:\/\/mappingspain.com\/private-insurance-in-spain-and-why-you-need-it\/\" data-type=\"link\" data-id=\"https:\/\/mappingspain.com\/private-insurance-in-spain-and-why-you-need-it\/\" target=\"_blank\" rel=\"noreferrer noopener\"><mark style=\"background-color:rgba(0, 0, 0, 0);color:#1cb3ec\" class=\"has-inline-color\">More info here<\/mark><\/a>.<\/em><\/p>\n\n\n\n<p><\/p>\n\n\n\n<p><em><strong>Spartan FX<\/strong>. Buying a house or car in Spain and need to transfer and exchange a large sum of money? <a href=\"https:\/\/mappingspain.com\/how-to-exchange-and-transfer-large-sums-of-money-to-spain\/\" target=\"_blank\" rel=\"noreferrer noopener\"><mark style=\"background-color:rgba(0, 0, 0, 0);color:#560e0e\" class=\"has-inline-color\">More here<\/mark><\/a>.<\/em><\/p>\n\n\n\n<p><em><strong>Wise<\/strong>. For everyday transfers and exchanges of money from your home country.<\/em> <em>Nobody should be using banks anymore. <a href=\"https:\/\/bbqboy.net\/why-we-use-wise-to-transfer-money-overseas\/\" target=\"_blank\" rel=\"noreferrer noopener\"><mark style=\"background-color:rgba(0, 0, 0, 0);color:#55b21f\" class=\"has-inline-color\">More here<\/mark><\/a>. <\/em><\/p>\n<\/div><\/div>\n\n\n\n<div style=\"height:8px\" aria-hidden=\"true\" class=\"wp-block-spacer\"><\/div>\n\n\n\n<figure class=\"wp-block-image size-large\"><img decoding=\"async\" width=\"1024\" height=\"712\" src=\"http:\/\/mappingspain.com\/wp-content\/uploads\/2024\/07\/Living-in-Mallorca-2-1024x712.jpg\" alt=\"\" class=\"wp-image-21405\" srcset=\"https:\/\/mappingspain.com\/wp-content\/uploads\/2024\/07\/Living-in-Mallorca-2-1024x712.jpg 1024w, https:\/\/mappingspain.com\/wp-content\/uploads\/2024\/07\/Living-in-Mallorca-2-300x209.jpg 300w, https:\/\/mappingspain.com\/wp-content\/uploads\/2024\/07\/Living-in-Mallorca-2-768x534.jpg 768w, https:\/\/mappingspain.com\/wp-content\/uploads\/2024\/07\/Living-in-Mallorca-2.jpg 1200w\" sizes=\"(max-width: 1024px) 100vw, 1024px\" \/><\/figure>\n\n\n\n<div style=\"height:112px\" aria-hidden=\"true\" class=\"wp-block-spacer\"><\/div>\n\n\n\n<p><strong>Pourquoi Majorque ? Avez-vous explor\u00e9 d\u2019autres r\u00e9gions d\u2019Espagne ? Qu\u2019est-ce qui rend cette partie de l\u2019Espagne sp\u00e9ciale pour vous\u00a0?<\/strong><\/p>\n\n\n\n<p>Mon mari et moi avions explor\u00e9 une grande partie de l\u2019Espagne avant de d\u00e9m\u00e9nager ici. C&rsquo;est un pays incroyablement beau et polyvalent. Non seulement les plages et la c\u00f4te, mais aussi l&rsquo;int\u00e9rieur du pays. L&rsquo;Espagne poss\u00e8de des villes anim\u00e9es, de magnifiques r\u00e9gions viticoles et une nature \u00e9poustouflante, mais les \u00eeles Bal\u00e9ares sont sp\u00e9ciales pour nous. Nous avons visit\u00e9 Ibiza, Formentera et Majorque plusieurs fois et m\u00eame si elles sont toutes diff\u00e9rentes, nous aimons la vie insulaire d\u00e9contract\u00e9e. A tel point que nous avons d\u00e9cid\u00e9 de nous marier \u00e0 Ibiza en 2018. C&rsquo;\u00e9tait magique. Majorque est la plus grande \u00eele du groupe des Bal\u00e9ares et c&rsquo;est l&rsquo;\u00eele qui compte le plus d&rsquo;habitants et le si\u00e8ge du gouvernement. Cela signifie \u00e9galement que c&rsquo;est une \u00eele qui, toute l&rsquo;ann\u00e9e, est un lieu de vie attrayant, car il y a toujours des choses \u00e0 faire et des gens autour. L&rsquo;attrait de Majorque ne r\u00e9side pas seulement dans les plages, mais aussi dans les montagnes et les charmants petits villages plus \u00e0 l&rsquo;int\u00e9rieur des terres. Et bien s\u00fbr, le soleil brille ici presque tous les jours de l\u2019ann\u00e9e.<\/p>\n\n\n\n<div style=\"height:45px\" aria-hidden=\"true\" class=\"wp-block-spacer\"><\/div>\n\n\n\n<figure class=\"wp-block-image size-large\"><img decoding=\"async\" width=\"1024\" height=\"674\" src=\"http:\/\/mappingspain.com\/wp-content\/uploads\/2024\/07\/Living-in-Mallorca-8-1024x674.jpg\" alt=\"\" class=\"wp-image-21408\" srcset=\"https:\/\/mappingspain.com\/wp-content\/uploads\/2024\/07\/Living-in-Mallorca-8-1024x674.jpg 1024w, https:\/\/mappingspain.com\/wp-content\/uploads\/2024\/07\/Living-in-Mallorca-8-300x197.jpg 300w, https:\/\/mappingspain.com\/wp-content\/uploads\/2024\/07\/Living-in-Mallorca-8-768x505.jpg 768w, https:\/\/mappingspain.com\/wp-content\/uploads\/2024\/07\/Living-in-Mallorca-8-1536x1010.jpg 1536w, https:\/\/mappingspain.com\/wp-content\/uploads\/2024\/07\/Living-in-Mallorca-8.jpg 1622w\" sizes=\"(max-width: 1024px) 100vw, 1024px\" \/><\/figure>\n\n\n\n<div style=\"height:81px\" aria-hidden=\"true\" class=\"wp-block-spacer\"><\/div>\n\n\n\n<p><strong>O\u00f9 vivent la plupart des gens \u00e0 Majorque ? Quels quartiers recommandez-vous aux personnes qui envisagent d\u2019y vivre ?<\/strong><\/p>\n\n\n\n<p>La plus grande ville de Majorque, o\u00f9 vivent le plus grand nombre de personnes, est Palma de Majorque. C&rsquo;est une ville agr\u00e9able \u00e0 vivre, car elle est \u00e9galement situ\u00e9e en bord de mer et poss\u00e8de de tr\u00e8s beaux quartiers, mais elle est aussi tr\u00e8s fr\u00e9quent\u00e9e en \u00e9t\u00e9 et assez ch\u00e8re en termes de location ou d&rsquo;achat d&rsquo;un logement. Il est principalement fr\u00e9quent\u00e9 par des jeunes, qui viennent ici seuls ou en couple et cherchent \u00e0 rencontrer de nouvelles personnes. Il existe \u00e9galement de nombreuses grandes entreprises bas\u00e9es \u00e0 Palma de Majorque et dans ses environs, ce qui attire \u00e9galement les gens vers la ville. Mais il existe aussi d&rsquo;autres villes plus petites, o\u00f9 vivent de nombreux expatri\u00e9s, comme dans la partie sud-ouest de l&rsquo;\u00eele, autour de Palmanova, Portals Nous, Santa Ponca et Andratx. Ou la partie occidentale, plus vers les montagnes, comme Alar\u00f3 et Soller. Et aussi, au nord, autour d&rsquo;Alcudia. Cela dit, nous vivons actuellement au milieu de l&rsquo;\u00eele, dans une ville appel\u00e9e Sineu, que nous appr\u00e9cions beaucoup. Ce sont principalement des locaux qui vivent ici, mais aussi quelques expatri\u00e9s. Elle abrite le plus grand march\u00e9 hebdomadaire de l\u2019\u00eele toute l\u2019ann\u00e9e et b\u00e9n\u00e9ficie d\u2019un emplacement tr\u00e8s central ; les plages du nord sont \u00e0 20 minutes et Palma \u00e0 30 minutes en voiture. Donc, je suppose que c&rsquo;est tr\u00e8s personnel de se sentir chez soi et de vouloir vivre.<\/p>\n\n\n\n<div style=\"height:44px\" aria-hidden=\"true\" class=\"wp-block-spacer\"><\/div>\n\n\n\n<figure class=\"wp-block-image size-large\"><img decoding=\"async\" width=\"1024\" height=\"975\" src=\"http:\/\/mappingspain.com\/wp-content\/uploads\/2024\/07\/Living-in-Mallorca-3-1024x975.jpg\" alt=\"\" class=\"wp-image-21411\" srcset=\"https:\/\/mappingspain.com\/wp-content\/uploads\/2024\/07\/Living-in-Mallorca-3-1024x975.jpg 1024w, https:\/\/mappingspain.com\/wp-content\/uploads\/2024\/07\/Living-in-Mallorca-3-300x286.jpg 300w, https:\/\/mappingspain.com\/wp-content\/uploads\/2024\/07\/Living-in-Mallorca-3-768x731.jpg 768w, https:\/\/mappingspain.com\/wp-content\/uploads\/2024\/07\/Living-in-Mallorca-3.jpg 1200w\" sizes=\"(max-width: 1024px) 100vw, 1024px\" \/><\/figure>\n\n\n<hr \/>\n<div class=\"content_hint\">\u00a0<\/div>\n<hr \/>\n\n\n<div style=\"height:79px\" aria-hidden=\"true\" class=\"wp-block-spacer\"><\/div>\n\n\n\n<p><strong>Selon vous, quels sont les avantages et les inconv\u00e9nients de vivre \u00e0 Majorque ?<\/strong><\/p>\n\n\n\n<p>Les avantages sont sans aucun doute le climat, la beaut\u00e9 de l&rsquo;\u00eele en termes de nature et de villages, l&rsquo;animation toute l&rsquo;ann\u00e9e, la possibilit\u00e9 de vivre une vie tranquille, mais en m\u00eame temps d&rsquo;avoir une ville passionnante comme Palma au coin de la rue. L&rsquo;\u00eele est suffisamment petite pour pouvoir visiter une plage ou une ville diff\u00e9rente chaque week-end, mais suffisamment grande pour ne pas avoir la fi\u00e8vre des \u00eeles. S\u2019il y a des inconv\u00e9nients \u00e0 mentionner, je dirais probablement que le co\u00fbt de la vie ici est plus cher que sur le continent espagnol. Il peut \u00eatre difficile de trouver un logement abordable. Et il y a beaucoup de monde \u00e0 Palma et sur les plages populaires en \u00e9t\u00e9.<\/p>\n\n\n\n<div style=\"height:50px\" aria-hidden=\"true\" class=\"wp-block-spacer\"><\/div>\n\n\n\n<figure class=\"wp-block-image size-large\"><img decoding=\"async\" width=\"1024\" height=\"693\" src=\"http:\/\/mappingspain.com\/wp-content\/uploads\/2024\/07\/Living-in-Mallorca-5-1024x693.jpg\" alt=\"\" class=\"wp-image-21414\" srcset=\"https:\/\/mappingspain.com\/wp-content\/uploads\/2024\/07\/Living-in-Mallorca-5-1024x693.jpg 1024w, https:\/\/mappingspain.com\/wp-content\/uploads\/2024\/07\/Living-in-Mallorca-5-300x203.jpg 300w, https:\/\/mappingspain.com\/wp-content\/uploads\/2024\/07\/Living-in-Mallorca-5-768x520.jpg 768w, https:\/\/mappingspain.com\/wp-content\/uploads\/2024\/07\/Living-in-Mallorca-5.jpg 1200w\" sizes=\"(max-width: 1024px) 100vw, 1024px\" \/><\/figure>\n\n\n\n<div style=\"height:86px\" aria-hidden=\"true\" class=\"wp-block-spacer\"><\/div>\n\n\n\n<p><strong>J&rsquo;ai entendu dire que le co\u00fbt de la vie \u00e0 Majorque est plus \u00e9lev\u00e9 que dans d&rsquo;autres r\u00e9gions d&rsquo;Espagne. Des id\u00e9es \u00e0 ce sujet ?<\/strong><\/p>\n\n\n\n<p>Oui c&rsquo;est le cas. Surtout si on le compare au continent. Majorque, comme les autres \u00eeles Bal\u00e9ares, est une destination de vacances populaire, ce qui rend le logement abordable difficile. De nombreuses personnes viennent travailler sur l&rsquo;\u00eele juste pour la saison &#8211; disons de mai \u00e0 octobre &#8211; et n&rsquo;ont besoin d&rsquo;un logement que pendant ces mois-l\u00e0. Ce qui signifie que de nombreux propri\u00e9taires doivent gagner leur revenu pendant ces 6 mois et augmenter le loyer en cons\u00e9quence. Les gens qui vivent ici toute l\u2019ann\u00e9e en sont en quelque sorte victimes et ont du mal \u00e0 trouver un logement abordable. C&rsquo;est la m\u00eame chose pour l&rsquo;achat d&rsquo;une maison, puisque beaucoup de maisons sont vendues \u00e0 des \u00e9trangers comme maisons de vacances \u00e0 des prix \u00e9lev\u00e9s, les prix augmentent en g\u00e9n\u00e9ral. Et les salaires locaux ne sont g\u00e9n\u00e9ralement pas plus \u00e9lev\u00e9s que partout ailleurs en Espagne. De plus, Majorque \u00e9tant une \u00eele, le co\u00fbt du transport de tout ce qui n&rsquo;est pas produit sur l&rsquo;\u00eele fait monter les prix. C&rsquo;est quelque chose que vous devez consid\u00e9rer avant de d\u00e9m\u00e9nager ici. Cela pourrait \u00e9galement avoir un impact sur votre d\u00e9cision quant \u00e0 l\u2019endroit o\u00f9 vous souhaitez vivre sur l\u2019\u00eele. Par exemple, sortir boire un verre ou d\u00eener dans la r\u00e9gion o\u00f9 nous vivons est beaucoup plus abordable qu&rsquo;\u00e0 Palma ou \u00e0 Santa Ponca. Mais si on le compare aux Pays-Bas, le co\u00fbt de la vie ici est encore plus bas.<\/p>\n\n\n\n<div style=\"height:46px\" aria-hidden=\"true\" class=\"wp-block-spacer\"><\/div>\n\n\n\n<figure class=\"wp-block-image size-large\"><img decoding=\"async\" width=\"1024\" height=\"674\" src=\"http:\/\/mappingspain.com\/wp-content\/uploads\/2024\/07\/Living-in-Mallorca-6-1024x674.jpg\" alt=\"\" class=\"wp-image-21417\" srcset=\"https:\/\/mappingspain.com\/wp-content\/uploads\/2024\/07\/Living-in-Mallorca-6-1024x674.jpg 1024w, https:\/\/mappingspain.com\/wp-content\/uploads\/2024\/07\/Living-in-Mallorca-6-300x197.jpg 300w, https:\/\/mappingspain.com\/wp-content\/uploads\/2024\/07\/Living-in-Mallorca-6-768x505.jpg 768w, https:\/\/mappingspain.com\/wp-content\/uploads\/2024\/07\/Living-in-Mallorca-6-1536x1010.jpg 1536w, https:\/\/mappingspain.com\/wp-content\/uploads\/2024\/07\/Living-in-Mallorca-6.jpg 1622w\" sizes=\"(max-width: 1024px) 100vw, 1024px\" \/><\/figure>\n\n\n<hr>\n<div class=\"content_hint\">&nbsp;<\/div>\n<hr>\n\n\n<div style=\"height:82px\" aria-hidden=\"true\" class=\"wp-block-spacer\"><\/div>\n\n\n\n<p><strong>Que faites-vous pour occuper Fieke ? Est-ce que vous et votre mari travaillez \u00e0 Majorque?<\/strong><\/p>\n\n\n\n<p>Nous travaillons tous les deux ici \u00e0 Majorque. Guy travaille en tant que directeur des cha\u00eenes h\u00f4teli\u00e8res Europe pour une grande entreprise internationale de technologie du voyage ici sur l&rsquo;\u00eele. Et je viens de cr\u00e9er mon propre studio de d\u00e9coration d\u2019int\u00e9rieur, ce qui est plut\u00f4t excitant. C\u2019est quelque chose de compl\u00e8tement diff\u00e9rent de ce que je faisais avant, mais cela a toujours \u00e9t\u00e9 ma passion. J&rsquo;ai un dipl\u00f4me en design d&rsquo;int\u00e9rieur et une fois install\u00e9s et que j&rsquo;ai eu le temps de me vider la t\u00eate et de r\u00e9fl\u00e9chir \u00e0 ce que je voulais vraiment faire, j&rsquo;ai d\u00e9cid\u00e9 de faire de ma passion mon m\u00e9tier et de mettre mon dipl\u00f4me en pratique. J&rsquo;ai d\u00e9marr\u00e9 le Studio S.A.C. et me concentrer sur le design d&rsquo;int\u00e9rieur en ligne et hors ligne, ce qui signifie que mes clients peuvent \u00eatre n&rsquo;importe o\u00f9 en Europe ou dans le monde. En plus du design r\u00e9sidentiel, j&rsquo;aime \u00e9galement partager ma vaste expertise dans l&rsquo;industrie de l&rsquo;h\u00f4tellerie de luxe et la gestion des installations d&rsquo;entreprise\u2026 Je con\u00e7ois des concepts d&rsquo;hospitalit\u00e9 invitants et des espaces de bureaux inspirants \ud83d\ude0a<\/p>\n\n\n\n<p><em>Note de l\u2019\u00e9diteur\u00a0: jetez un \u0153il au<a href=\"https:\/\/studiosac.nl\/\" target=\"_blank\" rel=\"noreferrer noopener\"> site Web professionnel <\/a>et \u00e0 la <a href=\"https:\/\/www.instagram.com\/studio.s.a.c\/\" target=\"_blank\" rel=\"noreferrer noopener\">page Instagram<\/a> de Fieke. J&rsquo;adore son style et elle peut am\u00e9nager ma maison quand elle le souhaite\u2026<\/em><\/p>\n\n\n\n<div style=\"height:47px\" aria-hidden=\"true\" class=\"wp-block-spacer\"><\/div>\n\n\n\n<figure class=\"wp-block-image size-large\"><img decoding=\"async\" width=\"1024\" height=\"693\" src=\"http:\/\/mappingspain.com\/wp-content\/uploads\/2024\/07\/Living-in-Mallorca-5-1-1024x693.jpg\" alt=\"\" class=\"wp-image-21420\" srcset=\"https:\/\/mappingspain.com\/wp-content\/uploads\/2024\/07\/Living-in-Mallorca-5-1-1024x693.jpg 1024w, https:\/\/mappingspain.com\/wp-content\/uploads\/2024\/07\/Living-in-Mallorca-5-1-300x203.jpg 300w, https:\/\/mappingspain.com\/wp-content\/uploads\/2024\/07\/Living-in-Mallorca-5-1-768x520.jpg 768w, https:\/\/mappingspain.com\/wp-content\/uploads\/2024\/07\/Living-in-Mallorca-5-1.jpg 1200w\" sizes=\"(max-width: 1024px) 100vw, 1024px\" \/><\/figure>\n\n\n\n<div style=\"height:79px\" aria-hidden=\"true\" class=\"wp-block-spacer\"><\/div>\n\n\n\n<p><strong>Quel genre de personnes rencontrez-vous ? Y a-t-il un pourcentage \u00e9lev\u00e9 d\u2019expatri\u00e9s \u00e0 Majorque ? Participez-vous \u00e0 des clubs d&rsquo;expatri\u00e9s ou avez-vous des ressources d&rsquo;expatri\u00e9s que vous pouvez recommander \u00e0 d&rsquo;autres\u00a0?<\/strong><\/p>\n\n\n\n<p>J&rsquo;ai d\u00e9j\u00e0 rencontr\u00e9 beaucoup de monde, notamment des expatri\u00e9s. Il y a beaucoup d\u2019expatri\u00e9s \u00e0 Majorque venant de plusieurs pays. J&rsquo;ai rencontr\u00e9 la plupart d&rsquo;entre eux en rejoignant des groupes Facebook de Majorque. Il y en a qui sont tr\u00e8s actifs, qui organisent aussi r\u00e9guli\u00e8rement diff\u00e9rents types d&rsquo;\u00e9v\u00e9nements ; comme \u00ab GGI \u00bb (Girls gone international), \u00ab La isla bonita social club \u00bb et \u00ab Mallorca entrepreneurs \u00bb. Et puis il y a des groupes sp\u00e9cifiquement si vous cherchez \u00e0 rencontrer des expatri\u00e9s de la m\u00eame nationalit\u00e9 ; comme \u00ab Nederlanders op Majorque \u00bb et \u00ab Am\u00e9ricains \u00e0 Majorque \u00bb. Ou des plus g\u00e9n\u00e9raux\u00a0; comme les \u00ab expatri\u00e9s de Majorque \u00bb et les \u00ab r\u00e9sidents de Majorque \u00bb. De plus, je pense que c\u2019est aussi agr\u00e9able de rencontrer des gens en sortant et en discutant simplement avec les gens. Nous avons un nouveau bar tr\u00e8s sympa dans notre ville, g\u00e9r\u00e9 par des expatri\u00e9s et o\u00f9 nous avons \u00e9galement rencontr\u00e9 des gens amusants.<\/p>\n\n\n\n<div style=\"height:45px\" aria-hidden=\"true\" class=\"wp-block-spacer\"><\/div>\n\n\n\n<figure class=\"wp-block-image size-large\"><img decoding=\"async\" width=\"1024\" height=\"674\" src=\"http:\/\/mappingspain.com\/wp-content\/uploads\/2024\/07\/Living-in-Mallorca-7-1024x674.jpg\" alt=\"\" class=\"wp-image-21423\" srcset=\"https:\/\/mappingspain.com\/wp-content\/uploads\/2024\/07\/Living-in-Mallorca-7-1024x674.jpg 1024w, https:\/\/mappingspain.com\/wp-content\/uploads\/2024\/07\/Living-in-Mallorca-7-300x197.jpg 300w, https:\/\/mappingspain.com\/wp-content\/uploads\/2024\/07\/Living-in-Mallorca-7-768x505.jpg 768w, https:\/\/mappingspain.com\/wp-content\/uploads\/2024\/07\/Living-in-Mallorca-7-1536x1010.jpg 1536w, https:\/\/mappingspain.com\/wp-content\/uploads\/2024\/07\/Living-in-Mallorca-7.jpg 1622w\" sizes=\"(max-width: 1024px) 100vw, 1024px\" \/><\/figure>\n\n\n<hr \/>\n<div class=\"content_hint\">\u00a0<\/div>\n<hr \/>\n\n\n<div style=\"height:81px\" aria-hidden=\"true\" class=\"wp-block-spacer\"><\/div>\n\n\n\n<p><strong>Vous y \u00eates depuis un an maintenant. Quelle a \u00e9t\u00e9 votre adaptation \u00e0 tout ?<\/strong><\/p>\n\n\n\n<p>D\u2019apr\u00e8s mon exp\u00e9rience jusqu\u2019\u00e0 pr\u00e9sent, il nous a fallu au moins un an pour nous installer compl\u00e8tement. Quand on part \u00e0 l\u2019\u00e9tranger, il y a beaucoup de choses \u00e0 organiser et \u00e0 Majorque, comme dans le reste de l\u2019Espagne, il y a une certaine bureaucratie et les choses n\u2019avancent pas forc\u00e9ment vite. Vous devez vous adapter \u00e0 cela et accepter que c\u2019est ainsi. Venant d\u2019un pays au rythme rapide comme les Pays-Bas, cela m\u2019a pris du temps. Et \u00e0 c\u00f4t\u00e9 de cela, vous devez reconstruire votre vie ici ; rencontrer de nouveaux amis, s&rsquo;habituer \u00e0 une nouvelle routine et \u00e0 un nouvel environnement et parler une autre langue. Tout cela pendant que beaucoup de famille et d\u2019amis viennent chez nous. Mais apr\u00e8s cette ann\u00e9e, on peut dire que nous avons trouv\u00e9 notre voie et que nous aimons vraiment cet endroit.<\/p>\n\n\n\n<div style=\"height:50px\" aria-hidden=\"true\" class=\"wp-block-spacer\"><\/div>\n\n\n\n<figure class=\"wp-block-image size-large\"><img decoding=\"async\" width=\"1024\" height=\"712\" src=\"http:\/\/mappingspain.com\/wp-content\/uploads\/2024\/07\/Living-in-Mallorca-4-1-1024x712.jpg\" alt=\"\" class=\"wp-image-21426\" srcset=\"https:\/\/mappingspain.com\/wp-content\/uploads\/2024\/07\/Living-in-Mallorca-4-1-1024x712.jpg 1024w, https:\/\/mappingspain.com\/wp-content\/uploads\/2024\/07\/Living-in-Mallorca-4-1-300x209.jpg 300w, https:\/\/mappingspain.com\/wp-content\/uploads\/2024\/07\/Living-in-Mallorca-4-1-768x534.jpg 768w, https:\/\/mappingspain.com\/wp-content\/uploads\/2024\/07\/Living-in-Mallorca-4-1.jpg 1200w\" sizes=\"(max-width: 1024px) 100vw, 1024px\" \/><\/figure>\n\n\n\n<div style=\"height:82px\" aria-hidden=\"true\" class=\"wp-block-spacer\"><\/div>\n\n\n\n<p><strong>Et la langue ? J&rsquo;ai lu que la langue officielle est le catalan. Comment vous en sortez-vous?<\/strong><\/p>\n\n\n\n<p>La langue, c&rsquo;est autre chose. En fait, nous nous attendions \u00e0 ce que Majorque soit un peu plus internationale et pensions que davantage de gens parleraient anglais. Ce n\u2019est en r\u00e9alit\u00e9 pas le cas, surtout lorsqu\u2019il s\u2019agit d\u2019arranger les choses avec la municipalit\u00e9 ou le gouvernement local. Il faut au moins parler espagnol. Et oui, de pr\u00e9f\u00e9rence le catalan, ou le dialecte local du catalan, qui est le majorquin. \u00c0 moins de parler couramment l\u2019espagnol et d\u2019habiter ici depuis plusieurs ann\u00e9es, cela ne vaut pas la peine d\u2019apprendre le majorquin, \u00e0 part \u00ab bonjour \u00bb, \u00ab comment vas-tu \u00bb et \u00ab au revoir \u00bb pour pouvoir saluer votre voisin \u00e2g\u00e9. Mais l&rsquo;espagnol est indispensable. J&rsquo;ai parl\u00e9 et compris un peu l&rsquo;espagnol quand nous sommes arriv\u00e9s ici et heureusement, cela s&rsquo;est beaucoup am\u00e9lior\u00e9 depuis que nous vivons ici. J&rsquo;utilise Duolingo sur mon t\u00e9l\u00e9phone quotidiennement et le parler tous les jours m&rsquo;aide beaucoup.<\/p>\n\n\n\n<div style=\"height:40px\" aria-hidden=\"true\" class=\"wp-block-spacer\"><\/div>\n\n\n\n<figure class=\"wp-block-image size-large\"><img decoding=\"async\" width=\"1024\" height=\"712\" src=\"http:\/\/mappingspain.com\/wp-content\/uploads\/2024\/07\/Living-in-Mallorca-1-1024x712.jpg\" alt=\"\" class=\"wp-image-21429\" srcset=\"https:\/\/mappingspain.com\/wp-content\/uploads\/2024\/07\/Living-in-Mallorca-1-1024x712.jpg 1024w, https:\/\/mappingspain.com\/wp-content\/uploads\/2024\/07\/Living-in-Mallorca-1-300x209.jpg 300w, https:\/\/mappingspain.com\/wp-content\/uploads\/2024\/07\/Living-in-Mallorca-1-768x534.jpg 768w, https:\/\/mappingspain.com\/wp-content\/uploads\/2024\/07\/Living-in-Mallorca-1.jpg 1200w\" sizes=\"(max-width: 1024px) 100vw, 1024px\" \/><\/figure>\n\n\n<hr \/>\n<div class=\"content_hint\">\u00a0<\/div>\n<hr \/>\n\n\n<div style=\"height:79px\" aria-hidden=\"true\" class=\"wp-block-spacer\"><\/div>\n\n\n\n<p><strong>Quelles sont vos activit\u00e9s pr\u00e9f\u00e9r\u00e9es \u00e0 faire pendant un jour de cong\u00e9 ? Des endroits pr\u00e9f\u00e9r\u00e9s sur l&rsquo;\u00eele ?<\/strong><\/p>\n\n\n\n<p>En \u00e9t\u00e9, quand il fait beau, j&rsquo;aime aller \u00e0 la plage et nager dans la mer. Non seulement pendant un jour de cong\u00e9, mais aussi apr\u00e8s le travail, m\u00eame si c&rsquo;est simplement pour prendre un verre dans un club de plage ou au restaurant d&rsquo;une des villes c\u00f4ti\u00e8res voisines. Un favori absolu est le Port de Pollensa, qui n&rsquo;est pas tr\u00e8s loin de chez nous. Les clubs de plage pr\u00e9f\u00e9r\u00e9s sont le \u00ab Numa Beach Club \u00bb \u00e0 Muro Beach, le \u00ab Moomba \u00bb \u00e0 Son Serra et \u00ab La Santa \u00bb \u00e0 Can Picafort pour la meilleure paella. Pas pr\u00e8s de la plage, mais l&rsquo;un des meilleurs restaurants de Majorque est \u00ab Ca Na To Ne Ta \u00bb \u00e0 Caimari. En hiver, j&rsquo;aime explorer l&rsquo;\u00eele, faire une randonn\u00e9e dans les montagnes et visiter des villages comme Soller, Deia, Fornalutx et Valdemossa. Ou promenez-vous le long des plages, trop fr\u00e9quent\u00e9es en \u00e9t\u00e9, comme Cala Agulla, Cala Mondrago et s&rsquo;Amarador, toutes deux situ\u00e9es dans un magnifique parc naturel.<\/p>\n\n\n\n<div style=\"height:100px\" aria-hidden=\"true\" class=\"wp-block-spacer\"><\/div>\n\n\n\n<p><strong>Avez-vous des conseils ou des conseils particuliers \u00e0 donner \u00e0 tous ceux qui envisagent de d\u00e9m\u00e9nager \u00e0 Majorque Fieke ?<\/strong><\/p>\n\n\n\n<p>Si vous aimez l&rsquo;\u00eele, pouvez travailler \u00e0 distance ou trouver un emploi ici et un logement, j&rsquo;irais. Assurez-vous simplement d&rsquo;\u00eatre bien pr\u00e9par\u00e9 et d&rsquo;avoir r\u00e9gl\u00e9 les choses au pr\u00e9alable, par exemple les rendez-vous pour un visa ou un s\u00e9jour. Et si vous avez besoin d&rsquo;aide pour des d\u00e9marches administratives, trouvez une bonne &lsquo;gestoria&rsquo;, qui est un bureau administratif local, qui pourra vous aider \u00e0 r\u00e9gler vos imp\u00f4ts, importer votre voiture, votre num\u00e9ro de s\u00e9curit\u00e9 sociale, etc. M\u00eame les locaux utilisent ces services, puisque les choses peuvent \u00eatre assez compliqu\u00e9es. Et si vous souhaitez acheter une maison, assurez-vous de faire appel \u00e0 un avocat local pour vous assurer qu&rsquo;il n&rsquo;y aura pas de surprises par la suite. Ne vous laissez pas retenir, cela en vaut vraiment la peine.<\/p>\n\n\n\n<div style=\"height:45px\" aria-hidden=\"true\" class=\"wp-block-spacer\"><\/div>\n\n\n\n<figure class=\"wp-block-image size-large\"><img decoding=\"async\" width=\"839\" height=\"1024\" src=\"http:\/\/mappingspain.com\/wp-content\/uploads\/2024\/07\/Mallorca-1-839x1024.jpg\" alt=\"\" class=\"wp-image-21433\" srcset=\"https:\/\/mappingspain.com\/wp-content\/uploads\/2024\/07\/Mallorca-1-839x1024.jpg 839w, https:\/\/mappingspain.com\/wp-content\/uploads\/2024\/07\/Mallorca-1-246x300.jpg 246w, https:\/\/mappingspain.com\/wp-content\/uploads\/2024\/07\/Mallorca-1-768x937.jpg 768w, https:\/\/mappingspain.com\/wp-content\/uploads\/2024\/07\/Mallorca-1.jpg 1200w\" sizes=\"(max-width: 839px) 100vw, 839px\" \/><\/figure>\n\n\n<hr>\n<div class=\"content_hint\">&nbsp;<\/div>\n<hr>\n\n\n<div style=\"height:80px\" aria-hidden=\"true\" class=\"wp-block-spacer\"><\/div>\n\n\n\n<p><strong>Quels sont vos projets pour le futur Fieke ? Pensez-vous que vous serez toujours \u00e0 Majorque dans 10 ans ?<\/strong><\/p>\n\n\n\n<p>Pas de projets pr\u00e9cis pour l&rsquo;instant. Guy et moi aimons vraiment \u00eatre ici, donc nous ne pensons pas partir. Nous envisageons d&rsquo;acheter une maison dans un avenir proche. Donc, vous pourrez probablement nous retrouver ici dans 10 ans, ce qui ne veut pas dire que nous n\u2019avons pas v\u00e9cu dans un autre pays entre-temps. Nous sommes encore ouverts \u00e0 de nouvelles aventures dans quelques ann\u00e9es, mais Majorque est d\u00e9finitivement un endroit o\u00f9 nous aimerions revenir vivre pendant de nombreuses ann\u00e9es.<\/p>\n\n\n\n<div style=\"height:44px\" aria-hidden=\"true\" class=\"wp-block-spacer\"><\/div>\n\n\n\n<h2 class=\"wp-block-heading has-text-align-center\"><strong>Merci d&rsquo;avoir fait cette interview Fieke !<\/strong><\/h2>\n\n\n\n<p><\/p>\n\n\n\n<div style=\"height:77px\" aria-hidden=\"true\" class=\"wp-block-spacer\"><\/div>\n\n\n\n<h3 class=\"wp-block-heading\"><strong><em>Plus: <a href=\"https:\/\/mappingspain.com\/fr\/comment-cest-vivre-a-tarragone\/\" target=\"_blank\" rel=\"noreferrer noopener\">Comment c\u2019est vivre \u00e0 Tarragone?<\/a><\/em><\/strong><\/h3>\n\n\n\n<figure class=\"wp-block-image size-large\"><a href=\"https:\/\/mappingspain.com\/fr\/comment-cest-vivre-a-tarragone\/\" target=\"_blank\" rel=\"noreferrer noopener\"><img decoding=\"async\" width=\"1024\" height=\"695\" src=\"http:\/\/mappingspain.com\/wp-content\/uploads\/2024\/07\/Tarragona-in-FR-1024x695.jpg\" alt=\"\" class=\"wp-image-22732\" srcset=\"https:\/\/mappingspain.com\/wp-content\/uploads\/2024\/07\/Tarragona-in-FR-1024x695.jpg 1024w, https:\/\/mappingspain.com\/wp-content\/uploads\/2024\/07\/Tarragona-in-FR-300x204.jpg 300w, https:\/\/mappingspain.com\/wp-content\/uploads\/2024\/07\/Tarragona-in-FR-768x522.jpg 768w, https:\/\/mappingspain.com\/wp-content\/uploads\/2024\/07\/Tarragona-in-FR.jpg 1200w\" sizes=\"(max-width: 1024px) 100vw, 1024px\" \/><\/a><\/figure>\n\n\n\n<div style=\"height:28px\" aria-hidden=\"true\" class=\"wp-block-spacer\"><\/div>\n\n\n\n<p><\/p>\n<div class='ctx-module-container ctx_default_placement ctx-clearfix'><\/div><span class=\"ctx-article-root\"><!-- --><\/span>","protected":false},"excerpt":{"rendered":"<p>Comment c\u2019est vivre \u00e0 Majorque? Fieke et son mari Guy vivent dans une petite ville sur la magnifique \u00eele de Majorque. Dans cette interview, Fieke nous raconte tout ce qu&rsquo;elle aime \u00e0 Majorque, mais aborde \u00e9galement certains des inconv\u00e9nients de la vie sur l&rsquo;\u00eele. Elle donne \u00e9galement de nombreuses informations pratiques \u00e0 tous ceux qui [&hellip;]<\/p>\n","protected":false},"author":2,"featured_media":21403,"comment_status":"open","ping_status":"open","sticky":false,"template":"","format":"standard","meta":{"_genesis_hide_title":false,"_genesis_hide_breadcrumbs":false,"_genesis_hide_singular_image":false,"_genesis_hide_footer_widgets":false,"_genesis_custom_body_class":"","_genesis_custom_post_class":"","_genesis_layout":"","footnotes":""},"categories":[446,221],"tags":[],"class_list":{"0":"post-22729","1":"post","2":"type-post","3":"status-publish","4":"format-standard","5":"has-post-thumbnail","7":"category-iles-baleares","8":"category-interviews-dexpatries-fr","9":"entry"},"yoast_head":"<!-- This site is optimized with the Yoast SEO plugin v27.4 - https:\/\/yoast.com\/product\/yoast-seo-wordpress\/ -->\n<title>Comment c\u2019est vivre \u00e0 Majorque? - Mapping Spain<\/title>\n<meta name=\"robots\" content=\"index, follow, max-snippet:-1, max-image-preview:large, max-video-preview:-1\" \/>\n<link rel=\"canonical\" href=\"https:\/\/mappingspain.com\/fr\/comment-cest-vivre-a-majorque\/\" \/>\n<meta property=\"og:locale\" content=\"fr_FR\" \/>\n<meta property=\"og:type\" content=\"article\" \/>\n<meta property=\"og:title\" content=\"Comment c\u2019est vivre \u00e0 Majorque? - Mapping Spain\" \/>\n<meta property=\"og:description\" content=\"Comment c\u2019est vivre \u00e0 Majorque? Fieke et son mari Guy vivent dans une petite ville sur la magnifique \u00eele de Majorque. Dans cette interview, Fieke nous raconte tout ce qu&rsquo;elle aime \u00e0 Majorque, mais aborde \u00e9galement certains des inconv\u00e9nients de la vie sur l&rsquo;\u00eele. Elle donne \u00e9galement de nombreuses informations pratiques \u00e0 tous ceux qui [&hellip;]\" \/>\n<meta property=\"og:url\" content=\"https:\/\/mappingspain.com\/fr\/comment-cest-vivre-a-majorque\/\" \/>\n<meta property=\"og:site_name\" content=\"Mapping Spain\" \/>\n<meta property=\"article:published_time\" content=\"2024-07-20T12:40:42+00:00\" \/>\n<meta property=\"article:modified_time\" content=\"2024-09-13T15:37:50+00:00\" \/>\n<meta property=\"og:image\" content=\"https:\/\/mappingspain.com\/wp-content\/uploads\/2024\/07\/Living-in-Mallorca-4.jpg\" \/>\n\t<meta property=\"og:image:width\" content=\"1200\" \/>\n\t<meta property=\"og:image:height\" content=\"834\" \/>\n\t<meta property=\"og:image:type\" content=\"image\/jpeg\" \/>\n<meta name=\"author\" content=\"Frank\" \/>\n<meta name=\"twitter:card\" content=\"summary_large_image\" \/>\n<meta name=\"twitter:label1\" content=\"\u00c9crit par\" \/>\n\t<meta name=\"twitter:data1\" content=\"Frank\" \/>\n\t<meta name=\"twitter:label2\" content=\"Dur\u00e9e de lecture estim\u00e9e\" \/>\n\t<meta name=\"twitter:data2\" content=\"12 minutes\" \/>\n<script type=\"application\/ld+json\" class=\"yoast-schema-graph\">{\"@context\":\"https:\\\/\\\/schema.org\",\"@graph\":[{\"@type\":\"Article\",\"@id\":\"https:\\\/\\\/mappingspain.com\\\/fr\\\/comment-cest-vivre-a-majorque\\\/#article\",\"isPartOf\":{\"@id\":\"https:\\\/\\\/mappingspain.com\\\/fr\\\/comment-cest-vivre-a-majorque\\\/\"},\"author\":{\"name\":\"Frank\",\"@id\":\"https:\\\/\\\/mappingspain.com\\\/fr\\\/#\\\/schema\\\/person\\\/1e3c8dae7a8d66a64591f1b41c8b1101\"},\"headline\":\"Comment c\u2019est vivre \u00e0 Majorque?\",\"datePublished\":\"2024-07-20T12:40:42+00:00\",\"dateModified\":\"2024-09-13T15:37:50+00:00\",\"mainEntityOfPage\":{\"@id\":\"https:\\\/\\\/mappingspain.com\\\/fr\\\/comment-cest-vivre-a-majorque\\\/\"},\"wordCount\":2532,\"commentCount\":0,\"image\":{\"@id\":\"https:\\\/\\\/mappingspain.com\\\/fr\\\/comment-cest-vivre-a-majorque\\\/#primaryimage\"},\"thumbnailUrl\":\"https:\\\/\\\/mappingspain.com\\\/wp-content\\\/uploads\\\/2024\\\/07\\\/Living-in-Mallorca-4.jpg\",\"articleSection\":[\"\u00eeles bal\u00e9ares\",\"Interviews d&#039;expatri\u00e9s\"],\"inLanguage\":\"fr-FR\",\"potentialAction\":[{\"@type\":\"CommentAction\",\"name\":\"Comment\",\"target\":[\"https:\\\/\\\/mappingspain.com\\\/fr\\\/comment-cest-vivre-a-majorque\\\/#respond\"]}]},{\"@type\":\"WebPage\",\"@id\":\"https:\\\/\\\/mappingspain.com\\\/fr\\\/comment-cest-vivre-a-majorque\\\/\",\"url\":\"https:\\\/\\\/mappingspain.com\\\/fr\\\/comment-cest-vivre-a-majorque\\\/\",\"name\":\"Comment c\u2019est vivre \u00e0 Majorque? - Mapping Spain\",\"isPartOf\":{\"@id\":\"https:\\\/\\\/mappingspain.com\\\/fr\\\/#website\"},\"primaryImageOfPage\":{\"@id\":\"https:\\\/\\\/mappingspain.com\\\/fr\\\/comment-cest-vivre-a-majorque\\\/#primaryimage\"},\"image\":{\"@id\":\"https:\\\/\\\/mappingspain.com\\\/fr\\\/comment-cest-vivre-a-majorque\\\/#primaryimage\"},\"thumbnailUrl\":\"https:\\\/\\\/mappingspain.com\\\/wp-content\\\/uploads\\\/2024\\\/07\\\/Living-in-Mallorca-4.jpg\",\"datePublished\":\"2024-07-20T12:40:42+00:00\",\"dateModified\":\"2024-09-13T15:37:50+00:00\",\"author\":{\"@id\":\"https:\\\/\\\/mappingspain.com\\\/fr\\\/#\\\/schema\\\/person\\\/1e3c8dae7a8d66a64591f1b41c8b1101\"},\"breadcrumb\":{\"@id\":\"https:\\\/\\\/mappingspain.com\\\/fr\\\/comment-cest-vivre-a-majorque\\\/#breadcrumb\"},\"inLanguage\":\"fr-FR\",\"potentialAction\":[{\"@type\":\"ReadAction\",\"target\":[\"https:\\\/\\\/mappingspain.com\\\/fr\\\/comment-cest-vivre-a-majorque\\\/\"]}]},{\"@type\":\"ImageObject\",\"inLanguage\":\"fr-FR\",\"@id\":\"https:\\\/\\\/mappingspain.com\\\/fr\\\/comment-cest-vivre-a-majorque\\\/#primaryimage\",\"url\":\"https:\\\/\\\/mappingspain.com\\\/wp-content\\\/uploads\\\/2024\\\/07\\\/Living-in-Mallorca-4.jpg\",\"contentUrl\":\"https:\\\/\\\/mappingspain.com\\\/wp-content\\\/uploads\\\/2024\\\/07\\\/Living-in-Mallorca-4.jpg\",\"width\":1200,\"height\":834},{\"@type\":\"BreadcrumbList\",\"@id\":\"https:\\\/\\\/mappingspain.com\\\/fr\\\/comment-cest-vivre-a-majorque\\\/#breadcrumb\",\"itemListElement\":[{\"@type\":\"ListItem\",\"position\":1,\"name\":\"Home\",\"item\":\"https:\\\/\\\/mappingspain.com\\\/fr\\\/\"},{\"@type\":\"ListItem\",\"position\":2,\"name\":\"Comment c\u2019est vivre \u00e0 Majorque?\"}]},{\"@type\":\"WebSite\",\"@id\":\"https:\\\/\\\/mappingspain.com\\\/fr\\\/#website\",\"url\":\"https:\\\/\\\/mappingspain.com\\\/fr\\\/\",\"name\":\"Mapping Spain\",\"description\":\"Everything Spain!\",\"potentialAction\":[{\"@type\":\"SearchAction\",\"target\":{\"@type\":\"EntryPoint\",\"urlTemplate\":\"https:\\\/\\\/mappingspain.com\\\/fr\\\/?s={search_term_string}\"},\"query-input\":{\"@type\":\"PropertyValueSpecification\",\"valueRequired\":true,\"valueName\":\"search_term_string\"}}],\"inLanguage\":\"fr-FR\"},{\"@type\":\"Person\",\"@id\":\"https:\\\/\\\/mappingspain.com\\\/fr\\\/#\\\/schema\\\/person\\\/1e3c8dae7a8d66a64591f1b41c8b1101\",\"name\":\"Frank\",\"image\":{\"@type\":\"ImageObject\",\"inLanguage\":\"fr-FR\",\"@id\":\"https:\\\/\\\/secure.gravatar.com\\\/avatar\\\/a5454735bd4b74c9d0a1bf1f04caac3dbd7f217c7c7fa65d5b39d98bbeab8b4e?s=96&d=mm&r=g\",\"url\":\"https:\\\/\\\/secure.gravatar.com\\\/avatar\\\/a5454735bd4b74c9d0a1bf1f04caac3dbd7f217c7c7fa65d5b39d98bbeab8b4e?s=96&d=mm&r=g\",\"contentUrl\":\"https:\\\/\\\/secure.gravatar.com\\\/avatar\\\/a5454735bd4b74c9d0a1bf1f04caac3dbd7f217c7c7fa65d5b39d98bbeab8b4e?s=96&d=mm&r=g\",\"caption\":\"Frank\"}}]}<\/script>\n<!-- \/ Yoast SEO plugin. -->","yoast_head_json":{"title":"Comment c\u2019est vivre \u00e0 Majorque? - Mapping Spain","robots":{"index":"index","follow":"follow","max-snippet":"max-snippet:-1","max-image-preview":"max-image-preview:large","max-video-preview":"max-video-preview:-1"},"canonical":"https:\/\/mappingspain.com\/fr\/comment-cest-vivre-a-majorque\/","og_locale":"fr_FR","og_type":"article","og_title":"Comment c\u2019est vivre \u00e0 Majorque? - Mapping Spain","og_description":"Comment c\u2019est vivre \u00e0 Majorque? Fieke et son mari Guy vivent dans une petite ville sur la magnifique \u00eele de Majorque. Dans cette interview, Fieke nous raconte tout ce qu&rsquo;elle aime \u00e0 Majorque, mais aborde \u00e9galement certains des inconv\u00e9nients de la vie sur l&rsquo;\u00eele. Elle donne \u00e9galement de nombreuses informations pratiques \u00e0 tous ceux qui [&hellip;]","og_url":"https:\/\/mappingspain.com\/fr\/comment-cest-vivre-a-majorque\/","og_site_name":"Mapping Spain","article_published_time":"2024-07-20T12:40:42+00:00","article_modified_time":"2024-09-13T15:37:50+00:00","og_image":[{"width":1200,"height":834,"url":"https:\/\/mappingspain.com\/wp-content\/uploads\/2024\/07\/Living-in-Mallorca-4.jpg","type":"image\/jpeg"}],"author":"Frank","twitter_card":"summary_large_image","twitter_misc":{"\u00c9crit par":"Frank","Dur\u00e9e de lecture estim\u00e9e":"12 minutes"},"schema":{"@context":"https:\/\/schema.org","@graph":[{"@type":"Article","@id":"https:\/\/mappingspain.com\/fr\/comment-cest-vivre-a-majorque\/#article","isPartOf":{"@id":"https:\/\/mappingspain.com\/fr\/comment-cest-vivre-a-majorque\/"},"author":{"name":"Frank","@id":"https:\/\/mappingspain.com\/fr\/#\/schema\/person\/1e3c8dae7a8d66a64591f1b41c8b1101"},"headline":"Comment c\u2019est vivre \u00e0 Majorque?","datePublished":"2024-07-20T12:40:42+00:00","dateModified":"2024-09-13T15:37:50+00:00","mainEntityOfPage":{"@id":"https:\/\/mappingspain.com\/fr\/comment-cest-vivre-a-majorque\/"},"wordCount":2532,"commentCount":0,"image":{"@id":"https:\/\/mappingspain.com\/fr\/comment-cest-vivre-a-majorque\/#primaryimage"},"thumbnailUrl":"https:\/\/mappingspain.com\/wp-content\/uploads\/2024\/07\/Living-in-Mallorca-4.jpg","articleSection":["\u00eeles bal\u00e9ares","Interviews d&#039;expatri\u00e9s"],"inLanguage":"fr-FR","potentialAction":[{"@type":"CommentAction","name":"Comment","target":["https:\/\/mappingspain.com\/fr\/comment-cest-vivre-a-majorque\/#respond"]}]},{"@type":"WebPage","@id":"https:\/\/mappingspain.com\/fr\/comment-cest-vivre-a-majorque\/","url":"https:\/\/mappingspain.com\/fr\/comment-cest-vivre-a-majorque\/","name":"Comment c\u2019est vivre \u00e0 Majorque? - Mapping Spain","isPartOf":{"@id":"https:\/\/mappingspain.com\/fr\/#website"},"primaryImageOfPage":{"@id":"https:\/\/mappingspain.com\/fr\/comment-cest-vivre-a-majorque\/#primaryimage"},"image":{"@id":"https:\/\/mappingspain.com\/fr\/comment-cest-vivre-a-majorque\/#primaryimage"},"thumbnailUrl":"https:\/\/mappingspain.com\/wp-content\/uploads\/2024\/07\/Living-in-Mallorca-4.jpg","datePublished":"2024-07-20T12:40:42+00:00","dateModified":"2024-09-13T15:37:50+00:00","author":{"@id":"https:\/\/mappingspain.com\/fr\/#\/schema\/person\/1e3c8dae7a8d66a64591f1b41c8b1101"},"breadcrumb":{"@id":"https:\/\/mappingspain.com\/fr\/comment-cest-vivre-a-majorque\/#breadcrumb"},"inLanguage":"fr-FR","potentialAction":[{"@type":"ReadAction","target":["https:\/\/mappingspain.com\/fr\/comment-cest-vivre-a-majorque\/"]}]},{"@type":"ImageObject","inLanguage":"fr-FR","@id":"https:\/\/mappingspain.com\/fr\/comment-cest-vivre-a-majorque\/#primaryimage","url":"https:\/\/mappingspain.com\/wp-content\/uploads\/2024\/07\/Living-in-Mallorca-4.jpg","contentUrl":"https:\/\/mappingspain.com\/wp-content\/uploads\/2024\/07\/Living-in-Mallorca-4.jpg","width":1200,"height":834},{"@type":"BreadcrumbList","@id":"https:\/\/mappingspain.com\/fr\/comment-cest-vivre-a-majorque\/#breadcrumb","itemListElement":[{"@type":"ListItem","position":1,"name":"Home","item":"https:\/\/mappingspain.com\/fr\/"},{"@type":"ListItem","position":2,"name":"Comment c\u2019est vivre \u00e0 Majorque?"}]},{"@type":"WebSite","@id":"https:\/\/mappingspain.com\/fr\/#website","url":"https:\/\/mappingspain.com\/fr\/","name":"Mapping Spain","description":"Everything Spain!","potentialAction":[{"@type":"SearchAction","target":{"@type":"EntryPoint","urlTemplate":"https:\/\/mappingspain.com\/fr\/?s={search_term_string}"},"query-input":{"@type":"PropertyValueSpecification","valueRequired":true,"valueName":"search_term_string"}}],"inLanguage":"fr-FR"},{"@type":"Person","@id":"https:\/\/mappingspain.com\/fr\/#\/schema\/person\/1e3c8dae7a8d66a64591f1b41c8b1101","name":"Frank","image":{"@type":"ImageObject","inLanguage":"fr-FR","@id":"https:\/\/secure.gravatar.com\/avatar\/a5454735bd4b74c9d0a1bf1f04caac3dbd7f217c7c7fa65d5b39d98bbeab8b4e?s=96&d=mm&r=g","url":"https:\/\/secure.gravatar.com\/avatar\/a5454735bd4b74c9d0a1bf1f04caac3dbd7f217c7c7fa65d5b39d98bbeab8b4e?s=96&d=mm&r=g","contentUrl":"https:\/\/secure.gravatar.com\/avatar\/a5454735bd4b74c9d0a1bf1f04caac3dbd7f217c7c7fa65d5b39d98bbeab8b4e?s=96&d=mm&r=g","caption":"Frank"}}]}},"featured_image_src":"https:\/\/mappingspain.com\/wp-content\/uploads\/2024\/07\/Living-in-Mallorca-4-600x400.jpg","featured_image_src_square":"https:\/\/mappingspain.com\/wp-content\/uploads\/2024\/07\/Living-in-Mallorca-4-600x600.jpg","author_info":{"display_name":"Frank","author_link":"https:\/\/mappingspain.com\/fr\/author\/frank\/"},"_links":{"self":[{"href":"https:\/\/mappingspain.com\/fr\/wp-json\/wp\/v2\/posts\/22729","targetHints":{"allow":["GET"]}}],"collection":[{"href":"https:\/\/mappingspain.com\/fr\/wp-json\/wp\/v2\/posts"}],"about":[{"href":"https:\/\/mappingspain.com\/fr\/wp-json\/wp\/v2\/types\/post"}],"author":[{"embeddable":true,"href":"https:\/\/mappingspain.com\/fr\/wp-json\/wp\/v2\/users\/2"}],"replies":[{"embeddable":true,"href":"https:\/\/mappingspain.com\/fr\/wp-json\/wp\/v2\/comments?post=22729"}],"version-history":[{"count":3,"href":"https:\/\/mappingspain.com\/fr\/wp-json\/wp\/v2\/posts\/22729\/revisions"}],"predecessor-version":[{"id":22735,"href":"https:\/\/mappingspain.com\/fr\/wp-json\/wp\/v2\/posts\/22729\/revisions\/22735"}],"wp:featuredmedia":[{"embeddable":true,"href":"https:\/\/mappingspain.com\/fr\/wp-json\/wp\/v2\/media\/21403"}],"wp:attachment":[{"href":"https:\/\/mappingspain.com\/fr\/wp-json\/wp\/v2\/media?parent=22729"}],"wp:term":[{"taxonomy":"category","embeddable":true,"href":"https:\/\/mappingspain.com\/fr\/wp-json\/wp\/v2\/categories?post=22729"},{"taxonomy":"post_tag","embeddable":true,"href":"https:\/\/mappingspain.com\/fr\/wp-json\/wp\/v2\/tags?post=22729"}],"curies":[{"name":"wp","href":"https:\/\/api.w.org\/{rel}","templated":true}]}}