{"id":6054,"date":"2021-03-04T17:17:21","date_gmt":"2021-03-04T17:17:21","guid":{"rendered":"https:\/\/mappingspain.com\/?p=6054"},"modified":"2025-10-26T14:21:51","modified_gmt":"2025-10-26T14:21:51","slug":"a-quoi-ressemble-la-vie-a-vejer-de-la-frontera-cadix","status":"publish","type":"post","link":"https:\/\/mappingspain.com\/fr\/a-quoi-ressemble-la-vie-a-vejer-de-la-frontera-cadix\/","title":{"rendered":"\u00c0 quoi ressemble la vie \u00e0 Vejer de la Frontera ? (Cadix)"},"content":{"rendered":"\n<figure class=\"wp-block-image size-large\"><img decoding=\"async\" width=\"1000\" height=\"572\" src=\"http:\/\/mappingspain.com\/wp-content\/uploads\/2021\/03\/Vejer-from-Triperia.jpeg\" alt=\"What\u2019s it like living in Vejer de la Frontera? (Cadiz). Ask an Expat\" class=\"wp-image-915\" srcset=\"https:\/\/mappingspain.com\/wp-content\/uploads\/2021\/03\/Vejer-from-Triperia.jpeg 1000w, https:\/\/mappingspain.com\/wp-content\/uploads\/2021\/03\/Vejer-from-Triperia-300x172.jpeg 300w, https:\/\/mappingspain.com\/wp-content\/uploads\/2021\/03\/Vejer-from-Triperia-768x439.jpeg 768w\" sizes=\"(max-width: 1000px) 100vw, 1000px\" \/><\/figure>\n\n\n\n<p class=\"has-text-color\" style=\"color:#d4d8da\"><mark style=\"background-color:rgba(0, 0, 0, 0);color:#ffffff\" class=\"has-inline-color\">\u00c0 quoi ressemble la vie \u00e0 Vejer de la Frontera ? (Cadix)<\/mark><\/p>\n\n\n\n<p><strong>Anne vit \u00e0 Vejer de la Frontera dans la province de Cadix, en Andalousie.<\/strong><\/p>\n\n\n\n<p>C&rsquo;est une interview vraiment int\u00e9ressante. En plus de nous dire comment c&rsquo;est de vivre \u00e0 Vejer de la Frontera (et dans la province de Cadix en g\u00e9n\u00e9ral), Anne est \u00e0 la fois randonneuse et un agent de voyages. Elle a: 1) des tonnes d&rsquo;informations sur les meilleures randonn\u00e9es et promenades \u00e0 Cadix, 2) des avis sur tous les meilleurs endroits \u00e0 voir en Espagne (nous nous sommes un peu \u00e9loign\u00e9s du sujet dans cette interview mais c&rsquo;est parce que la randonn\u00e9e et la d\u00e9couverte sont deux choses que j&rsquo;aime).<\/p>\n\n\n\n<p>Une excellente interview et je suis s\u00fbr que beaucoup de gens appr\u00e9cieront toutes les informations ici.<\/p>\n\n\n\n<hr class=\"wp-block-separator has-css-opacity is-style-wide\"\/>\n\n\n\n<div class=\"wp-block-media-text alignwide is-stacked-on-mobile\"><figure class=\"wp-block-media-text__media\"><img decoding=\"async\" width=\"1000\" height=\"750\" src=\"http:\/\/mappingspain.com\/wp-content\/uploads\/2021\/03\/Anne-in-Vejer-kopie.jpg\" alt=\"What\u2019s it like living in Vejer de la Frontera? (Cadiz). Ask an Expat.\" class=\"wp-image-913 size-full\" srcset=\"https:\/\/mappingspain.com\/wp-content\/uploads\/2021\/03\/Anne-in-Vejer-kopie.jpg 1000w, https:\/\/mappingspain.com\/wp-content\/uploads\/2021\/03\/Anne-in-Vejer-kopie-300x225.jpg 300w, https:\/\/mappingspain.com\/wp-content\/uploads\/2021\/03\/Anne-in-Vejer-kopie-768x576.jpg 768w\" sizes=\"(max-width: 1000px) 100vw, 1000px\" \/><\/figure><div class=\"wp-block-media-text__content\">\n<p><strong>Nom:<\/strong> &nbsp;Anne&nbsp;Middelkamp<br><strong>\u00e2ge:<\/strong>&nbsp;&nbsp;&nbsp; 57<br><strong>Pays d&rsquo;origine: <\/strong>&nbsp;Les Pays-Bas<br><strong>Nombre d&rsquo;ann\u00e9es de vie en Espagne:<\/strong> 14<\/p>\n<\/div><\/div>\n\n\n\n<p><\/p>\n\n\n\n<hr class=\"wp-block-separator has-alpha-channel-opacity is-style-wide\"\/>\n\n\n\n<div style=\"height:29px\" aria-hidden=\"true\" class=\"wp-block-spacer\"><\/div>\n\n\n\n<p><strong>Salut Anne! J&rsquo;ai lu que vous avez cr\u00e9\u00e9 une agence de voyages avec votre mari, puis que vous avez tous les deux d\u00e9cid\u00e9 de d\u00e9m\u00e9nager en Espagne. Je suis curieux \u00e0 ce sujet. Pourquoi l&rsquo;Espagne ?<\/strong><\/p>\n\n\n\n<p>Salut Franck ! Merci de m&rsquo;avoir invit\u00e9 pour cette interview ! Oui &#8211; eh bien, l&rsquo;Espagne \u00e9tait la raison pour laquelle nous avons lanc\u00e9 notre agence de voyages il y a 21 ans&nbsp;!<\/p>\n\n\n\n<p>Mon partenaire Arco et moi avons beaucoup voyag\u00e9 \u00e0 travers le monde et \u00e0 un moment donn\u00e9, il travaillait comme guide de voyage pour une grande agence de voyage aux Pays-Bas. Surtout avec Am\u00e9rique latine et du Sud et en Espagne. Lors de ses voyages en Espagne, il a d\u00e9couvert la beaut\u00e9 de ce pays et m&rsquo;a emmen\u00e9 ici pour me montrer des endroits incroyables. \u00c0 ce moment-l\u00e0, je n&rsquo;\u00e9tais jamais all\u00e9 en Espagne et dans mon esprit, l&rsquo;Espagne signifiait des Costas bond\u00e9es et des terres d\u00e9sertes et s\u00e8ches. Comme j&rsquo;avais tort !<\/p>\n\n\n\n<p>Notre premier voyage ensemble remonte \u00e0 22 ans. 6 semaines du nord-est au nord-ouest, \u00e0 partir de la Catalogne &#8211; de la magnifique Costa Brava, les hauts sommets des parcs naturels des Pyr\u00e9n\u00e9es : le parc national Aig\u00fcestortes i Estany de Sant Maurici, le parc naturel Cad\u00ed-Moixer\u00f3, de jolies vall\u00e9es avec des \u00e9glises romanes, des villages abandonn\u00e9s, des ch\u00e2teaux &#8211; jusqu&rsquo;\u00e0 la belle et chic station baln\u00e9aire de Saint-S\u00e9bastien au Pays basque.<\/p>\n\n\n\n<p>J&rsquo;ai \u00e9t\u00e9 tr\u00e8s impressionn\u00e9 par la diversit\u00e9 de ce pays, la nature sauvage, l&rsquo;espace, les contrastes, la culture, les f\u00eates et la passion. Tellement diff\u00e9rent de la Hollande \u00ab&nbsp;trop planifi\u00e9e et organis\u00e9e&nbsp;\u00bb&nbsp;!<\/p>\n\n\n\n<p>Nous avons d\u00e9cid\u00e9 d&rsquo;organiser nos propres circuits en Espagne, mais uniquement avec de petits groupes, dans les plus beaux endroits, les plus beaux h\u00f4tels, \u00e0 petite \u00e9chelle, personnalis\u00e9s, loin de la foule. Et emm\u00e9nager ici d\u00e8s que possible pour en vivre.<\/p>\n\n\n\n<div style=\"height:9px\" aria-hidden=\"true\" class=\"wp-block-spacer\"><\/div>\n\n\n\n<div style=\"height:9px\" aria-hidden=\"true\" class=\"wp-block-spacer\"><\/div>\n\n\n\n<div style=\"height:20px\" aria-hidden=\"true\" class=\"wp-block-spacer\"><\/div>\n\n\n\n<figure class=\"wp-block-image size-large\"><img decoding=\"async\" width=\"1000\" height=\"670\" src=\"http:\/\/mappingspain.com\/wp-content\/uploads\/2021\/03\/Vejer-de-la-Frontera-Cadiz.jpg\" alt=\"What\u2019s it like living in Vejer de la Frontera? (Cadiz)\" class=\"wp-image-914\" title=\"What\u2019s it like living in Vejer de la Frontera? (Cadiz)\" srcset=\"https:\/\/mappingspain.com\/wp-content\/uploads\/2021\/03\/Vejer-de-la-Frontera-Cadiz.jpg 1000w, https:\/\/mappingspain.com\/wp-content\/uploads\/2021\/03\/Vejer-de-la-Frontera-Cadiz-300x201.jpg 300w, https:\/\/mappingspain.com\/wp-content\/uploads\/2021\/03\/Vejer-de-la-Frontera-Cadiz-768x515.jpg 768w\" sizes=\"(max-width: 1000px) 100vw, 1000px\" \/><figcaption class=\"wp-element-caption\">Vejer de la Frontera<\/figcaption><\/figure>\n\n\n<hr>\n<div class=\"content_hint\">&nbsp;<\/div>\n<hr>\n\n\n<div style=\"height:20px\" aria-hidden=\"true\" class=\"wp-block-spacer\"><\/div>\n\n\n\n<p><strong>Je vois que vous avez pass\u00e9 de nombreuses ann\u00e9es en Catalogne et que vous avez ensuite d\u00e9cid\u00e9 de quitter cette r\u00e9gion pour vous installer dans la province de Cadix. Que vous manquait-il en Catalogne ? Pourquoi la province de Cadix ?<\/strong><\/p>\n\n\n\n<p>La Catalogne a \u00e9t\u00e9 mon premier amour, c&rsquo;est vrai ! Je l&rsquo;aime toujours et \u00e7a me manque. Nous avons choisi la Catalogne pour diverses raisons. Principalement parce que c&rsquo;est une belle r\u00e9gion, mais aussi parce que nous avions de la famille \u00e0 proximit\u00e9. J&rsquo;ai une s\u0153ur qui vit dans le sud de la France et la s\u0153ur d&rsquo;Arco vit sur la Costa Brava. Avoir de la famille \u00ab\u00e0 proximit\u00e9\u00bb \u00e9tait agr\u00e9able, \u00e9galement pour nos deux petits enfants (4 et 6 \u00e0 l&rsquo;\u00e9poque). \u00c0 l&rsquo;\u00e9poque, j&rsquo;avais aussi tr\u00e8s peur de prendre l&rsquo;avion, donc le nord de l&rsquo;Espagne \u00e9tait encore \u00ab\u00a0faisable\u00a0\u00bb en voiture jusqu&rsquo;aux Pays-Bas. Nous avons d\u00e9couvert le Priorat parce que je me suis souvenu du (Royaume-Uni) Channel4 No Going Back Documentaries: \u00ab\u00a0Mothers Garden\u00a0\u00bb sur un couple britannique qui a d\u00e9m\u00e9nag\u00e9 l\u00e0-bas et a commenc\u00e9 une ferme d&rsquo;huile d&rsquo;olive. Cela a d\u00e9clench\u00e9 ma curiosit\u00e9. Nous avons visit\u00e9 la r\u00e9gion, nous l&rsquo;avons beaucoup aim\u00e9e, avons rencontr\u00e9 Martin et Maggie de Mothers Garden, ils nous ont ensuite aid\u00e9s \u00e0 trouver une maison, nous avons d\u00e9m\u00e9nag\u00e9 \u00e0 Falset et nous sommes toujours amis ! Le Priorat est une r\u00e9gion \u00e9tonnante, \u00ab\u00a0La Toscane d&rsquo;Espagne\u00a0\u00bb comme on l&rsquo;appelle aussi. Une r\u00e9gion isol\u00e9e, entour\u00e9e de cha\u00eenes de montagnes et \u00e0 quelques heures de route des plages. C&rsquo;est tr\u00e8s authentique avec de petits hameaux, de petits vignobles, situ\u00e9s contre des collines escarp\u00e9es. Des vins superbes (et r\u00e9put\u00e9s) ! \ud83d\ude42<\/p>\n\n\n\n<p>Nous avons habit\u00e9 le Priorat pendant 5 ans. Puis nous avons d\u00e9m\u00e9nag\u00e9 dans le sud de l&rsquo;Espagne parce que nous aimons le changement et \u00e0 cause du climat ! Les hivers dans les montagnes int\u00e9rieures du nord \u00e9taient assez rigoureux.<\/p>\n\n\n\n<p>Nous avons donc d\u00e9m\u00e9nag\u00e9 jusqu&rsquo;\u00e0 l&rsquo;autre bout de l&rsquo;Espagne. Nous avons choisi Cadix parce que nous aimons la Costa de la Luz, les plages sans fin et la tranquillit\u00e9 de celle-ci. Pas de tourisme de masse, l&rsquo;attitude d\u00e9contract\u00e9e, les villages blancs (notre ville, Vejer, \u00e9tant l&rsquo;une des plus jolies de toutes). J&rsquo;aime les collines vertes et vallonn\u00e9es sans fin, et l&rsquo;herbe (cela doit mes g\u00e8nes hollandais&nbsp;: plaines, prairies et champs. Vaches qui paissent\u2026 ) Pour moi, Cadix a tout ce dont on peut avoir besoin&nbsp;: les villes anim\u00e9es de Cadix et de Jerez de la Frontera avec magasins, th\u00e9\u00e2tres, bars. Des plages magnifiques et des parcs naturels avec des sentiers de randonn\u00e9e sans fin : Le parc national d&rsquo;Alcornocales et de Grazalema. Aussi: l&rsquo;Estrecho est la zone de migration d&rsquo;oiseaux la plus fr\u00e9quent\u00e9e d&rsquo;Europe. Mais le plus important de tout : les gens\u2026 Les habitants de Cadix sont si amicaux et serviables. Dans le sud, les gens sont plus ouverts que dans le nord, c&rsquo;est mon opinion personnelle. La vie se d\u00e9roule dehors, dans la rue. Tout le monde, petits et grands, vous accueillera et il sera toujours temps de discuter ! Par ici, inutile de se presser. Vous prenez votre temps pour tout. (et tout prend du temps\u2026)<\/p>\n\n\n\n<div style=\"height:21px\" aria-hidden=\"true\" class=\"wp-block-spacer\"><\/div>\n\n\n\n<figure class=\"wp-block-image size-large\"><img decoding=\"async\" width=\"1000\" height=\"750\" src=\"http:\/\/mappingspain.com\/wp-content\/uploads\/2021\/03\/Walk-to-Bolonia-Spain.jpeg\" alt=\"Hiking in Bolonia, Cadiz\" class=\"wp-image-918\" title=\"Hiking in Bolonia, Cadiz\" srcset=\"https:\/\/mappingspain.com\/wp-content\/uploads\/2021\/03\/Walk-to-Bolonia-Spain.jpeg 1000w, https:\/\/mappingspain.com\/wp-content\/uploads\/2021\/03\/Walk-to-Bolonia-Spain-300x225.jpeg 300w, https:\/\/mappingspain.com\/wp-content\/uploads\/2021\/03\/Walk-to-Bolonia-Spain-768x576.jpeg 768w\" sizes=\"(max-width: 1000px) 100vw, 1000px\" \/><figcaption class=\"wp-element-caption\">Pr\u00e8s de la ville de Bolonia<\/figcaption><\/figure>\n\n\n<hr>\n<div class=\"content_hint\">&nbsp;<\/div>\n<hr>\n\n\n<div style=\"height:21px\" aria-hidden=\"true\" class=\"wp-block-spacer\"><\/div>\n\n\n\n<p><strong>Vous avez fini par choisir de vivre dans la ville de Vejer de la Frontera. Qu&rsquo;est-ce que tu aimes chez Vejer ? Y a-t-il quelque chose que vous n&rsquo;aimez pas ?<\/strong><\/p>\n\n\n\n<p>Nous avons d&rsquo;abord v\u00e9cu sur le campo juste \u00e0 l&rsquo;ext\u00e9rieur de Vejer. En haut d&rsquo;une colline avec vue sur la ville. Les enfants allaient \u00e0 l&rsquo;\u00e9cole et faisaient du sport l\u00e0-bas. C&rsquo;\u00e9tait trop \u00e9loign\u00e9, trop isol\u00e9, trop calme pour les enfants, alors, apr\u00e8s deux ans, nous avons d\u00e9m\u00e9nag\u00e9 en ville, en plein centre ! C&rsquo;\u00e9tait le contraire ! Notre maison est sur une place anim\u00e9e, nous avons des restaurants fantastiques, de belles boutiques et le march\u00e9 au coin de la rue. C&rsquo;est l\u00e0 que nous avons vraiment commenc\u00e9 \u00e0 rencontrer des gens et que nous avons \u00ab atterri \u00bb \u00e0 Cadix.<\/p>\n\n\n\n<p>Vous me demandez ce que j&rsquo;aime chez Vejer ? J&rsquo;aime tout! C&rsquo;est une tr\u00e8s jolie ville fortifi\u00e9e au sommet d&rsquo;une colline. C&rsquo;est un paradis pour les gourmands, il a une tr\u00e8s jolie vieille ville, de superbes vues sur l&rsquo;ancien lagon de La janda et l&rsquo;Afrique. (J&rsquo;ai \u00e9crit un blog \u00e0 ce sujet, lisez-le ici : Vejer de la Frontera, chouchou du sud)<\/p>\n\n\n\n<p>Vejer a ses propres plages (\u00e0 10 kilom\u00e8tres) : El Palmar. Les gens sont tellement sympathiques. Vejer est touristique, oui, mais un autre type de tourisme. Tourisme de qualit\u00e9. Il y a un tr\u00e8s bon festival de jazz. Je ne peux pas vraiment penser \u00e0 une chose que je n&rsquo;aime pas \u00e0 ce sujet. Oui, ce serait bien s&rsquo;il y avait des bus plus fr\u00e9quents pour la plage. Et je n&rsquo;aime pas que la mairie coupe actuellement des arbres dans le grand parc pour cr\u00e9er des places de stationnement. Et il peut y avoir beaucoup de bruit et de monde en \u00e9t\u00e9\u2026 avec des vacanciers de S\u00e9ville et de Madrid. Il vaut mieux quitter la ville alors, si vous n&rsquo;aimez pas le bruit, le flamenco et la fiesta !<\/p>\n\n\n\n<div style=\"height:21px\" aria-hidden=\"true\" class=\"wp-block-spacer\"><\/div>\n\n\n\n<figure class=\"wp-block-image size-large\"><img decoding=\"async\" width=\"1000\" height=\"669\" src=\"http:\/\/mappingspain.com\/wp-content\/uploads\/2021\/03\/Cabo-de-Trafalgar-Cadiz-Spain.jpeg\" alt=\"Cabo de Trafalgar\" class=\"wp-image-917\" title=\"Cabo de Trafalgar\" srcset=\"https:\/\/mappingspain.com\/wp-content\/uploads\/2021\/03\/Cabo-de-Trafalgar-Cadiz-Spain.jpeg 1000w, https:\/\/mappingspain.com\/wp-content\/uploads\/2021\/03\/Cabo-de-Trafalgar-Cadiz-Spain-300x201.jpeg 300w, https:\/\/mappingspain.com\/wp-content\/uploads\/2021\/03\/Cabo-de-Trafalgar-Cadiz-Spain-768x514.jpeg 768w, https:\/\/mappingspain.com\/wp-content\/uploads\/2021\/03\/Cabo-de-Trafalgar-Cadiz-Spain-600x400.jpeg 600w\" sizes=\"(max-width: 1000px) 100vw, 1000px\" \/><figcaption class=\"wp-element-caption\">Cabo de Trafalgar<\/figcaption><\/figure>\n\n\n<hr>\n<div class=\"content_hint\">&nbsp;<\/div>\n<hr>\n\n\n<div style=\"height:23px\" aria-hidden=\"true\" class=\"wp-block-spacer\"><\/div>\n\n\n\n<p><strong>J&rsquo;ai lu que vous \u00eates devenu un randonneur passionn\u00e9 depuis votre arriv\u00e9e en Espagne et que vous avez m\u00eame \u00e9crit un livre sur la marche\/randonn\u00e9e \u00e0 Cadix. Je trouve cela inspirant car j&rsquo;aime moi-m\u00eame faire de la randonn\u00e9e. Pouvez-vous nous parler de votre nouvel amour d\u00e9couvert et de ce qui fait de Cadix un endroit si sp\u00e9cial pour la randonn\u00e9e\/la marche&nbsp;?<\/strong><\/p>\n\n\n\n<p>Tout d&rsquo;abord : je ne me suis jamais vraiment consid\u00e9r\u00e9 comme un randonneur. J&rsquo;ai les genoux branlants et une mauvaise vue et je n&rsquo;ai jamais fait beaucoup d&rsquo;exercice physique quand j&rsquo;\u00e9tais plus jeune. Mais l&rsquo;Espagne poss\u00e8de des espaces naturels tellement incroyables qu&rsquo;il suffit de les explorer et d&rsquo;y passer du temps. J&rsquo;aime \u00eatre seul dans la nature.<\/p>\n\n\n\n<p>Mais oui, j&rsquo;ai d\u00e9couvert le plaisir de marcher ! Nous avions toujours promis aux enfants qu&rsquo;ils pourraient avoir un chiot une fois que nous aurions trouv\u00e9 une maison avec un grand jardin. Et nous l&rsquo;avons fait. Et puis nous avons d\u00fb sortir le chien pour des promenades. Au fil du temps, les promenades sont devenues de plus en plus longues, le long des plages sans fin et dans les collines verdoyantes de la Costa de la Luz, les montagnes vastes et vides du parc naturel des Alcornocales. Cadix est un endroit id\u00e9al pour se promener en raison de la diversit\u00e9 du paysage.<\/p>\n\n\n\n<p>Un peu plus \u00e0 l&rsquo;int\u00e9rieur des terres, avec des sommets encore plus hauts et un paysage vraiment impressionnant, se trouve le parc national de Grazalema. Cette r\u00e9gion est tr\u00e8s appr\u00e9ci\u00e9e des randonneurs et des v\u00e9t\u00e9tistes. J&rsquo;adore Grazalema nous et j&rsquo;ai fait des promenades incroyables, m\u00eame si pour la plupart d&rsquo;entre elles, vous avez besoin d&rsquo;une autorisation et beaucoup d&rsquo;entre elles sont trop difficiles pour moi. J&rsquo;aime les promenades de 2 \u00e0 4 heures et pas trop exigeantes s&rsquo;il vous pla\u00eet (niveau moyen) \ud83d\ude09<\/p>\n\n\n\n<div style=\"height:20px\" aria-hidden=\"true\" class=\"wp-block-spacer\"><\/div>\n\n\n\n<figure class=\"wp-block-image size-large\"><img decoding=\"async\" width=\"1000\" height=\"667\" src=\"http:\/\/mappingspain.com\/wp-content\/uploads\/2021\/03\/Grazalema-by-Jeep.jpg\" alt=\"What is Cadiz province like?\" class=\"wp-image-916\" title=\"What is Cadiz province like?\" srcset=\"https:\/\/mappingspain.com\/wp-content\/uploads\/2021\/03\/Grazalema-by-Jeep.jpg 1000w, https:\/\/mappingspain.com\/wp-content\/uploads\/2021\/03\/Grazalema-by-Jeep-300x200.jpg 300w, https:\/\/mappingspain.com\/wp-content\/uploads\/2021\/03\/Grazalema-by-Jeep-768x512.jpg 768w, https:\/\/mappingspain.com\/wp-content\/uploads\/2021\/03\/Grazalema-by-Jeep-600x400.jpg 600w\" sizes=\"(max-width: 1000px) 100vw, 1000px\" \/><figcaption class=\"wp-element-caption\">Grazalema en Jeep<\/figcaption><\/figure>\n\n\n<hr>\n<div class=\"content_hint\">&nbsp;<\/div>\n<hr>\n\n\n<div style=\"height:21px\" aria-hidden=\"true\" class=\"wp-block-spacer\"><\/div>\n\n\n\n<p><strong>Comment compareriez-vous la province de Cadix au reste de l&rsquo;Andalousie en g\u00e9n\u00e9ral&nbsp;? Je demande parce que nous avons vu beaucoup d&rsquo;Andalousie mais que nous ne sommes pas all\u00e9s dans la province de Cadix\u2026<\/strong><\/p>\n\n\n\n<p>C&rsquo;est vraiment difficile de comparer les provinces! Chacun a son propre charme bien s\u00fbr\u2026 Cadix n&rsquo;a pas les paysages spectaculaires de la Sierra Nevada et des Sierras de Malaga avec ses hauts sommets, ni les champs vallonn\u00e9s sans fin avec des oliviers de Jaen, pas de mus\u00e9e c\u00e9l\u00e8bre comme ceux de Malaga ni l&rsquo;Unesco mauresque Patrimoine mondial comme la Mezquita, l&rsquo;Alhambra, l&rsquo;Alcazar. Mais Cadix est l&rsquo;Andalousie en un mot avec de jolies villes, des champs vallonn\u00e9s, des plages vierges et des sierras vides. Pas dramatique ni bruyant mais juste relaxant\u2026 Il a un peu de tout et le berceau du flamenco et des vins de x\u00e9r\u00e8s. Laisse moi te montrer les alentours!<\/p>\n\n\n\n<div style=\"height:26px\" aria-hidden=\"true\" class=\"wp-block-spacer\"><\/div>\n\n\n\n<div style=\"height:50px\" aria-hidden=\"true\" class=\"wp-block-spacer\"><\/div>\n\n\n\n<figure class=\"wp-block-image size-large\"><img decoding=\"async\" width=\"1000\" height=\"667\" src=\"http:\/\/mappingspain.com\/wp-content\/uploads\/2021\/03\/vulture-in-Cadiz-Spain.jpg\" alt=\"Griffon vulture in Cadiz\" class=\"wp-image-919\" title=\"Griffon vulture in Cadiz\" srcset=\"https:\/\/mappingspain.com\/wp-content\/uploads\/2021\/03\/vulture-in-Cadiz-Spain.jpg 1000w, https:\/\/mappingspain.com\/wp-content\/uploads\/2021\/03\/vulture-in-Cadiz-Spain-300x200.jpg 300w, https:\/\/mappingspain.com\/wp-content\/uploads\/2021\/03\/vulture-in-Cadiz-Spain-768x512.jpg 768w, https:\/\/mappingspain.com\/wp-content\/uploads\/2021\/03\/vulture-in-Cadiz-Spain-600x400.jpg 600w\" sizes=\"(max-width: 1000px) 100vw, 1000px\" \/><figcaption class=\"wp-element-caption\">Le Vautour fauve, un visiteur r\u00e9gulier d&rsquo;Afrique<\/figcaption><\/figure>\n\n\n\n<div style=\"height:21px\" aria-hidden=\"true\" class=\"wp-block-spacer\"><\/div>\n\n\n\n<p><strong>Y a-t-il beaucoup d&rsquo;expatri\u00e9s qui s&rsquo;installent dans la province de Cadix&nbsp;? Existe-t-il une communaut\u00e9 d&rsquo;expatri\u00e9s de bonne taille&nbsp;?<\/strong><\/p>\n\n\n\n<p>Oui, il y a pas mal d&rsquo;expatri\u00e9s ici&nbsp;! Chiclana, Medina Sidonia, Puerto Santa Maria, Jerez, Cadix mais vraiment presque partout \u00e0 Cadix. Cadix est la plus ancienne ville portuaire d&rsquo;Europe, donc historiquement il y a toujours eu beaucoup de visiteurs \u00e9trangers et Jerez est devenue riche et c\u00e9l\u00e8bre gr\u00e2ce \u00e0 l&rsquo;amour britannique pour les vins de x\u00e9r\u00e8s. Un commer\u00e7ant britannique s&rsquo;est install\u00e9 ici il y a longtemps. La Costa de la Luz a toujours attir\u00e9 les Allemands et j&rsquo;ai aussi pas mal d&rsquo;amis allemands.<\/p>\n\n\n\n<div style=\"height:20px\" aria-hidden=\"true\" class=\"wp-block-spacer\"><\/div>\n\n\n\n<figure class=\"wp-block-image size-large\"><img decoding=\"async\" width=\"887\" height=\"1024\" src=\"http:\/\/mappingspain.com\/wp-content\/uploads\/2021\/03\/Vejer-de-la-Frontera-887x1024.jpeg\" alt=\"Living in Vejer de la Frontera\" class=\"wp-image-920\" title=\"Living in Vejer de la Frontera\" srcset=\"https:\/\/mappingspain.com\/wp-content\/uploads\/2021\/03\/Vejer-de-la-Frontera-887x1024.jpeg 887w, https:\/\/mappingspain.com\/wp-content\/uploads\/2021\/03\/Vejer-de-la-Frontera-260x300.jpeg 260w, https:\/\/mappingspain.com\/wp-content\/uploads\/2021\/03\/Vejer-de-la-Frontera-768x887.jpeg 768w, https:\/\/mappingspain.com\/wp-content\/uploads\/2021\/03\/Vejer-de-la-Frontera.jpeg 1000w\" sizes=\"(max-width: 887px) 100vw, 887px\" \/><figcaption class=\"wp-element-caption\">Vejer de la Frontera<\/figcaption><\/figure>\n\n\n<hr>\n<div class=\"content_hint\">&nbsp;<\/div>\n<hr>\n\n\n<div style=\"height:23px\" aria-hidden=\"true\" class=\"wp-block-spacer\"><\/div>\n\n\n\n<p><strong>Cette question est un peu hors sujet, mais je sais que vous avez une agence de voyage et que vous avez une grande exp\u00e9rience des voyages en Espagne. Si quelqu&rsquo;un avait 2 semaines pour voir l&rsquo;Espagne lors d&rsquo;un voyage unique, qu&rsquo;y aurait-il sur votre liste&nbsp;?<\/strong><\/p>\n\n\n\n<p>Deux semaines? Impossible! \ud83d\ude09<\/p>\n\n\n\n<p>L&rsquo;Espagne est un pays immense et figure dans le top 3 des pays avec des sites du patrimoine mondial de l&rsquo;UNESCO !<br>Mais si vous n&rsquo;avez que 2 semaines, je sugg\u00e9rerais cette combinaison parfaite de Nature et Culture<\/p>\n\n\n\n<p>Espagne dans le sens inverse des aiguilles d&rsquo;une montre&nbsp;:<\/p>\n\n\n\n<ul class=\"wp-block-list\">\n<li>Envolez-vous pour Bilbao&nbsp;: visitez G\u00fcggenheim, mangez des pintxos et dans l&rsquo;un des meilleurs restaurants Michelin<\/li>\n\n\n\n<li>Promenez-vous dans le parc national des pics d&rsquo;Europe. Boire du cidre<br>Suivez une partie de la Ruta de la Plata &#8211; la Route de l&rsquo;Argent du nord au sud de l&rsquo;Espagne<\/li>\n\n\n\n<li>Promenez-vous dans les mines d&rsquo;or romaines de Las Medulas.<\/li>\n\n\n\n<li>Visitez le patrimoine mondial de l&rsquo;Unesco : Salamanque, C\u00e1ceres, M\u00e9rida<\/li>\n\n\n\n<li>Allez observer les oiseaux dans le parc de Monfrag\u00fce en Estr\u00e9madure<\/li>\n\n\n\n<li>Ville de conquistadores Trujillo et incontournable : Guadalupe avec son magnifique monast\u00e8re.<\/li>\n\n\n\n<li>Andalousie&nbsp;: l&rsquo;Alcazar de S\u00e9ville, la Mezquita de Cordoue et l&rsquo;Alhambra de Grenade.<\/li>\n\n\n\n<li>\u00c0 Cordoue, essayez Salmorejo.<\/li>\n\n\n\n<li>Visite Sherry dans l&rsquo;une des petites et exclusives bodega de Jerez de la Frontera<\/li>\n\n\n\n<li>Mangez des Tortillitas de camarones sur le Mercado central de Cadix. Montez la Torre de Tavira.<\/li>\n\n\n\n<li>Promenez-vous sur le Caminito del Rey et \u00e0 El Torcal.<\/li>\n\n\n\n<li>Faites une visite culturelle (\u00e0 v\u00e9lo) de Malaga.<\/li>\n\n\n\n<li>Traversez le parc national de la Sierra de Segura \u00e0 l&rsquo;est et visitez les villes de la renaissance d&rsquo;Ubeda et de Baeza.<\/li>\n\n\n\n<li>Valence avec le parc Turia et l&rsquo;architecture de Calatrava. Manger de la paella<\/li>\n\n\n\n<li>Visite viticole exclusive dans le Priorat<\/li>\n\n\n\n<li>Gaudi et autres modernistes \u00e0 Barcelone<\/li>\n\n\n\n<li>Une journ\u00e9e sur un voilier sur la Costa Brava. Mangez des fruits de mer \u00e0 Tamariu, le plus joli village baln\u00e9aire<br><\/li>\n<\/ul>\n\n\n\n<p>Je vous sugg\u00e9rerais de faire appel \u00e0 un guide priv\u00e9 et \u00e0 un chauffeur pour vous asseoir et tout prendre\u2026<\/p>\n\n\n\n<div style=\"height:22px\" aria-hidden=\"true\" class=\"wp-block-spacer\"><\/div>\n\n\n\n<p class=\"has-background\" style=\"background-color:#215fa6\"><mark style=\"background-color:rgba(0, 0, 0, 0);color:#ffffff\" class=\"has-inline-color\">Remarque : Anne a une agence de voyage, <a href=\"https:\/\/www.ardanza.nl\/\" target=\"_blank\" rel=\"noreferrer noopener\">Ardanza<\/a>. Donc, si vous venez en Espagne et avez besoin de quelqu&rsquo;un pour organiser de bonnes vacances, vous devez la contacter : anne@ardanza.nl<\/mark><\/p>\n\n\n\n<div style=\"height:21px\" aria-hidden=\"true\" class=\"wp-block-spacer\"><\/div>\n\n\n\n<figure class=\"wp-block-image size-large\"><img decoding=\"async\" width=\"1000\" height=\"613\" src=\"http:\/\/mappingspain.com\/wp-content\/uploads\/2021\/03\/La-Caleta-Cadiz-Spain.jpg\" alt=\"Living in Cadiz province, Spain\" class=\"wp-image-921\" title=\"Living in Cadiz province, Spain\" srcset=\"https:\/\/mappingspain.com\/wp-content\/uploads\/2021\/03\/La-Caleta-Cadiz-Spain.jpg 1000w, https:\/\/mappingspain.com\/wp-content\/uploads\/2021\/03\/La-Caleta-Cadiz-Spain-300x184.jpg 300w, https:\/\/mappingspain.com\/wp-content\/uploads\/2021\/03\/La-Caleta-Cadiz-Spain-768x471.jpg 768w\" sizes=\"(max-width: 1000px) 100vw, 1000px\" \/><figcaption class=\"wp-element-caption\">La Caleta<\/figcaption><\/figure>\n\n\n<hr>\n<div class=\"content_hint\">&nbsp;<\/div>\n<hr>\n\n\n<div style=\"height:21px\" aria-hidden=\"true\" class=\"wp-block-spacer\"><\/div>\n\n\n\n<p><strong>Les gens veulent toujours savoir \u00e0 propos de la nourriture et des boissons. Avez-vous un plat local pr\u00e9f\u00e9r\u00e9 ? Pourquoi Cadix est-elle connue ?<\/strong><\/p>\n\n\n\n<p>En raison de son long littoral, Cadix est c\u00e9l\u00e8bre pour ses poissons et il y a une Freidur\u00eda \u00e0 chaque coin de rue pour un c\u00f4ne de \u00abboquerones\u00bb ou \u00abchocos\u00bb frits &#8211; seiches frites et les d\u00e9licieuses \u00abtortillitas de camarones\u00bb (crevettes-beignets). Cadix est \u00e9galement c\u00e9l\u00e8bre pour son &lsquo;at\u00fan de Almadraba&rsquo; &#8211; la p\u00eache au thon traditionnelle et durable qui a toujours lieu ici. J&rsquo;adore le tartare de at\u00fan mais je mange tr\u00e8s peu de viande et de poisson. Pendant les chauds mois d&rsquo;\u00e9t\u00e9, mon plat pr\u00e9f\u00e9r\u00e9 est le gaspacho fait maison. Si simple, si d\u00e9licieux et sain&nbsp;: tomates crues m\u00e9lang\u00e9es, poivrons verts, oignons, avec un peu de vinaigre de Jerez et la meilleure huile d&rsquo;olive que vous puissiez obtenir&nbsp;: imbattable. Je le pr\u00e9pare quotidiennement !<\/p>\n\n\n\n<div style=\"height:20px\" aria-hidden=\"true\" class=\"wp-block-spacer\"><\/div>\n\n\n\n<figure class=\"wp-block-image size-large\"><img decoding=\"async\" width=\"1000\" height=\"822\" src=\"http:\/\/mappingspain.com\/wp-content\/uploads\/2021\/03\/Flamenco-in-Vejer-de-la-Frontera.jpg\" alt=\"Flamenco in Vejer de la Frontera\" class=\"wp-image-922\" title=\"Flamenco in Vejer de la Frontera\" srcset=\"https:\/\/mappingspain.com\/wp-content\/uploads\/2021\/03\/Flamenco-in-Vejer-de-la-Frontera.jpg 1000w, https:\/\/mappingspain.com\/wp-content\/uploads\/2021\/03\/Flamenco-in-Vejer-de-la-Frontera-300x247.jpg 300w, https:\/\/mappingspain.com\/wp-content\/uploads\/2021\/03\/Flamenco-in-Vejer-de-la-Frontera-768x631.jpg 768w\" sizes=\"(max-width: 1000px) 100vw, 1000px\" \/><figcaption class=\"wp-element-caption\"><strong><em>Flamenco&nbsp;\u2018Puro Arte\u2019&nbsp;a Jerez&nbsp;de la Frontera<\/em><\/strong><\/figcaption><\/figure>\n\n\n\n<div style=\"height:20px\" aria-hidden=\"true\" class=\"wp-block-spacer\"><\/div>\n\n\n\n<p><strong>Avez-vous des conseils (\u00e0 faire et \u00e0 ne pas faire) pour les \u00e9trangers qui souhaitent s&rsquo;installer dans la province de Cadix&nbsp;?<\/strong><\/p>\n\n\n\n<p>Je ne peux vraiment pas penser \u00e0 beaucoup! Venez d\u00e9couvrir la r\u00e9gion en toute tranquillit\u00e9. Prenez le temps de sentir l&rsquo;endroit. Il y a beaucoup de propri\u00e9t\u00e9s \u00e0 vendre. Si vous achetez un terrain, renseignez-vous sur les permis de construire. Les r\u00e8gles sont tr\u00e8s strictes. Assurez-vous de vous trouver un agent immobilier fiable.<\/p>\n\n\n\n<div style=\"height:19px\" aria-hidden=\"true\" class=\"wp-block-spacer\"><\/div>\n\n\n\n<figure class=\"wp-block-image size-large\"><img decoding=\"async\" width=\"1000\" height=\"750\" src=\"http:\/\/mappingspain.com\/wp-content\/uploads\/2021\/03\/El-Picacho-Cadiz.jpeg\" alt=\"\" class=\"wp-image-923\" srcset=\"https:\/\/mappingspain.com\/wp-content\/uploads\/2021\/03\/El-Picacho-Cadiz.jpeg 1000w, https:\/\/mappingspain.com\/wp-content\/uploads\/2021\/03\/El-Picacho-Cadiz-300x225.jpeg 300w, https:\/\/mappingspain.com\/wp-content\/uploads\/2021\/03\/El-Picacho-Cadiz-768x576.jpeg 768w\" sizes=\"(max-width: 1000px) 100vw, 1000px\" \/><figcaption class=\"wp-element-caption\">randonn\u00e9e El Picacho<\/figcaption><\/figure>\n\n\n<hr>\n<div class=\"content_hint\">&nbsp;<\/div>\n<hr>\n\n\n<div style=\"height:21px\" aria-hidden=\"true\" class=\"wp-block-spacer\"><\/div>\n\n\n\n<p><strong>As-tu des regrets ? Si c&rsquo;\u00e9tait \u00e0 refaire, changeriez-vous quelque chose ?<\/strong><\/p>\n\n\n\n<p>Si je devais tout recommencer, j&rsquo;aurais d\u00e9m\u00e9nag\u00e9 en Espagne plus t\u00f4t, j&rsquo;aurais travaill\u00e9 moins et je serais sorti plus souvent. C&rsquo;est ce que j&rsquo;ai vraiment h\u00e2te, d\u00e8s que nous en aurons l&rsquo;autorisation, c&rsquo;est de repartir dans les Sierras pour d\u00e9couvrir de nouveaux sentiers. Et, bien s\u00fbr, pour accueillir \u00e0 nouveau amis et clients !<\/p>\n\n\n\n<div style=\"height:50px\" aria-hidden=\"true\" class=\"wp-block-spacer\"><\/div>\n\n\n\n<hr class=\"wp-block-separator has-css-opacity is-style-wide\"\/>\n\n\n\n<div style=\"height:28px\" aria-hidden=\"true\" class=\"wp-block-spacer\"><\/div>\n\n\n\n<h3 class=\"wp-block-heading\"><strong>Un grand merci \u00e0 Anne pour avoir contribu\u00e9 \u00e0 toutes ces informations et pour nous avoir donn\u00e9 une excellente lecture.<\/strong><\/h3>\n\n\n\n<p>Anne a r\u00e9alis\u00e9 un guide reprenant les meilleures randonn\u00e9es et promenades \u00e0 Cadix. Il comprend non seulement des promenades dans la nature, mais aussi des promenades dans la ville de Cadix et de Vejer de la Frontera. J&rsquo;ai parcouru le guide et c&rsquo;est fantastiquement fait. Plus sur son blog, <a href=\"https:\/\/www.walkingcadiz.com\/?fbclid=IwAR0Q6IHDTuWZ46ZSnOjc35qmWFDHhfFBow6-sCoVfMgdvwI2Qa73wxrqXNk\" target=\"_blank\" rel=\"noreferrer noopener\"><mark style=\"background-color:rgba(0, 0, 0, 0);color:#fc8319\" class=\"has-inline-color\">Balade \u00e0 Cadix.<\/mark><\/a>.<\/p>\n\n\n\n<figure class=\"wp-block-image size-large\"><img decoding=\"async\" width=\"750\" height=\"750\" src=\"http:\/\/mappingspain.com\/wp-content\/uploads\/2021\/03\/WalkingCadiz.png\" alt=\"\" class=\"wp-image-924\" srcset=\"https:\/\/mappingspain.com\/wp-content\/uploads\/2021\/03\/WalkingCadiz.png 750w, https:\/\/mappingspain.com\/wp-content\/uploads\/2021\/03\/WalkingCadiz-300x300.png 300w, https:\/\/mappingspain.com\/wp-content\/uploads\/2021\/03\/WalkingCadiz-150x150.png 150w, https:\/\/mappingspain.com\/wp-content\/uploads\/2021\/03\/WalkingCadiz-600x600.png 600w\" sizes=\"(max-width: 750px) 100vw, 750px\" \/><\/figure>\n\n\n\n<div style=\"height:100px\" aria-hidden=\"true\" class=\"wp-block-spacer\"><\/div>\n\n\n\n<h3 class=\"wp-block-heading\"><em><strong>Plus: <a href=\"https:\/\/mappingspain.com\/fr\/guide-dun-agent-de-voyage-sur-le-meilleur-de-lespagne\/\" target=\"_blank\" rel=\"noreferrer noopener\">Guide d\u2019un agent de voyage sur le meilleur de l\u2019Espagne<\/a><\/strong><\/em><\/h3>\n\n\n\n<figure class=\"wp-block-image size-large\"><a href=\"https:\/\/mappingspain.com\/fr\/guide-dun-agent-de-voyage-sur-le-meilleur-de-lespagne\/\" target=\"_blank\" rel=\" noreferrer noopener\"><img decoding=\"async\" width=\"1024\" height=\"608\" src=\"https:\/\/mappingspain.com\/wp-content\/uploads\/2023\/01\/agent-best-FR-1024x608.jpg\" alt=\"\" class=\"wp-image-27671\" srcset=\"https:\/\/mappingspain.com\/wp-content\/uploads\/2023\/01\/agent-best-FR-1024x608.jpg 1024w, https:\/\/mappingspain.com\/wp-content\/uploads\/2023\/01\/agent-best-FR-300x178.jpg 300w, https:\/\/mappingspain.com\/wp-content\/uploads\/2023\/01\/agent-best-FR-768x456.jpg 768w, https:\/\/mappingspain.com\/wp-content\/uploads\/2023\/01\/agent-best-FR.jpg 1200w\" sizes=\"(max-width: 1024px) 100vw, 1024px\" \/><\/a><\/figure>\n<div class='ctx-module-container ctx_default_placement ctx-clearfix'><\/div><span class=\"ctx-article-root\"><!-- --><\/span>","protected":false},"excerpt":{"rendered":"<p>\u00c0 quoi ressemble la vie \u00e0 Vejer de la Frontera ? (Cadix) Anne vit \u00e0 Vejer de la Frontera dans la province de Cadix, en Andalousie. C&rsquo;est une interview vraiment int\u00e9ressante. En plus de nous dire comment c&rsquo;est de vivre \u00e0 Vejer de la Frontera (et dans la province de Cadix en g\u00e9n\u00e9ral), Anne est [&hellip;]<\/p>\n","protected":false},"author":2,"featured_media":4734,"comment_status":"open","ping_status":"open","sticky":false,"template":"","format":"standard","meta":{"_genesis_hide_title":false,"_genesis_hide_breadcrumbs":false,"_genesis_hide_singular_image":false,"_genesis_hide_footer_widgets":false,"_genesis_custom_body_class":"","_genesis_custom_post_class":"","_genesis_layout":"","footnotes":""},"categories":[192,221,211],"tags":[],"class_list":{"0":"post-6054","1":"post","2":"type-post","3":"status-publish","4":"format-standard","5":"has-post-thumbnail","7":"category-andalousie","8":"category-interviews-dexpatries-fr","9":"category-vejer-de-la-frontera-2","10":"entry"},"yoast_head":"<!-- This site is optimized with the Yoast SEO plugin v27.5 - https:\/\/yoast.com\/product\/yoast-seo-wordpress\/ -->\n<title>\u00c0 quoi ressemble la vie \u00e0 Vejer de la Frontera ? (Cadix)<\/title>\n<meta name=\"description\" content=\"\u00c0 quoi ressemble la vie \u00e0 Vejer de la Frontera ? (Cadix). Anne vit \u00e0 Vejer de la Frontera dans la province de Cadix, en Andalousie...\" \/>\n<meta name=\"robots\" content=\"index, follow, max-snippet:-1, max-image-preview:large, max-video-preview:-1\" \/>\n<link rel=\"canonical\" href=\"https:\/\/mappingspain.com\/fr\/a-quoi-ressemble-la-vie-a-vejer-de-la-frontera-cadix\/\" \/>\n<meta property=\"og:locale\" content=\"fr_FR\" \/>\n<meta property=\"og:type\" content=\"article\" \/>\n<meta property=\"og:title\" content=\"\u00c0 quoi ressemble la vie \u00e0 Vejer de la Frontera ? (Cadix)\" \/>\n<meta property=\"og:description\" content=\"\u00c0 quoi ressemble la vie \u00e0 Vejer de la Frontera ? (Cadix). Anne vit \u00e0 Vejer de la Frontera dans la province de Cadix, en Andalousie...\" \/>\n<meta property=\"og:url\" content=\"https:\/\/mappingspain.com\/fr\/a-quoi-ressemble-la-vie-a-vejer-de-la-frontera-cadix\/\" \/>\n<meta property=\"og:site_name\" content=\"Mapping Spain\" \/>\n<meta property=\"article:published_time\" content=\"2021-03-04T17:17:21+00:00\" \/>\n<meta property=\"article:modified_time\" content=\"2025-10-26T14:21:51+00:00\" \/>\n<meta property=\"og:image\" content=\"https:\/\/mappingspain.com\/wp-content\/uploads\/2021\/03\/Grazalema-by-Jeep.jpg\" \/>\n\t<meta property=\"og:image:width\" content=\"1000\" \/>\n\t<meta property=\"og:image:height\" content=\"667\" \/>\n\t<meta property=\"og:image:type\" content=\"image\/jpeg\" \/>\n<meta name=\"author\" content=\"Frank\" \/>\n<meta name=\"twitter:card\" content=\"summary_large_image\" \/>\n<meta name=\"twitter:label1\" content=\"\u00c9crit par\" \/>\n\t<meta name=\"twitter:data1\" content=\"Frank\" \/>\n\t<meta name=\"twitter:label2\" content=\"Dur\u00e9e de lecture estim\u00e9e\" \/>\n\t<meta name=\"twitter:data2\" content=\"15 minutes\" \/>\n<script type=\"application\/ld+json\" class=\"yoast-schema-graph\">{\"@context\":\"https:\\\/\\\/schema.org\",\"@graph\":[{\"@type\":\"Article\",\"@id\":\"https:\\\/\\\/mappingspain.com\\\/fr\\\/a-quoi-ressemble-la-vie-a-vejer-de-la-frontera-cadix\\\/#article\",\"isPartOf\":{\"@id\":\"https:\\\/\\\/mappingspain.com\\\/fr\\\/a-quoi-ressemble-la-vie-a-vejer-de-la-frontera-cadix\\\/\"},\"author\":{\"name\":\"Frank\",\"@id\":\"https:\\\/\\\/mappingspain.com\\\/fr\\\/#\\\/schema\\\/person\\\/1e3c8dae7a8d66a64591f1b41c8b1101\"},\"headline\":\"\u00c0 quoi ressemble la vie \u00e0 Vejer de la Frontera ? (Cadix)\",\"datePublished\":\"2021-03-04T17:17:21+00:00\",\"dateModified\":\"2025-10-26T14:21:51+00:00\",\"mainEntityOfPage\":{\"@id\":\"https:\\\/\\\/mappingspain.com\\\/fr\\\/a-quoi-ressemble-la-vie-a-vejer-de-la-frontera-cadix\\\/\"},\"wordCount\":2891,\"commentCount\":0,\"image\":{\"@id\":\"https:\\\/\\\/mappingspain.com\\\/fr\\\/a-quoi-ressemble-la-vie-a-vejer-de-la-frontera-cadix\\\/#primaryimage\"},\"thumbnailUrl\":\"https:\\\/\\\/mappingspain.com\\\/wp-content\\\/uploads\\\/2021\\\/03\\\/Grazalema-by-Jeep.jpg\",\"articleSection\":[\"Andalousie\",\"Interviews d&#039;expatri\u00e9s\",\"Vejer de la Frontera\"],\"inLanguage\":\"fr-FR\",\"potentialAction\":[{\"@type\":\"CommentAction\",\"name\":\"Comment\",\"target\":[\"https:\\\/\\\/mappingspain.com\\\/fr\\\/a-quoi-ressemble-la-vie-a-vejer-de-la-frontera-cadix\\\/#respond\"]}]},{\"@type\":\"WebPage\",\"@id\":\"https:\\\/\\\/mappingspain.com\\\/fr\\\/a-quoi-ressemble-la-vie-a-vejer-de-la-frontera-cadix\\\/\",\"url\":\"https:\\\/\\\/mappingspain.com\\\/fr\\\/a-quoi-ressemble-la-vie-a-vejer-de-la-frontera-cadix\\\/\",\"name\":\"\u00c0 quoi ressemble la vie \u00e0 Vejer de la Frontera ? (Cadix)\",\"isPartOf\":{\"@id\":\"https:\\\/\\\/mappingspain.com\\\/fr\\\/#website\"},\"primaryImageOfPage\":{\"@id\":\"https:\\\/\\\/mappingspain.com\\\/fr\\\/a-quoi-ressemble-la-vie-a-vejer-de-la-frontera-cadix\\\/#primaryimage\"},\"image\":{\"@id\":\"https:\\\/\\\/mappingspain.com\\\/fr\\\/a-quoi-ressemble-la-vie-a-vejer-de-la-frontera-cadix\\\/#primaryimage\"},\"thumbnailUrl\":\"https:\\\/\\\/mappingspain.com\\\/wp-content\\\/uploads\\\/2021\\\/03\\\/Grazalema-by-Jeep.jpg\",\"datePublished\":\"2021-03-04T17:17:21+00:00\",\"dateModified\":\"2025-10-26T14:21:51+00:00\",\"author\":{\"@id\":\"https:\\\/\\\/mappingspain.com\\\/fr\\\/#\\\/schema\\\/person\\\/1e3c8dae7a8d66a64591f1b41c8b1101\"},\"description\":\"\u00c0 quoi ressemble la vie \u00e0 Vejer de la Frontera ? (Cadix). Anne vit \u00e0 Vejer de la Frontera dans la province de Cadix, en Andalousie...\",\"breadcrumb\":{\"@id\":\"https:\\\/\\\/mappingspain.com\\\/fr\\\/a-quoi-ressemble-la-vie-a-vejer-de-la-frontera-cadix\\\/#breadcrumb\"},\"inLanguage\":\"fr-FR\",\"potentialAction\":[{\"@type\":\"ReadAction\",\"target\":[\"https:\\\/\\\/mappingspain.com\\\/fr\\\/a-quoi-ressemble-la-vie-a-vejer-de-la-frontera-cadix\\\/\"]}]},{\"@type\":\"ImageObject\",\"inLanguage\":\"fr-FR\",\"@id\":\"https:\\\/\\\/mappingspain.com\\\/fr\\\/a-quoi-ressemble-la-vie-a-vejer-de-la-frontera-cadix\\\/#primaryimage\",\"url\":\"https:\\\/\\\/mappingspain.com\\\/wp-content\\\/uploads\\\/2021\\\/03\\\/Grazalema-by-Jeep.jpg\",\"contentUrl\":\"https:\\\/\\\/mappingspain.com\\\/wp-content\\\/uploads\\\/2021\\\/03\\\/Grazalema-by-Jeep.jpg\",\"width\":1000,\"height\":667},{\"@type\":\"BreadcrumbList\",\"@id\":\"https:\\\/\\\/mappingspain.com\\\/fr\\\/a-quoi-ressemble-la-vie-a-vejer-de-la-frontera-cadix\\\/#breadcrumb\",\"itemListElement\":[{\"@type\":\"ListItem\",\"position\":1,\"name\":\"Home\",\"item\":\"https:\\\/\\\/mappingspain.com\\\/fr\\\/\"},{\"@type\":\"ListItem\",\"position\":2,\"name\":\"\u00c0 quoi ressemble la vie \u00e0 Vejer de la Frontera ? (Cadix)\"}]},{\"@type\":\"WebSite\",\"@id\":\"https:\\\/\\\/mappingspain.com\\\/fr\\\/#website\",\"url\":\"https:\\\/\\\/mappingspain.com\\\/fr\\\/\",\"name\":\"Mapping Spain\",\"description\":\"Everything Spain!\",\"potentialAction\":[{\"@type\":\"SearchAction\",\"target\":{\"@type\":\"EntryPoint\",\"urlTemplate\":\"https:\\\/\\\/mappingspain.com\\\/fr\\\/?s={search_term_string}\"},\"query-input\":{\"@type\":\"PropertyValueSpecification\",\"valueRequired\":true,\"valueName\":\"search_term_string\"}}],\"inLanguage\":\"fr-FR\"},{\"@type\":\"Person\",\"@id\":\"https:\\\/\\\/mappingspain.com\\\/fr\\\/#\\\/schema\\\/person\\\/1e3c8dae7a8d66a64591f1b41c8b1101\",\"name\":\"Frank\",\"image\":{\"@type\":\"ImageObject\",\"inLanguage\":\"fr-FR\",\"@id\":\"https:\\\/\\\/secure.gravatar.com\\\/avatar\\\/a5454735bd4b74c9d0a1bf1f04caac3dbd7f217c7c7fa65d5b39d98bbeab8b4e?s=96&d=mm&r=g\",\"url\":\"https:\\\/\\\/secure.gravatar.com\\\/avatar\\\/a5454735bd4b74c9d0a1bf1f04caac3dbd7f217c7c7fa65d5b39d98bbeab8b4e?s=96&d=mm&r=g\",\"contentUrl\":\"https:\\\/\\\/secure.gravatar.com\\\/avatar\\\/a5454735bd4b74c9d0a1bf1f04caac3dbd7f217c7c7fa65d5b39d98bbeab8b4e?s=96&d=mm&r=g\",\"caption\":\"Frank\"}}]}<\/script>\n<!-- \/ Yoast SEO plugin. -->","yoast_head_json":{"title":"\u00c0 quoi ressemble la vie \u00e0 Vejer de la Frontera ? (Cadix)","description":"\u00c0 quoi ressemble la vie \u00e0 Vejer de la Frontera ? (Cadix). Anne vit \u00e0 Vejer de la Frontera dans la province de Cadix, en Andalousie...","robots":{"index":"index","follow":"follow","max-snippet":"max-snippet:-1","max-image-preview":"max-image-preview:large","max-video-preview":"max-video-preview:-1"},"canonical":"https:\/\/mappingspain.com\/fr\/a-quoi-ressemble-la-vie-a-vejer-de-la-frontera-cadix\/","og_locale":"fr_FR","og_type":"article","og_title":"\u00c0 quoi ressemble la vie \u00e0 Vejer de la Frontera ? (Cadix)","og_description":"\u00c0 quoi ressemble la vie \u00e0 Vejer de la Frontera ? (Cadix). Anne vit \u00e0 Vejer de la Frontera dans la province de Cadix, en Andalousie...","og_url":"https:\/\/mappingspain.com\/fr\/a-quoi-ressemble-la-vie-a-vejer-de-la-frontera-cadix\/","og_site_name":"Mapping Spain","article_published_time":"2021-03-04T17:17:21+00:00","article_modified_time":"2025-10-26T14:21:51+00:00","og_image":[{"width":1000,"height":667,"url":"https:\/\/mappingspain.com\/wp-content\/uploads\/2021\/03\/Grazalema-by-Jeep.jpg","type":"image\/jpeg"}],"author":"Frank","twitter_card":"summary_large_image","twitter_misc":{"\u00c9crit par":"Frank","Dur\u00e9e de lecture estim\u00e9e":"15 minutes"},"schema":{"@context":"https:\/\/schema.org","@graph":[{"@type":"Article","@id":"https:\/\/mappingspain.com\/fr\/a-quoi-ressemble-la-vie-a-vejer-de-la-frontera-cadix\/#article","isPartOf":{"@id":"https:\/\/mappingspain.com\/fr\/a-quoi-ressemble-la-vie-a-vejer-de-la-frontera-cadix\/"},"author":{"name":"Frank","@id":"https:\/\/mappingspain.com\/fr\/#\/schema\/person\/1e3c8dae7a8d66a64591f1b41c8b1101"},"headline":"\u00c0 quoi ressemble la vie \u00e0 Vejer de la Frontera ? (Cadix)","datePublished":"2021-03-04T17:17:21+00:00","dateModified":"2025-10-26T14:21:51+00:00","mainEntityOfPage":{"@id":"https:\/\/mappingspain.com\/fr\/a-quoi-ressemble-la-vie-a-vejer-de-la-frontera-cadix\/"},"wordCount":2891,"commentCount":0,"image":{"@id":"https:\/\/mappingspain.com\/fr\/a-quoi-ressemble-la-vie-a-vejer-de-la-frontera-cadix\/#primaryimage"},"thumbnailUrl":"https:\/\/mappingspain.com\/wp-content\/uploads\/2021\/03\/Grazalema-by-Jeep.jpg","articleSection":["Andalousie","Interviews d&#039;expatri\u00e9s","Vejer de la Frontera"],"inLanguage":"fr-FR","potentialAction":[{"@type":"CommentAction","name":"Comment","target":["https:\/\/mappingspain.com\/fr\/a-quoi-ressemble-la-vie-a-vejer-de-la-frontera-cadix\/#respond"]}]},{"@type":"WebPage","@id":"https:\/\/mappingspain.com\/fr\/a-quoi-ressemble-la-vie-a-vejer-de-la-frontera-cadix\/","url":"https:\/\/mappingspain.com\/fr\/a-quoi-ressemble-la-vie-a-vejer-de-la-frontera-cadix\/","name":"\u00c0 quoi ressemble la vie \u00e0 Vejer de la Frontera ? (Cadix)","isPartOf":{"@id":"https:\/\/mappingspain.com\/fr\/#website"},"primaryImageOfPage":{"@id":"https:\/\/mappingspain.com\/fr\/a-quoi-ressemble-la-vie-a-vejer-de-la-frontera-cadix\/#primaryimage"},"image":{"@id":"https:\/\/mappingspain.com\/fr\/a-quoi-ressemble-la-vie-a-vejer-de-la-frontera-cadix\/#primaryimage"},"thumbnailUrl":"https:\/\/mappingspain.com\/wp-content\/uploads\/2021\/03\/Grazalema-by-Jeep.jpg","datePublished":"2021-03-04T17:17:21+00:00","dateModified":"2025-10-26T14:21:51+00:00","author":{"@id":"https:\/\/mappingspain.com\/fr\/#\/schema\/person\/1e3c8dae7a8d66a64591f1b41c8b1101"},"description":"\u00c0 quoi ressemble la vie \u00e0 Vejer de la Frontera ? (Cadix). Anne vit \u00e0 Vejer de la Frontera dans la province de Cadix, en Andalousie...","breadcrumb":{"@id":"https:\/\/mappingspain.com\/fr\/a-quoi-ressemble-la-vie-a-vejer-de-la-frontera-cadix\/#breadcrumb"},"inLanguage":"fr-FR","potentialAction":[{"@type":"ReadAction","target":["https:\/\/mappingspain.com\/fr\/a-quoi-ressemble-la-vie-a-vejer-de-la-frontera-cadix\/"]}]},{"@type":"ImageObject","inLanguage":"fr-FR","@id":"https:\/\/mappingspain.com\/fr\/a-quoi-ressemble-la-vie-a-vejer-de-la-frontera-cadix\/#primaryimage","url":"https:\/\/mappingspain.com\/wp-content\/uploads\/2021\/03\/Grazalema-by-Jeep.jpg","contentUrl":"https:\/\/mappingspain.com\/wp-content\/uploads\/2021\/03\/Grazalema-by-Jeep.jpg","width":1000,"height":667},{"@type":"BreadcrumbList","@id":"https:\/\/mappingspain.com\/fr\/a-quoi-ressemble-la-vie-a-vejer-de-la-frontera-cadix\/#breadcrumb","itemListElement":[{"@type":"ListItem","position":1,"name":"Home","item":"https:\/\/mappingspain.com\/fr\/"},{"@type":"ListItem","position":2,"name":"\u00c0 quoi ressemble la vie \u00e0 Vejer de la Frontera ? (Cadix)"}]},{"@type":"WebSite","@id":"https:\/\/mappingspain.com\/fr\/#website","url":"https:\/\/mappingspain.com\/fr\/","name":"Mapping Spain","description":"Everything Spain!","potentialAction":[{"@type":"SearchAction","target":{"@type":"EntryPoint","urlTemplate":"https:\/\/mappingspain.com\/fr\/?s={search_term_string}"},"query-input":{"@type":"PropertyValueSpecification","valueRequired":true,"valueName":"search_term_string"}}],"inLanguage":"fr-FR"},{"@type":"Person","@id":"https:\/\/mappingspain.com\/fr\/#\/schema\/person\/1e3c8dae7a8d66a64591f1b41c8b1101","name":"Frank","image":{"@type":"ImageObject","inLanguage":"fr-FR","@id":"https:\/\/secure.gravatar.com\/avatar\/a5454735bd4b74c9d0a1bf1f04caac3dbd7f217c7c7fa65d5b39d98bbeab8b4e?s=96&d=mm&r=g","url":"https:\/\/secure.gravatar.com\/avatar\/a5454735bd4b74c9d0a1bf1f04caac3dbd7f217c7c7fa65d5b39d98bbeab8b4e?s=96&d=mm&r=g","contentUrl":"https:\/\/secure.gravatar.com\/avatar\/a5454735bd4b74c9d0a1bf1f04caac3dbd7f217c7c7fa65d5b39d98bbeab8b4e?s=96&d=mm&r=g","caption":"Frank"}}]}},"featured_image_src":"https:\/\/mappingspain.com\/wp-content\/uploads\/2021\/03\/Grazalema-by-Jeep-600x400.jpg","featured_image_src_square":"https:\/\/mappingspain.com\/wp-content\/uploads\/2021\/03\/Grazalema-by-Jeep-600x600.jpg","author_info":{"display_name":"Frank","author_link":"https:\/\/mappingspain.com\/fr\/author\/frank\/"},"_links":{"self":[{"href":"https:\/\/mappingspain.com\/fr\/wp-json\/wp\/v2\/posts\/6054","targetHints":{"allow":["GET"]}}],"collection":[{"href":"https:\/\/mappingspain.com\/fr\/wp-json\/wp\/v2\/posts"}],"about":[{"href":"https:\/\/mappingspain.com\/fr\/wp-json\/wp\/v2\/types\/post"}],"author":[{"embeddable":true,"href":"https:\/\/mappingspain.com\/fr\/wp-json\/wp\/v2\/users\/2"}],"replies":[{"embeddable":true,"href":"https:\/\/mappingspain.com\/fr\/wp-json\/wp\/v2\/comments?post=6054"}],"version-history":[{"count":8,"href":"https:\/\/mappingspain.com\/fr\/wp-json\/wp\/v2\/posts\/6054\/revisions"}],"predecessor-version":[{"id":27862,"href":"https:\/\/mappingspain.com\/fr\/wp-json\/wp\/v2\/posts\/6054\/revisions\/27862"}],"wp:featuredmedia":[{"embeddable":true,"href":"https:\/\/mappingspain.com\/fr\/wp-json\/wp\/v2\/media\/4734"}],"wp:attachment":[{"href":"https:\/\/mappingspain.com\/fr\/wp-json\/wp\/v2\/media?parent=6054"}],"wp:term":[{"taxonomy":"category","embeddable":true,"href":"https:\/\/mappingspain.com\/fr\/wp-json\/wp\/v2\/categories?post=6054"},{"taxonomy":"post_tag","embeddable":true,"href":"https:\/\/mappingspain.com\/fr\/wp-json\/wp\/v2\/tags?post=6054"}],"curies":[{"name":"wp","href":"https:\/\/api.w.org\/{rel}","templated":true}]}}