{"id":9177,"date":"2020-10-26T13:09:22","date_gmt":"2020-10-26T13:09:22","guid":{"rendered":"https:\/\/mappingspain.com\/?p=9177"},"modified":"2023-12-23T17:42:46","modified_gmt":"2023-12-23T17:42:46","slug":"les-perroquets-exotiques-despagne","status":"publish","type":"post","link":"https:\/\/mappingspain.com\/fr\/les-perroquets-exotiques-despagne\/","title":{"rendered":"Les perroquets \u00ab\u00a0exotiques\u00a0\u00bb d&rsquo;Espagne"},"content":{"rendered":"\n<figure class=\"wp-block-image size-large\"><img decoding=\"async\" width=\"1024\" height=\"722\" src=\"http:\/\/mappingspain.com\/wp-content\/uploads\/2020\/10\/The-exotic-Green-Parrots-of-Spain-1024x722.jpg\" alt=\"Green Parrots of Spain\" class=\"wp-image-116\" title=\"The \u201cexotic\u201d Green Parrots of Spain\" srcset=\"https:\/\/mappingspain.com\/wp-content\/uploads\/2020\/10\/The-exotic-Green-Parrots-of-Spain-1024x722.jpg 1024w, https:\/\/mappingspain.com\/wp-content\/uploads\/2020\/10\/The-exotic-Green-Parrots-of-Spain-300x212.jpg 300w, https:\/\/mappingspain.com\/wp-content\/uploads\/2020\/10\/The-exotic-Green-Parrots-of-Spain-768x541.jpg 768w, https:\/\/mappingspain.com\/wp-content\/uploads\/2020\/10\/The-exotic-Green-Parrots-of-Spain.jpg 1200w\" sizes=\"(max-width: 1024px) 100vw, 1024px\" \/><\/figure>\n\n\n\n<p><em><mark style=\"background-color:rgba(0, 0, 0, 0);color:#ffffff\" class=\"has-inline-color\">Les perroquets \u00ab\u00a0exotiques\u00a0\u00bb d&rsquo;Espagne<\/mark><\/em><\/p>\n\n\n\n<p><strong>Nous les avons vus pour la premi\u00e8re fois \u00e0 S\u00e9ville lors de notre premi\u00e8re visite en Espagne<\/strong>. Jolie et verte avec un ventre gris et une touche de bleu sur les ailes, on la voit voler entre les arbres, souvent accompagn\u00e9e de cris per\u00e7ants. Je les ai trouv\u00e9s exotiques. Ils m&rsquo;ont rappel\u00e9 les tropiques et ajout\u00e9 \u00e0 l&rsquo;air romantique de S\u00e9ville. \u00ab\u00a0Ils doivent migrer ici depuis l&rsquo;Afrique\u00a0\u00bb, ai-je pens\u00e9.<\/p>\n\n\n\n<p>Comme j&rsquo;avais tort.<\/p>\n\n\n\n<p>J&rsquo;avais raison sur un point. Ils viennent des tropiques &#8211; ces perroquets verts viennent en fait d&rsquo;Am\u00e9rique du Sud (en particulier d&rsquo;Argentine, du Br\u00e9sil et de Bolivie) et sont appel\u00e9s <strong>perroquets moines<\/strong> ou <strong>perroquets quaker<\/strong>. Ils ont \u00e9t\u00e9 introduits en Espagne dans les ann\u00e9es 1970 comme animaux de compagnie. Les propri\u00e9taires les ont l\u00e2ch\u00e9s (probablement \u00e0 cause de ces cris bruyants et ennuyeux) et il n&rsquo;a pas fallu longtemps pour qu&rsquo;ils se multiplient. Ils sont maintenant partout sur la Costa del Sol ainsi que dans des villes plus au nord comme Madrid et Barcelone.<\/p>\n\n\n\n<div style=\"height:42px\" aria-hidden=\"true\" class=\"wp-block-spacer\"><\/div>\n\n\n\n<figure class=\"wp-block-image size-large\"><img decoding=\"async\" width=\"1024\" height=\"725\" src=\"http:\/\/mappingspain.com\/wp-content\/uploads\/2020\/10\/monk-parakeet-1024x725.jpg\" alt=\"Green Parrots of Spain\" class=\"wp-image-117\" title=\"Monk Parakeet in Malaga, Spain\" srcset=\"https:\/\/mappingspain.com\/wp-content\/uploads\/2020\/10\/monk-parakeet-1024x725.jpg 1024w, https:\/\/mappingspain.com\/wp-content\/uploads\/2020\/10\/monk-parakeet-300x213.jpg 300w, https:\/\/mappingspain.com\/wp-content\/uploads\/2020\/10\/monk-parakeet-768x544.jpg 768w, https:\/\/mappingspain.com\/wp-content\/uploads\/2020\/10\/monk-parakeet.jpg 1200w\" sizes=\"(max-width: 1024px) 100vw, 1024px\" \/><\/figure>\n\n\n<hr>\n<div class=\"content_hint\">&nbsp;<\/div>\n<hr>\n\n\n<div style=\"height:51px\" aria-hidden=\"true\" class=\"wp-block-spacer\"><\/div>\n\n\n\n<p>On pourrait penser que les gens aimeraient voir ces oiseaux exotiques dans leurs villes. Le contraire est vrai. On estime qu&rsquo;il y a 200 000 perruches moines en Espagne et elles sont consid\u00e9r\u00e9es comme une esp\u00e8ce envahissante. <a href=\"https:\/\/murciatoday.com\/budget-to-cull-argentinian-parakeets-in-madrid-soars-to-3-million-euros_1313635-a.html\" target=\"_blank\" rel=\"noreferrer noopener\">Des villes comme Madrid \u00e9liminent maintenant les perruches moines<\/a>. Pourquoi? Leurs cris bruyants emp\u00eachent les gens de dormir. Ils sont \u00e9galement intelligents et agressifs et ont chass\u00e9 certaines des esp\u00e8ces d&rsquo;oiseaux locales. En plus de cela, leurs grands nids sont un danger pour les humains (ils peuvent peser environ 50 kg) et sont g\u00e9n\u00e9ralement construits haut dans les arbres.<br><\/p>\n\n\n\n<div style=\"height:28px\" aria-hidden=\"true\" class=\"wp-block-spacer\"><\/div>\n\n\n\n<p class=\"has-normal-font-size\"><strong><span style=\"text-decoration: underline;\">Quelques faits int\u00e9ressants sur les perruches moines<\/span> <\/strong><br><\/p>\n\n\n\n<ul class=\"wp-block-list\">\n<li>Ils vivent en moyenne 20-30 ans<\/li>\n<\/ul>\n\n\n\n<ul class=\"wp-block-list\">\n<li>Les perruches moines ont une capacit\u00e9 exceptionnelle \u00e0 imiter la parole humaine, elles peuvent apprendre de nombreux mots et sons et avoir des voix claires<\/li>\n\n\n\n<li>Ils construisent des nids de b\u00e2ton communautaires qui peuvent atteindre la taille d&rsquo;une petite voiture (remarque&nbsp;: toutes les autres races de perroquets ont des nids dans le trou des arbres, ils ne construisent pas de nids de b\u00e2ton)<\/li>\n\n\n\n<li>Bien qu&rsquo;ils soient originaires de temp\u00e9ratures plus chaudes, ils supportent des temp\u00e9ratures plus froides en raison des nids chauds qu&rsquo;ils construisent<br>\u2013 Les femelles ont g\u00e9n\u00e9ralement 5 \u00e0 12 \u0153ufs qui \u00e9closent en 24 jours<\/li>\n\n\n\n<li>Ils mangent des graines, des bourgeons, des fruits, des baies, des noix et des fleurs.<\/li>\n<\/ul>\n\n\n\n<div style=\"height:36px\" aria-hidden=\"true\" class=\"wp-block-spacer\"><\/div>\n\n\n\n<h3 class=\"wp-block-heading\"><em><strong>Plus: <a href=\"https:\/\/mappingspain.com\/fr\/trouver-un-appartement-en-espagne-ce-nest-pas-facile\/\" target=\"_blank\" rel=\"noreferrer noopener\">Trouver un appartement en Espagne (ce n\u2019est pas facile!)<\/a><\/strong><\/em><\/h3>\n\n\n\n<figure class=\"wp-block-image size-large\"><a href=\"https:\/\/mappingspain.com\/fr\/trouver-un-appartement-en-espagne-ce-nest-pas-facile\/\" target=\"_blank\" rel=\"noreferrer noopener\"><img decoding=\"async\" width=\"1024\" height=\"683\" src=\"http:\/\/mappingspain.com\/wp-content\/uploads\/2023\/06\/renting-an-apartment-in-Spain-FR-1024x683.jpg\" alt=\"\" class=\"wp-image-11899\" srcset=\"https:\/\/mappingspain.com\/wp-content\/uploads\/2023\/06\/renting-an-apartment-in-Spain-FR-1024x683.jpg 1024w, https:\/\/mappingspain.com\/wp-content\/uploads\/2023\/06\/renting-an-apartment-in-Spain-FR-300x200.jpg 300w, https:\/\/mappingspain.com\/wp-content\/uploads\/2023\/06\/renting-an-apartment-in-Spain-FR-768x512.jpg 768w, https:\/\/mappingspain.com\/wp-content\/uploads\/2023\/06\/renting-an-apartment-in-Spain-FR-1536x1024.jpg 1536w, https:\/\/mappingspain.com\/wp-content\/uploads\/2023\/06\/renting-an-apartment-in-Spain-FR-600x400.jpg 600w, https:\/\/mappingspain.com\/wp-content\/uploads\/2023\/06\/renting-an-apartment-in-Spain-FR.jpg 1620w\" sizes=\"(max-width: 1024px) 100vw, 1024px\" \/><\/a><\/figure>\n\n\n\n<div style=\"height:32px\" aria-hidden=\"true\" class=\"wp-block-spacer\"><\/div>\n\n\n\n<h3 class=\"wp-block-heading\"><strong><em>Plus: <a href=\"https:\/\/mappingspain.com\/fr\/trouver-un-appartement-en-espagne-ce-nest-pas-facile\/\" target=\"_blank\" rel=\"noreferrer noopener\">Comment planifier un voyage en Espagne<\/a><\/em><\/strong><\/h3>\n\n\n\n<figure class=\"wp-block-image size-full\"><a href=\"https:\/\/mappingspain.com\/fr\/comment-planifier-un-voyage-en-espagne\/\" target=\"_blank\" rel=\"noreferrer noopener\"><img decoding=\"async\" width=\"1000\" height=\"577\" src=\"http:\/\/mappingspain.com\/wp-content\/uploads\/2023\/06\/How-to-plan-a-Trip-to-Spain-FR.jpg\" alt=\"\" class=\"wp-image-11902\" srcset=\"https:\/\/mappingspain.com\/wp-content\/uploads\/2023\/06\/How-to-plan-a-Trip-to-Spain-FR.jpg 1000w, https:\/\/mappingspain.com\/wp-content\/uploads\/2023\/06\/How-to-plan-a-Trip-to-Spain-FR-300x173.jpg 300w, https:\/\/mappingspain.com\/wp-content\/uploads\/2023\/06\/How-to-plan-a-Trip-to-Spain-FR-768x443.jpg 768w\" sizes=\"(max-width: 1000px) 100vw, 1000px\" \/><\/a><\/figure>\n<div class='ctx-module-container ctx_default_placement ctx-clearfix'><\/div><span class=\"ctx-article-root\"><!-- --><\/span>","protected":false},"excerpt":{"rendered":"<p>Les perroquets \u00ab\u00a0exotiques\u00a0\u00bb d&rsquo;Espagne Nous les avons vus pour la premi\u00e8re fois \u00e0 S\u00e9ville lors de notre premi\u00e8re visite en Espagne. Jolie et verte avec un ventre gris et une touche de bleu sur les ailes, on la voit voler entre les arbres, souvent accompagn\u00e9e de cris per\u00e7ants. Je les ai trouv\u00e9s exotiques. Ils m&rsquo;ont [&hellip;]<\/p>\n","protected":false},"author":2,"featured_media":9179,"comment_status":"open","ping_status":"open","sticky":false,"template":"","format":"standard","meta":{"_genesis_hide_title":false,"_genesis_hide_breadcrumbs":false,"_genesis_hide_singular_image":false,"_genesis_hide_footer_widgets":false,"_genesis_custom_body_class":"","_genesis_custom_post_class":"","_genesis_layout":"","footnotes":""},"categories":[192,241,200,198],"tags":[],"class_list":{"0":"post-9177","1":"post","2":"type-post","3":"status-publish","4":"format-standard","5":"has-post-thumbnail","7":"category-andalousie","8":"category-andalousie-m-z","9":"category-malaga-2","10":"category-seville-2","11":"entry"},"yoast_head":"<!-- This site is optimized with the Yoast SEO plugin v27.4 - https:\/\/yoast.com\/product\/yoast-seo-wordpress\/ -->\n<title>Les perroquets &quot;exotiques&quot; d&#039;Espagne - Mapping Spain<\/title>\n<meta name=\"description\" content=\"Les perroquets &quot;exotiques&quot; d&#039;Espagne. Nous les avons vus pour la premi\u00e8re fois \u00e0 S\u00e9ville lors de notre premi\u00e8re visite en Espagne. Jolie...\" \/>\n<meta name=\"robots\" content=\"index, follow, max-snippet:-1, max-image-preview:large, max-video-preview:-1\" \/>\n<link rel=\"canonical\" href=\"https:\/\/mappingspain.com\/fr\/les-perroquets-exotiques-despagne\/\" \/>\n<meta property=\"og:locale\" content=\"fr_FR\" \/>\n<meta property=\"og:type\" content=\"article\" \/>\n<meta property=\"og:title\" content=\"Les perroquets &quot;exotiques&quot; d&#039;Espagne - Mapping Spain\" \/>\n<meta property=\"og:description\" content=\"Les perroquets &quot;exotiques&quot; d&#039;Espagne. Nous les avons vus pour la premi\u00e8re fois \u00e0 S\u00e9ville lors de notre premi\u00e8re visite en Espagne. Jolie...\" \/>\n<meta property=\"og:url\" content=\"https:\/\/mappingspain.com\/fr\/les-perroquets-exotiques-despagne\/\" \/>\n<meta property=\"og:site_name\" content=\"Mapping Spain\" \/>\n<meta property=\"article:published_time\" content=\"2020-10-26T13:09:22+00:00\" \/>\n<meta property=\"article:modified_time\" content=\"2023-12-23T17:42:46+00:00\" \/>\n<meta property=\"og:image\" content=\"https:\/\/mappingspain.com\/wp-content\/uploads\/2020\/10\/The-exotic-Green-Parrots-of-Spain-1.jpg\" \/>\n\t<meta property=\"og:image:width\" content=\"1200\" \/>\n\t<meta property=\"og:image:height\" content=\"846\" \/>\n\t<meta property=\"og:image:type\" content=\"image\/jpeg\" \/>\n<meta name=\"author\" content=\"Frank\" \/>\n<meta name=\"twitter:card\" content=\"summary_large_image\" \/>\n<meta name=\"twitter:label1\" content=\"\u00c9crit par\" \/>\n\t<meta name=\"twitter:data1\" content=\"Frank\" \/>\n\t<meta name=\"twitter:label2\" content=\"Dur\u00e9e de lecture estim\u00e9e\" \/>\n\t<meta name=\"twitter:data2\" content=\"3 minutes\" \/>\n<script type=\"application\/ld+json\" class=\"yoast-schema-graph\">{\"@context\":\"https:\\\/\\\/schema.org\",\"@graph\":[{\"@type\":\"Article\",\"@id\":\"https:\\\/\\\/mappingspain.com\\\/fr\\\/les-perroquets-exotiques-despagne\\\/#article\",\"isPartOf\":{\"@id\":\"https:\\\/\\\/mappingspain.com\\\/fr\\\/les-perroquets-exotiques-despagne\\\/\"},\"author\":{\"name\":\"Frank\",\"@id\":\"https:\\\/\\\/mappingspain.com\\\/fr\\\/#\\\/schema\\\/person\\\/1e3c8dae7a8d66a64591f1b41c8b1101\"},\"headline\":\"Les perroquets \u00ab\u00a0exotiques\u00a0\u00bb d&rsquo;Espagne\",\"datePublished\":\"2020-10-26T13:09:22+00:00\",\"dateModified\":\"2023-12-23T17:42:46+00:00\",\"mainEntityOfPage\":{\"@id\":\"https:\\\/\\\/mappingspain.com\\\/fr\\\/les-perroquets-exotiques-despagne\\\/\"},\"wordCount\":447,\"commentCount\":0,\"image\":{\"@id\":\"https:\\\/\\\/mappingspain.com\\\/fr\\\/les-perroquets-exotiques-despagne\\\/#primaryimage\"},\"thumbnailUrl\":\"https:\\\/\\\/mappingspain.com\\\/wp-content\\\/uploads\\\/2020\\\/10\\\/The-exotic-Green-Parrots-of-Spain-1.jpg\",\"articleSection\":[\"Andalousie\",\"ANDALOUSIE (M-Z)\",\"Malaga\",\"S\u00e9ville\"],\"inLanguage\":\"fr-FR\",\"potentialAction\":[{\"@type\":\"CommentAction\",\"name\":\"Comment\",\"target\":[\"https:\\\/\\\/mappingspain.com\\\/fr\\\/les-perroquets-exotiques-despagne\\\/#respond\"]}]},{\"@type\":\"WebPage\",\"@id\":\"https:\\\/\\\/mappingspain.com\\\/fr\\\/les-perroquets-exotiques-despagne\\\/\",\"url\":\"https:\\\/\\\/mappingspain.com\\\/fr\\\/les-perroquets-exotiques-despagne\\\/\",\"name\":\"Les perroquets \\\"exotiques\\\" d'Espagne - Mapping Spain\",\"isPartOf\":{\"@id\":\"https:\\\/\\\/mappingspain.com\\\/fr\\\/#website\"},\"primaryImageOfPage\":{\"@id\":\"https:\\\/\\\/mappingspain.com\\\/fr\\\/les-perroquets-exotiques-despagne\\\/#primaryimage\"},\"image\":{\"@id\":\"https:\\\/\\\/mappingspain.com\\\/fr\\\/les-perroquets-exotiques-despagne\\\/#primaryimage\"},\"thumbnailUrl\":\"https:\\\/\\\/mappingspain.com\\\/wp-content\\\/uploads\\\/2020\\\/10\\\/The-exotic-Green-Parrots-of-Spain-1.jpg\",\"datePublished\":\"2020-10-26T13:09:22+00:00\",\"dateModified\":\"2023-12-23T17:42:46+00:00\",\"author\":{\"@id\":\"https:\\\/\\\/mappingspain.com\\\/fr\\\/#\\\/schema\\\/person\\\/1e3c8dae7a8d66a64591f1b41c8b1101\"},\"description\":\"Les perroquets \\\"exotiques\\\" d'Espagne. Nous les avons vus pour la premi\u00e8re fois \u00e0 S\u00e9ville lors de notre premi\u00e8re visite en Espagne. Jolie...\",\"breadcrumb\":{\"@id\":\"https:\\\/\\\/mappingspain.com\\\/fr\\\/les-perroquets-exotiques-despagne\\\/#breadcrumb\"},\"inLanguage\":\"fr-FR\",\"potentialAction\":[{\"@type\":\"ReadAction\",\"target\":[\"https:\\\/\\\/mappingspain.com\\\/fr\\\/les-perroquets-exotiques-despagne\\\/\"]}]},{\"@type\":\"ImageObject\",\"inLanguage\":\"fr-FR\",\"@id\":\"https:\\\/\\\/mappingspain.com\\\/fr\\\/les-perroquets-exotiques-despagne\\\/#primaryimage\",\"url\":\"https:\\\/\\\/mappingspain.com\\\/wp-content\\\/uploads\\\/2020\\\/10\\\/The-exotic-Green-Parrots-of-Spain-1.jpg\",\"contentUrl\":\"https:\\\/\\\/mappingspain.com\\\/wp-content\\\/uploads\\\/2020\\\/10\\\/The-exotic-Green-Parrots-of-Spain-1.jpg\",\"width\":1200,\"height\":846},{\"@type\":\"BreadcrumbList\",\"@id\":\"https:\\\/\\\/mappingspain.com\\\/fr\\\/les-perroquets-exotiques-despagne\\\/#breadcrumb\",\"itemListElement\":[{\"@type\":\"ListItem\",\"position\":1,\"name\":\"Home\",\"item\":\"https:\\\/\\\/mappingspain.com\\\/fr\\\/\"},{\"@type\":\"ListItem\",\"position\":2,\"name\":\"Les perroquets &#8220;exotiques&#8221; d&#8217;Espagne\"}]},{\"@type\":\"WebSite\",\"@id\":\"https:\\\/\\\/mappingspain.com\\\/fr\\\/#website\",\"url\":\"https:\\\/\\\/mappingspain.com\\\/fr\\\/\",\"name\":\"Mapping Spain\",\"description\":\"Everything Spain!\",\"potentialAction\":[{\"@type\":\"SearchAction\",\"target\":{\"@type\":\"EntryPoint\",\"urlTemplate\":\"https:\\\/\\\/mappingspain.com\\\/fr\\\/?s={search_term_string}\"},\"query-input\":{\"@type\":\"PropertyValueSpecification\",\"valueRequired\":true,\"valueName\":\"search_term_string\"}}],\"inLanguage\":\"fr-FR\"},{\"@type\":\"Person\",\"@id\":\"https:\\\/\\\/mappingspain.com\\\/fr\\\/#\\\/schema\\\/person\\\/1e3c8dae7a8d66a64591f1b41c8b1101\",\"name\":\"Frank\",\"image\":{\"@type\":\"ImageObject\",\"inLanguage\":\"fr-FR\",\"@id\":\"https:\\\/\\\/secure.gravatar.com\\\/avatar\\\/a5454735bd4b74c9d0a1bf1f04caac3dbd7f217c7c7fa65d5b39d98bbeab8b4e?s=96&d=mm&r=g\",\"url\":\"https:\\\/\\\/secure.gravatar.com\\\/avatar\\\/a5454735bd4b74c9d0a1bf1f04caac3dbd7f217c7c7fa65d5b39d98bbeab8b4e?s=96&d=mm&r=g\",\"contentUrl\":\"https:\\\/\\\/secure.gravatar.com\\\/avatar\\\/a5454735bd4b74c9d0a1bf1f04caac3dbd7f217c7c7fa65d5b39d98bbeab8b4e?s=96&d=mm&r=g\",\"caption\":\"Frank\"}}]}<\/script>\n<!-- \/ Yoast SEO plugin. -->","yoast_head_json":{"title":"Les perroquets \"exotiques\" d'Espagne - Mapping Spain","description":"Les perroquets \"exotiques\" d'Espagne. Nous les avons vus pour la premi\u00e8re fois \u00e0 S\u00e9ville lors de notre premi\u00e8re visite en Espagne. Jolie...","robots":{"index":"index","follow":"follow","max-snippet":"max-snippet:-1","max-image-preview":"max-image-preview:large","max-video-preview":"max-video-preview:-1"},"canonical":"https:\/\/mappingspain.com\/fr\/les-perroquets-exotiques-despagne\/","og_locale":"fr_FR","og_type":"article","og_title":"Les perroquets \"exotiques\" d'Espagne - Mapping Spain","og_description":"Les perroquets \"exotiques\" d'Espagne. Nous les avons vus pour la premi\u00e8re fois \u00e0 S\u00e9ville lors de notre premi\u00e8re visite en Espagne. Jolie...","og_url":"https:\/\/mappingspain.com\/fr\/les-perroquets-exotiques-despagne\/","og_site_name":"Mapping Spain","article_published_time":"2020-10-26T13:09:22+00:00","article_modified_time":"2023-12-23T17:42:46+00:00","og_image":[{"width":1200,"height":846,"url":"https:\/\/mappingspain.com\/wp-content\/uploads\/2020\/10\/The-exotic-Green-Parrots-of-Spain-1.jpg","type":"image\/jpeg"}],"author":"Frank","twitter_card":"summary_large_image","twitter_misc":{"\u00c9crit par":"Frank","Dur\u00e9e de lecture estim\u00e9e":"3 minutes"},"schema":{"@context":"https:\/\/schema.org","@graph":[{"@type":"Article","@id":"https:\/\/mappingspain.com\/fr\/les-perroquets-exotiques-despagne\/#article","isPartOf":{"@id":"https:\/\/mappingspain.com\/fr\/les-perroquets-exotiques-despagne\/"},"author":{"name":"Frank","@id":"https:\/\/mappingspain.com\/fr\/#\/schema\/person\/1e3c8dae7a8d66a64591f1b41c8b1101"},"headline":"Les perroquets \u00ab\u00a0exotiques\u00a0\u00bb d&rsquo;Espagne","datePublished":"2020-10-26T13:09:22+00:00","dateModified":"2023-12-23T17:42:46+00:00","mainEntityOfPage":{"@id":"https:\/\/mappingspain.com\/fr\/les-perroquets-exotiques-despagne\/"},"wordCount":447,"commentCount":0,"image":{"@id":"https:\/\/mappingspain.com\/fr\/les-perroquets-exotiques-despagne\/#primaryimage"},"thumbnailUrl":"https:\/\/mappingspain.com\/wp-content\/uploads\/2020\/10\/The-exotic-Green-Parrots-of-Spain-1.jpg","articleSection":["Andalousie","ANDALOUSIE (M-Z)","Malaga","S\u00e9ville"],"inLanguage":"fr-FR","potentialAction":[{"@type":"CommentAction","name":"Comment","target":["https:\/\/mappingspain.com\/fr\/les-perroquets-exotiques-despagne\/#respond"]}]},{"@type":"WebPage","@id":"https:\/\/mappingspain.com\/fr\/les-perroquets-exotiques-despagne\/","url":"https:\/\/mappingspain.com\/fr\/les-perroquets-exotiques-despagne\/","name":"Les perroquets \"exotiques\" d'Espagne - Mapping Spain","isPartOf":{"@id":"https:\/\/mappingspain.com\/fr\/#website"},"primaryImageOfPage":{"@id":"https:\/\/mappingspain.com\/fr\/les-perroquets-exotiques-despagne\/#primaryimage"},"image":{"@id":"https:\/\/mappingspain.com\/fr\/les-perroquets-exotiques-despagne\/#primaryimage"},"thumbnailUrl":"https:\/\/mappingspain.com\/wp-content\/uploads\/2020\/10\/The-exotic-Green-Parrots-of-Spain-1.jpg","datePublished":"2020-10-26T13:09:22+00:00","dateModified":"2023-12-23T17:42:46+00:00","author":{"@id":"https:\/\/mappingspain.com\/fr\/#\/schema\/person\/1e3c8dae7a8d66a64591f1b41c8b1101"},"description":"Les perroquets \"exotiques\" d'Espagne. Nous les avons vus pour la premi\u00e8re fois \u00e0 S\u00e9ville lors de notre premi\u00e8re visite en Espagne. Jolie...","breadcrumb":{"@id":"https:\/\/mappingspain.com\/fr\/les-perroquets-exotiques-despagne\/#breadcrumb"},"inLanguage":"fr-FR","potentialAction":[{"@type":"ReadAction","target":["https:\/\/mappingspain.com\/fr\/les-perroquets-exotiques-despagne\/"]}]},{"@type":"ImageObject","inLanguage":"fr-FR","@id":"https:\/\/mappingspain.com\/fr\/les-perroquets-exotiques-despagne\/#primaryimage","url":"https:\/\/mappingspain.com\/wp-content\/uploads\/2020\/10\/The-exotic-Green-Parrots-of-Spain-1.jpg","contentUrl":"https:\/\/mappingspain.com\/wp-content\/uploads\/2020\/10\/The-exotic-Green-Parrots-of-Spain-1.jpg","width":1200,"height":846},{"@type":"BreadcrumbList","@id":"https:\/\/mappingspain.com\/fr\/les-perroquets-exotiques-despagne\/#breadcrumb","itemListElement":[{"@type":"ListItem","position":1,"name":"Home","item":"https:\/\/mappingspain.com\/fr\/"},{"@type":"ListItem","position":2,"name":"Les perroquets &#8220;exotiques&#8221; d&#8217;Espagne"}]},{"@type":"WebSite","@id":"https:\/\/mappingspain.com\/fr\/#website","url":"https:\/\/mappingspain.com\/fr\/","name":"Mapping Spain","description":"Everything Spain!","potentialAction":[{"@type":"SearchAction","target":{"@type":"EntryPoint","urlTemplate":"https:\/\/mappingspain.com\/fr\/?s={search_term_string}"},"query-input":{"@type":"PropertyValueSpecification","valueRequired":true,"valueName":"search_term_string"}}],"inLanguage":"fr-FR"},{"@type":"Person","@id":"https:\/\/mappingspain.com\/fr\/#\/schema\/person\/1e3c8dae7a8d66a64591f1b41c8b1101","name":"Frank","image":{"@type":"ImageObject","inLanguage":"fr-FR","@id":"https:\/\/secure.gravatar.com\/avatar\/a5454735bd4b74c9d0a1bf1f04caac3dbd7f217c7c7fa65d5b39d98bbeab8b4e?s=96&d=mm&r=g","url":"https:\/\/secure.gravatar.com\/avatar\/a5454735bd4b74c9d0a1bf1f04caac3dbd7f217c7c7fa65d5b39d98bbeab8b4e?s=96&d=mm&r=g","contentUrl":"https:\/\/secure.gravatar.com\/avatar\/a5454735bd4b74c9d0a1bf1f04caac3dbd7f217c7c7fa65d5b39d98bbeab8b4e?s=96&d=mm&r=g","caption":"Frank"}}]}},"featured_image_src":"https:\/\/mappingspain.com\/wp-content\/uploads\/2020\/10\/The-exotic-Green-Parrots-of-Spain-1-600x400.jpg","featured_image_src_square":"https:\/\/mappingspain.com\/wp-content\/uploads\/2020\/10\/The-exotic-Green-Parrots-of-Spain-1-600x600.jpg","author_info":{"display_name":"Frank","author_link":"https:\/\/mappingspain.com\/fr\/author\/frank\/"},"_links":{"self":[{"href":"https:\/\/mappingspain.com\/fr\/wp-json\/wp\/v2\/posts\/9177","targetHints":{"allow":["GET"]}}],"collection":[{"href":"https:\/\/mappingspain.com\/fr\/wp-json\/wp\/v2\/posts"}],"about":[{"href":"https:\/\/mappingspain.com\/fr\/wp-json\/wp\/v2\/types\/post"}],"author":[{"embeddable":true,"href":"https:\/\/mappingspain.com\/fr\/wp-json\/wp\/v2\/users\/2"}],"replies":[{"embeddable":true,"href":"https:\/\/mappingspain.com\/fr\/wp-json\/wp\/v2\/comments?post=9177"}],"version-history":[{"count":6,"href":"https:\/\/mappingspain.com\/fr\/wp-json\/wp\/v2\/posts\/9177\/revisions"}],"predecessor-version":[{"id":15724,"href":"https:\/\/mappingspain.com\/fr\/wp-json\/wp\/v2\/posts\/9177\/revisions\/15724"}],"wp:featuredmedia":[{"embeddable":true,"href":"https:\/\/mappingspain.com\/fr\/wp-json\/wp\/v2\/media\/9179"}],"wp:attachment":[{"href":"https:\/\/mappingspain.com\/fr\/wp-json\/wp\/v2\/media?parent=9177"}],"wp:term":[{"taxonomy":"category","embeddable":true,"href":"https:\/\/mappingspain.com\/fr\/wp-json\/wp\/v2\/categories?post=9177"},{"taxonomy":"post_tag","embeddable":true,"href":"https:\/\/mappingspain.com\/fr\/wp-json\/wp\/v2\/tags?post=9177"}],"curies":[{"name":"wp","href":"https:\/\/api.w.org\/{rel}","templated":true}]}}